{"id":60701,"date":"2025-04-01T10:00:50","date_gmt":"2025-04-01T08:00:50","guid":{"rendered":"https:\/\/ticker-noticiasep.microcontenidos.com\/NoticiaRSS.vbhtml?user=FRND562DLP&amp;cod=20250401100050"},"modified":"2025-04-01T10:00:50","modified_gmt":"2025-04-01T08:00:50","slug":"sociedad-mas-de-2-millones-de-cerezos-del-valle-del-jerte-ya-estan-en-flor-y-las-primeras-cerezas-llegaran-en-40-dias","status":"publish","type":"post","link":"https:\/\/webciudadana.net\/?p=60701","title":{"rendered":"Sociedad: M\u00e1s de 2 millones de cerezos del Valle del Jerte ya est\u00e1n en flor y las primeras cerezas llegar\u00e1n en 40 d\u00edas"},"content":{"rendered":"\n<div><img decoding=\"async\" src=\"https:\/\/img.europapress.es\/fotoweb\/fotonoticia_20250401100050_300.jpg\" class=\"ff-og-image-inserted\"><\/div>\n<p>(Informaci\u00f3n remitida por la empresa firmante)<\/p>\n<p>\n-El presidente de la D.O.P destaca que tienen \u201cbuenas perspectivas\u201d para esta campa\u00f1a y esperan certificar entre 4 y 6 millones de kilos de cereza y picota<\/p>\n<p>\n-La certificaci\u00f3n de nuevas variedades de cereza es la gran novedad de cara a esta campa\u00f1a y una \u201cgran noticia\u201d para la D.O.P<\/p>\n<p>\nValle del Jerte, 1 de abril de 2025.- M\u00e1s de dos millones de cerezos del Valle del Jerte han iniciado su proceso de floraci\u00f3n, ti\u00f1endo el paisaje de blanco y dando lugar a uno de los espect\u00e1culos m\u00e1s famosos de la primavera. Tras la floraci\u00f3n, las primeras cerezas llegar\u00e1n dentro de 35 o 40 d\u00edas y las picotas se esperan para junio, aproximadamente, seg\u00fan el Consejo Regulador de la Denominaci\u00f3n de Origen Protegida Cereza del Jerte.<\/p>\n<p> El presidente de la D.O.P Cereza del Jerte, Jos\u00e9 Antonio Tierno, ha destacado que tienen \u201cbuenas perspectivas\u201d para esta campa\u00f1a. Seg\u00fan ha explicado, las condiciones clim\u00e1ticas de este a\u00f1o, con lluvias abundantes y temperaturas m\u00e1s fr\u00edas, han provocado un \u201cligero retraso\u201d en la floraci\u00f3n con respecto a campa\u00f1as anteriores. Sin embargo, Tierno ha se\u00f1alado que esta situaci\u00f3n es \u201cnatural y beneficiosa para el cultivo, ya que contribuye a un desarrollo \u00f3ptimo de los cerezos y puede favorecer una producci\u00f3n de mayor calidad\u201d.<\/p>\n<p> La Denominaci\u00f3n de Origen Protegida Cereza del Jerte espera certificar entre dos y tres millones de kilos de cereza y la misma cantidad de picota, lo que ascender\u00eda a un total de entre cuatro y seis millones de kilos de fruta. \u201cSi las condiciones clim\u00e1ticas lo permiten, esperamos certificar una producci\u00f3n significativa de cereza y picota del Jerte\u201d, ha expresado Tierno.<\/p>\n<p> Un cultivo con siglos de tradici\u00f3n en un entorno \u00fanico<\/p>\n<p>\nUbicado en el norte de Extremadura, el Valle del Jerte es un enclave \u00fanico donde los cerezos se cultivan en bancales de monta\u00f1a, siguiendo una tradici\u00f3n familiar que se ha transmitido durante siglos. \u00abLas condiciones del valle, con su microclima y orograf\u00eda, hacen que nuestras cerezas sean \u00fanicas y que la picota del Jerte, una variedad aut\u00f3ctona, se distinga por su calidad\u00bb, ha destacado Tierno.*<\/p>\n<p>\nSu cultivo natural y su recogida de manera tradicional multiplican sus propiedades y permiten que lleguen a los mercados en el momento \u00f3ptimo para su consumo. Estos frutos son una buena fuente de salud porque contienen ocho vitaminas, hierro, magnesio, calcio, una gran cantidad de antioxidantes y fibra.<\/p>\n<p> Con la floraci\u00f3n en marcha y la campa\u00f1a en el horizonte, el Valle del Jerte se prepara para una temporada en la que tradici\u00f3n, calidad e innovaci\u00f3n se combinan para ofrecer un producto \u00fanico en el mercado.<\/p>\n<p> Consejo Regulador de la Denominaci\u00f3n de Origen Protegida Cereza del Jerte:<\/p>\n<p>\nEl Consejo Regulador de Denominaci\u00f3n de Origen Protegida Cereza del Jerte es una entidad que trabaja para promocionar y certificar el origen y la calidad de los productos protegidos.<\/p>\n<p> Europa Press Comunicaci\u00f3n: 91 359 26 00<\/p>\n<p>\nIc\u00edar D\u00edaz iciardiaz@europapress.es<\/p>\n<p>\nMart\u00edn Mora martinmora@europapress.es<\/p>\n<p>\nSusana Sedano susanasedano@europapress.es<\/p>\n<p>\nVirginia Garc\u00eda virginiagarcia@europapress.es<\/p>\n<p>\nConsejo Regulador D.O.P. Cereza del Jerte: 927 47 11 01\/03<\/p>\n<p>\nMar Palacios picota@cerezadeljerte.org<\/p>\n<p>\nwww.cerezadeljerte.org<\/p>\n","protected":false},"excerpt":{"rendered":"<p>(Informaci\u00f3n remitida por la empresa firmante) -El presidente de la D.O.P destaca que tienen \u201cbuenas perspectivas\u201d para esta campa\u00f1a y esperan certificar entre 4 y 6 millones de kilos de cereza y picota -La certificaci\u00f3n de nuevas variedades de cereza es la gran novedad de cara a esta campa\u00f1a y una \u201cgran noticia\u201d para la [&hellip;]<\/p>\n","protected":false},"author":1,"featured_media":0,"comment_status":"closed","ping_status":"closed","sticky":false,"template":"","format":"standard","meta":{"footnotes":""},"categories":[2],"tags":[],"class_list":["post-60701","post","type-post","status-publish","format-standard","hentry","category-noticias"],"_links":{"self":[{"href":"https:\/\/webciudadana.net\/index.php?rest_route=\/wp\/v2\/posts\/60701","targetHints":{"allow":["GET"]}}],"collection":[{"href":"https:\/\/webciudadana.net\/index.php?rest_route=\/wp\/v2\/posts"}],"about":[{"href":"https:\/\/webciudadana.net\/index.php?rest_route=\/wp\/v2\/types\/post"}],"author":[{"embeddable":true,"href":"https:\/\/webciudadana.net\/index.php?rest_route=\/wp\/v2\/users\/1"}],"replies":[{"embeddable":true,"href":"https:\/\/webciudadana.net\/index.php?rest_route=%2Fwp%2Fv2%2Fcomments&post=60701"}],"version-history":[{"count":0,"href":"https:\/\/webciudadana.net\/index.php?rest_route=\/wp\/v2\/posts\/60701\/revisions"}],"wp:attachment":[{"href":"https:\/\/webciudadana.net\/index.php?rest_route=%2Fwp%2Fv2%2Fmedia&parent=60701"}],"wp:term":[{"taxonomy":"category","embeddable":true,"href":"https:\/\/webciudadana.net\/index.php?rest_route=%2Fwp%2Fv2%2Fcategories&post=60701"},{"taxonomy":"post_tag","embeddable":true,"href":"https:\/\/webciudadana.net\/index.php?rest_route=%2Fwp%2Fv2%2Ftags&post=60701"}],"curies":[{"name":"wp","href":"https:\/\/api.w.org\/{rel}","templated":true}]}}