{"id":60706,"date":"2025-04-01T13:01:33","date_gmt":"2025-04-01T11:01:33","guid":{"rendered":"https:\/\/ticker-noticiasep.microcontenidos.com\/NoticiaRSS.vbhtml?user=FRND562DLP&amp;cod=20250401130133"},"modified":"2025-04-01T13:01:33","modified_gmt":"2025-04-01T11:01:33","slug":"mundo-esteve-firma-un-acuerdo-de-licencia-para-un-tratamiento-de-la-deficiencia-grave-primaria-del-factor-igf-1","status":"publish","type":"post","link":"https:\/\/webciudadana.net\/?p=60706","title":{"rendered":"Mundo: ESTEVE firma un acuerdo de licencia para un tratamiento de la deficiencia grave primaria del factor IGF-1."},"content":{"rendered":"\n<div><img decoding=\"async\" src=\"https:\/\/img.europapress.es\/fotoweb\/fotonoticia_20250401130133_300.jpg\" class=\"ff-og-image-inserted\"><\/div>\n<p>(Informaci\u00f3n remitida por la empresa firmante)<\/p>\n<p>\nCon la incorporaci\u00f3n de este tratamiento, para esta enfermedad rara, ESTEVE reafirma su compromiso para atender necesidades m\u00e9dicas y de pacientes no cubiertas.<\/p>\n<p> BARCELONA, Espa\u00f1a, 1 de abril de 2025 \/PRNewswire\/ &#8212; ESTEVE ha firmado un acuerdo de licencia y suministro con Eton Pharmaceuticals, para adquirir los derechos globales de Increlex\u00ae, excepto para EE.UU.<\/p>\n<p> Este producto biol\u00f3gico, el primero del porfolio de ESTEVE, se utiliza para el tratamiento a largo plazo del retraso del crecimiento, en pacientes de 2 a 18 a\u00f1os, debido a una afecci\u00f3n conocida como deficiencia grave primaria del factor de crecimiento insulinoide tipo 1 (IGF-1)1.<\/p>\n<p> Las y los pacientes con esta afecci\u00f3n presentan niveles bajos de la hormona del factor de crecimiento insul\u00ednico tipo 1 o IGF-1, necesaria para un crecimiento normal1.<\/p>\n<p> \u00abComo trastorno poco frecuente, las personas con esta enfermedad suelen enfrentarse a dificultades asociadas con la recepci\u00f3n tard\u00eda de un diagn\u00f3stico correcto, lo que conlleva un retraso en el inicio del tratamiento y un acceso limitado a la terapia adecuada. Esto tiene un impacto considerable en la salud f\u00edsica y en su calidad de vida 2. El conocimiento de la enfermedad y el enfoque multidisciplinario son fundamentales para mejorar la vida de estas personas. Este est\u00e1ndar de atenci\u00f3n m\u00e9dica se alinea perfectamente con nuestra estrategia, centrada en tratamientos altamente especializados para necesidades m\u00e9dicas y de pacientes no cubiertas\u00bb, confirm\u00f3 Jos\u00e9 Mar\u00eda Gim\u00e9nez Arnau, Chief Scientific &amp; Medical Officer de ESTEVE.<\/p>\n<p>\nIncrelex\u00ae fue designado \u00abmedicamento hu\u00e9rfano\u00bb (un medicamento utilizado en enfermedades raras) en 20061. Est\u00e1 aprobado por la Administraci\u00f3n de Alimentos y Medicamentos de los Estados Unidos (FDA)3 y la Agencia Europea de Medicamentos (EMA)1 y autorizado en 40 territorios.<\/p>\n<p>\nReferencias <\/p>\n<p>\nSobre ESTEVE<\/p>\n<p>\nESTEVE (www.esteve.com) es una empresa farmac\u00e9utica global con un prop\u00f3sito claro: mejorar la vida de las personas. Fundada en 1929 y con sede en Barcelona, ESTEVE tiene una s\u00f3lida presencia internacional, con filiales en Espa\u00f1a, Portugal, Italia, Alemania, Francia, el Reino Unido y Estados Unidos.<\/p>\n<p> ESTEVE se enfoca en ofrecer soluciones innovadoras y altamente especializadas para abordar necesidades terap\u00e9uticas no cubiertas. Adem\u00e1s de su actividad en el sector farmac\u00e9utico, proporciona servicios de desarrollo y fabricaci\u00f3n de principios activos farmac\u00e9uticos a terceros (CMO). Sus instalaciones de vanguardia en Espa\u00f1a, M\u00e9xico y China garantizan los m\u00e1s altos est\u00e1ndares de calidad y eficiencia.<\/p>\n<p> El firme compromiso de ESTEVE con sus valores fundamentales\u2014las personas son lo primero, transparencia y responsabilidad\u2014permanece en el centro de todo lo que hace.<\/p>\n<p> Para m\u00e1s informaci\u00f3n: <\/p>\n<p>\nIrene Sim\u00f3n, Head of Global External Communications &amp; ESG, ESTEVE <\/p>\n<p>\nTel.+34 934 466 000 \u2013 isimon@esteve.com<\/p>\n<p>\nGemma Mestre, External &amp; Digital Communications Manager, ESTEVE <\/p>\n<p>\nTel.+34 934 466 000 \u2013 gmestre@esteve.com<\/p>\n<p>\nLogo &#8212; https:\/\/mma.prnewswire.com\/media\/2649909\/ESTEVE_Logo.jpg<\/p>\n<p> View original content:https:\/\/www.prnewswire.com\/news-releases\/esteve-firma-un-acuerdo-de-licencia-para-un-tratamiento-de-la-deficiencia-grave-primaria-del-factor-igf-1-302416891.html<\/p>\n","protected":false},"excerpt":{"rendered":"<p>(Informaci\u00f3n remitida por la empresa firmante) Con la incorporaci\u00f3n de este tratamiento, para esta enfermedad rara, ESTEVE reafirma su compromiso para atender necesidades m\u00e9dicas y de pacientes no cubiertas. BARCELONA, Espa\u00f1a, 1 de abril de 2025 \/PRNewswire\/ &#8212; ESTEVE ha firmado un acuerdo de licencia y suministro con Eton Pharmaceuticals, para adquirir los derechos globales [&hellip;]<\/p>\n","protected":false},"author":1,"featured_media":0,"comment_status":"closed","ping_status":"closed","sticky":false,"template":"","format":"standard","meta":{"footnotes":""},"categories":[2],"tags":[],"class_list":["post-60706","post","type-post","status-publish","format-standard","hentry","category-noticias"],"_links":{"self":[{"href":"https:\/\/webciudadana.net\/index.php?rest_route=\/wp\/v2\/posts\/60706","targetHints":{"allow":["GET"]}}],"collection":[{"href":"https:\/\/webciudadana.net\/index.php?rest_route=\/wp\/v2\/posts"}],"about":[{"href":"https:\/\/webciudadana.net\/index.php?rest_route=\/wp\/v2\/types\/post"}],"author":[{"embeddable":true,"href":"https:\/\/webciudadana.net\/index.php?rest_route=\/wp\/v2\/users\/1"}],"replies":[{"embeddable":true,"href":"https:\/\/webciudadana.net\/index.php?rest_route=%2Fwp%2Fv2%2Fcomments&post=60706"}],"version-history":[{"count":0,"href":"https:\/\/webciudadana.net\/index.php?rest_route=\/wp\/v2\/posts\/60706\/revisions"}],"wp:attachment":[{"href":"https:\/\/webciudadana.net\/index.php?rest_route=%2Fwp%2Fv2%2Fmedia&parent=60706"}],"wp:term":[{"taxonomy":"category","embeddable":true,"href":"https:\/\/webciudadana.net\/index.php?rest_route=%2Fwp%2Fv2%2Fcategories&post=60706"},{"taxonomy":"post_tag","embeddable":true,"href":"https:\/\/webciudadana.net\/index.php?rest_route=%2Fwp%2Fv2%2Ftags&post=60706"}],"curies":[{"name":"wp","href":"https:\/\/api.w.org\/{rel}","templated":true}]}}