{"id":60731,"date":"2025-04-02T09:30:49","date_gmt":"2025-04-02T07:30:49","guid":{"rendered":"https:\/\/ticker-noticiasep.microcontenidos.com\/NoticiaRSS.vbhtml?user=FRND562DLP&amp;cod=20250402093049"},"modified":"2025-04-02T09:30:49","modified_gmt":"2025-04-02T07:30:49","slug":"el-pool-electrico-dara-una-tregua-en-la-primavera-mas-competitiva-con-precios-alrededor-de-30e-mwh","status":"publish","type":"post","link":"https:\/\/webciudadana.net\/?p=60731","title":{"rendered":"El pool el\u00e9ctrico dar\u00e1 una tregua en la primavera m\u00e1s competitiva con precios alrededor de 30\u20ac\/Mwh"},"content":{"rendered":"\n<div><img decoding=\"async\" src=\"https:\/\/img.europapress.es\/fotoweb\/fotonoticia_20250402093049_300.jpg\" class=\"ff-og-image-inserted\"><\/div>\n<p>(Informaci\u00f3n remitida por la empresa firmante)<\/p>\n<p>\nDespu\u00e9s del marzo m\u00e1s caro de la historia, sin exceptuar los a\u00f1os de la crisis energ\u00e9tica, y con las energ\u00edas verdes a la cabeza, el pool energ\u00e9tico de los pr\u00f3ximos dos meses se presenta competitivo manteniendo a las verdes a pleno rendimiento<\/p>\n<p>\nLos futuros se muestran indecisos ante la incertidumbre en cuanto a la guerra de Ucrania, pendiente de la aprobaci\u00f3n de las medidas de inyecci\u00f3n de reservas y con China liberando los vol\u00famenes para Europa<\/p>\n<p>\nEl abastecimiento del brent se mantendr\u00e1 en el pr\u00f3ximo trimestre, pero los mercados mantienen la mirada en las sanciones de Estados Unidos y en c\u00f3mo la OPEP frenar\u00e1 las posibles lesiones que pueda ocasionar la administraci\u00f3n Trump<\/p>\n<p>\nSevilla, 2 de abril de 2025.- La electricidad en el mes de marzo ha sido la m\u00e1s cara de la historia, sin contar los a\u00f1os 2022 y 2023, a pesar de tener a favor a las energ\u00edas verdes. Los pr\u00f3ximos dos meses, el pool el\u00e9ctrico se mantendr\u00e1 competitivo gracias a la terna de las energ\u00edas verdes. Con una hidra\u00falica en \u201cestado de gracia\u201d con los embalses hidroel\u00e9ctricos situ\u00e1ndose al 80% y provocando en reiteradas ocasiones el milagro de la turbinaci\u00f3n a coste cero.* El director general de la consultora Tempos Energ\u00eda, Antonio Aceituno, analiza lo que puede pasar en los pr\u00f3ximos meses: \u201chay altas posibilidades de disfrutar de una primavera a\u00fan m\u00e1s competitiva que la pasada, donde los precios se sit\u00faen de manera constante por debajo de los 30 euros el megavatio la hora\u201d.<\/p>\n<p> Sin embargo, una vez cerrada este tramo positivo en el tiempo el CEO de Tempos Energ\u00eda explica que \u201ccon el viento disminuyendo y el aumento de las temperaturas, en el mejor de los casos, el mix energ\u00e9tico se enfrentar\u00e1 a un gas un 50% m\u00e1s caro que el a\u00f1o pasado, lo que podr\u00eda arrojar precios del pool por encima de los 60 euros el megavatio hora\u201d.<\/p>\n<p> Efecto t\u00fanel en el mercado de los futuros el\u00e9ctricos<\/p>\n<p>\nCon la mirada puesta en los futuros el\u00e9ctricos, el indicador de los contratos de electricidad, el TTF del pr\u00f3ximo mes se mantiene en una tensa espera en un t\u00fanel de precios durante gran parte del mes de marzo con una media de 41,88 euros el megavatio la hora y una volatilidad del 2,15%. El tercer cuatrimestre dibuja un panorama con un promedio de 76,29 euros y un \u00faltimo trimestre apenas sin movimiento, en un m\u00e1ximo en los 82,50 y un m\u00ednimo de 79,70 euros el megavatio la hora.<\/p>\n<p> La explicaci\u00f3n a este escenario se debe a tres acontecimientos. El primero de ellos, un mercado indeciso que se muestra a la espera de se\u00f1ales. La perspectiva de un fin de guerra en Ucrania ha hecho bajar los precios, eso lleva impl\u00edcito el regreso de los flujos rusos. Sin embargo, como apunta Aceituno: \u201cla continuaci\u00f3n del conflicto no genera grandes esperanzas de un r\u00e1pido final, y es ah\u00ed donde se encuentra la incertidumbre\u201d, explica el director de Tempos Energ\u00eda.<\/p>\n<p> En segundo lugar, existe una \u201cenorme cautela y preocupaci\u00f3n\u201d de cara al inicio de la temporada de inyecci\u00f3n. Encontramos las reservas m\u00e1s bajas desde el 2022, ya que se encuentran al 33,60% ya que las reservas se encuentran al 33,60%, lo que representa un 43% menos que el a\u00f1o anterior. Adem\u00e1s, a ello hay que a\u00f1adir que a\u00fan no se han aprobado en torno a las medidas de flexibilidad. En \u00faltimo lugar, desde el equipo de la consultora energ\u00e9tica Tempos Energ\u00eda, se pone el foco en la menor demanda de GNL de China, y lo califica Antonio Aceituno como \u201ctodo un alivio, ya que est\u00e1 liberando importantes vol\u00famenes para Europa. Se espera que las importaciones del pa\u00eds caigan un 22% en los tres primeros meses del a\u00f1o, con respecto al a\u00f1o 2024\u201d<\/p>\n<p>\nEl precio del gas pende de las reservas, del acuerdo de paz y la recuperaci\u00f3n de China<\/p>\n<p>\nSeg\u00fan el an\u00e1lisis del equipo de compras de Tempos Energ\u00eda, todo el mercado gas\u00edstico y, por consiguiente, el el\u00e9ctrico, est\u00e1 pendiente de tres vectores decisivos. Por un lado, las reservas actuales van a implicar que la demanda de inyecci\u00f3n aumente con respecto el a\u00f1o anterior. Posiblemente, se necesiten entre 150 y 160 cargamentos m\u00e1s de lo normal, lo que podr\u00eda disparar el precio.<\/p>\n<p> Por otra parte, la gran parte del mercado comienza a vislumbrar la lejan\u00eda de cualquier acuerdo de paz en Ucrania. Se va a necesitar tiempo para la reactivaci\u00f3n t\u00e9cnica sea una realidad. En \u00faltimo lugar, el CEO de Tempos Energ\u00eda, se fija en el consumo de China. \u201cla previsi\u00f3n es que las importaciones de Gas Natural Licuado disminuyan un 22% interanual en marzo\u201d.* Lo m\u00e1s importante es que el mercado asi\u00e1tico podr\u00eda experimentar una recuperaci\u00f3n en los pr\u00f3ximos meses, en el caso de que se presente un verano sumamente caluroso y crezca la demanda de aire acondicionado.<\/p>\n<p> Las sanciones estadounidenses y el escudo de la OPEP marcan el brent<\/p>\n<p>\nDesde el departamento de compras de Tempos esperan que el mercado del crudo se mantenga abastecido de cara al pr\u00f3ximo trimestre. La sensaci\u00f3n es que los mercados f\u00edsicos est\u00e1n sufriendo un ajuste debido a la tormenta de sanciones por parte de Estados Unidos. Existe, por un lado, el temor de un crecimiento lento, y, por otro, un posible ajuste del mercado debido a las sanciones. Antonio Aceituno, CEO de Tempos Energ\u00eda explica que: \u201ccreemos que los riesgos de recesi\u00f3n, a corto plazo, podr\u00edan aparecer, lo que nos lleva a pensar que el brent puede acercarse a los 65 d\u00f3lares, el m\u00ednimo de casi cuatro a\u00f1os\u201d.<\/p>\n<p> Los futuros del brent a\u00fan cotizan casi un 7%, 5,41 d\u00f3lares por debajo con respecto del m\u00e1ximo de 77,74 d\u00f3lares por barril. La amenaza de los aranceles que reducen el crecimiento se ve contrastada por el riesgo de sanciones a productores clave como Ir\u00e1n, que en el pasado mes de febrero bombe\u00f3 3,23 miles de barriles diarios. Sin embargo, el balanceo viene a trav\u00e9s de la OPEP que podr\u00eda aumentar la producci\u00f3n precisamente, en previsi\u00f3n de posibles sanciones estadounidenses, lo que ayudar\u00eda a compensar la p\u00e9rdida de hasta 1,5 miles de barriles diarios de exportaciones del Golfo P\u00e9rsico y as\u00ed no desestabilizar los precios mundiales del petr\u00f3leo.<\/p>\n<p> Sobre Tempos Energ\u00eda<\/p>\n<p>\nTempos Energ\u00eda es una consultora energ\u00e9tica independiente con 15 a\u00f1os de experiencia, especializada en la compra de energ\u00eda, gas y electricidad para grandes centros de consumo. Su enfoque siempre se dirige a la mejora de la cuenta de resultados, aplicando el conocimiento y estudio diario de los mercados, con el fin de implementar estrategias capaces de anticiparse a los acontecimientos adversos.Con m\u00e1s de 100 clientes en cartera, y cerca de 200 puntos de suministro con perfil industrial gestionados (CUPS), superando anualmente los 1.500 GWh de electricidad, y 750 gigas de gas bajo su supervisi\u00f3n, Tempos Energ\u00eda desarrolla informes y an\u00e1lisis basados en datos reales para respaldar decisiones eficientes.<\/p>\n<p> Contacto de Prensa:<\/p>\n<p>\nSandra Delgado<\/p>\n<p>\n91 359 26 00 (Ext. 349)*\/\/ 600 90 50 85<\/p>\n<p>\nsandradelgado@europapress.es<\/p>\n<p>\nLeopoldo Eduardo Alonso Llofriu<\/p>\n<p>\n95 492 49 00 \/\/ 600 90 56 25<\/p>\n<p>\nleopoldoalonso@europapress.es<\/p>\n","protected":false},"excerpt":{"rendered":"<p>(Informaci\u00f3n remitida por la empresa firmante) Despu\u00e9s del marzo m\u00e1s caro de la historia, sin exceptuar los a\u00f1os de la crisis energ\u00e9tica, y con las energ\u00edas verdes a la cabeza, el pool energ\u00e9tico de los pr\u00f3ximos dos meses se presenta competitivo manteniendo a las verdes a pleno rendimiento Los futuros se muestran indecisos ante la [&hellip;]<\/p>\n","protected":false},"author":1,"featured_media":0,"comment_status":"closed","ping_status":"closed","sticky":false,"template":"","format":"standard","meta":{"footnotes":""},"categories":[2],"tags":[],"class_list":["post-60731","post","type-post","status-publish","format-standard","hentry","category-noticias"],"_links":{"self":[{"href":"https:\/\/webciudadana.net\/index.php?rest_route=\/wp\/v2\/posts\/60731","targetHints":{"allow":["GET"]}}],"collection":[{"href":"https:\/\/webciudadana.net\/index.php?rest_route=\/wp\/v2\/posts"}],"about":[{"href":"https:\/\/webciudadana.net\/index.php?rest_route=\/wp\/v2\/types\/post"}],"author":[{"embeddable":true,"href":"https:\/\/webciudadana.net\/index.php?rest_route=\/wp\/v2\/users\/1"}],"replies":[{"embeddable":true,"href":"https:\/\/webciudadana.net\/index.php?rest_route=%2Fwp%2Fv2%2Fcomments&post=60731"}],"version-history":[{"count":0,"href":"https:\/\/webciudadana.net\/index.php?rest_route=\/wp\/v2\/posts\/60731\/revisions"}],"wp:attachment":[{"href":"https:\/\/webciudadana.net\/index.php?rest_route=%2Fwp%2Fv2%2Fmedia&parent=60731"}],"wp:term":[{"taxonomy":"category","embeddable":true,"href":"https:\/\/webciudadana.net\/index.php?rest_route=%2Fwp%2Fv2%2Fcategories&post=60731"},{"taxonomy":"post_tag","embeddable":true,"href":"https:\/\/webciudadana.net\/index.php?rest_route=%2Fwp%2Fv2%2Ftags&post=60731"}],"curies":[{"name":"wp","href":"https:\/\/api.w.org\/{rel}","templated":true}]}}