{"id":60737,"date":"2025-04-02T10:57:03","date_gmt":"2025-04-02T08:57:03","guid":{"rendered":"https:\/\/ticker-noticiasep.microcontenidos.com\/NoticiaRSS.vbhtml?user=FRND562DLP&amp;cod=20250402105703"},"modified":"2025-04-02T10:57:03","modified_gmt":"2025-04-02T08:57:03","slug":"sociedad-la-semana-santa-de-tordesillas-aspira-a-ser-fiesta-de-interes-turistico-nacional","status":"publish","type":"post","link":"https:\/\/webciudadana.net\/?p=60737","title":{"rendered":"Sociedad: La Semana Santa de Tordesillas aspira a ser Fiesta de Inter\u00e9s Tur\u00edstico Nacional"},"content":{"rendered":"\n<div><img decoding=\"async\" src=\"https:\/\/img.europapress.es\/fotoweb\/fotonoticia_20250402105703_300.jpg\" class=\"ff-og-image-inserted\"><\/div>\n<p>(Informaci\u00f3n remitida por la empresa firmante)<\/p>\n<p> VALLADOLID, 2 de abril de 2025. <\/p>\n<p> Tordesillas se prepara para vivir una de las celebraciones m\u00e1s esperadas del a\u00f1o: su Semana Santa, un acontecimiento religioso y cultural que atrae a vecinos y visitantes en una manifestaci\u00f3n de fe y tradici\u00f3n con siglos de historia.<\/p>\n<p> La Semana Santa de Tordesillas tiene sus ra\u00edces en tiempos medievales, aunque su consolidaci\u00f3n como la conocemos hoy en d\u00eda comenz\u00f3 en el siglo XVI.<\/p>\n<p> La Semana Santa no solo es un evento religioso, sino tambi\u00e9n un atractivo tur\u00edstico de primer nivel.<\/p>\n<p> Durante estos d\u00edas, Tordesillas recibe a miles de visitantes que llegan para vivir la pasi\u00f3n y solemnidad de las procesiones, as\u00ed como para disfrutar de su rica gastronom\u00eda y patrimonio hist\u00f3rico.<\/p>\n<p> Tordesillas es un municipio situado en un importante nudo de comunicaciones por carretera, un lugar lleno de historia, su casco antiguo fue declarado Conjunto Hist\u00f3rico Art\u00edstico en 1977.<\/p>\n<p> Tordesillas es famosa por la firma del&nbsp;Tratado de Tordesillas,&nbsp;el 7 de junio de 1494.<\/p>\n<p> Tambi\u00e9n es conocida porque la reina Juana I de Castilla, conocida como&nbsp;Juana La Loca, estuvo recluida en su Palacio Real durante 46 a\u00f1os, convirtiendo a la villa en la capital del reino.<\/p>\n<p> Este a\u00f1o, la Semana Santa de Tordesillas adquiere un car\u00e1cter especial al conmemorarse el 50 aniversario de la Junta de Semana Santa, entidad que ha sido clave en la organizaci\u00f3n y promoci\u00f3n de esta festividad, declarada de Inter\u00e9s Tur\u00edstico Regional en 1996 y con aspiraciones a obtener la distinci\u00f3n de Fiesta de Inter\u00e9s Tur\u00edstico Nacional.<\/p>\n<p> Desde su fundaci\u00f3n en 1975, la Junta de Semana Santa de Tordesillas ha trabajado incansablemente para preservar y realzar la esencia de esta celebraci\u00f3n.<\/p>\n<p> Gracias a su esfuerzo, la Semana Santa ha crecido en participaci\u00f3n y reconocimiento, convirti\u00e9ndose en una de las expresiones m\u00e1s relevantes de la religiosidad popular en Castilla y Le\u00f3n.<\/p>\n<p> La declaraci\u00f3n de Inter\u00e9s Tur\u00edstico Regional fue un hito que reconoce la importancia cultural, hist\u00f3rica y tur\u00edstica de esta festividad, en la que se mezclan arte, tradici\u00f3n y fervor.<\/p>\n<p> Ahora, con la mirada puesta en el reconocimiento nacional, Tordesillas sigue apostando por la calidad y autenticidad de sus procesiones y actos lit\u00fargicos.<\/p>\n<p> Procesiones emblem\u00e1ticas La Semana Santa en Tordesillas se distingue por la solemnidad de sus procesiones y la belleza de sus pasos, muchos de ellos con un gran valor hist\u00f3rico y art\u00edstico.<\/p>\n<p> Entre las procesiones que se celebran diariamente en Semana Santa, las m\u00e1s destacadas son la&nbsp;Procesi\u00f3n del Encuentro Doloroso,&nbsp;el mi\u00e9rcoles por la noche en el marco incomparable de la Plaza Mayor, y la&nbsp;Procesi\u00f3n de la Pasi\u00f3n de Cristo&nbsp;el Viernes Santo, donde procesionan catorce pasos acompa\u00f1ados de sus cofrad\u00edas titulares.<\/p>\n<p> Estos desfiles procesionales, enmarcados en el casco hist\u00f3rico de Tordesillas, crean una atm\u00f3sfera de respeto y emoci\u00f3n que cautiva a quienes los presencian.<\/p>\n<p> Un reclamo tur\u00edstico y cultural El Ayuntamiento de Tordesillas y la Junta de Semana Santa trabajan de la mano para ofrecer una programaci\u00f3n de calidad, con conciertos de m\u00fasica sacra, exposiciones de arte religioso y actividades para todos los p\u00fablicos.<\/p>\n<p> Adem\u00e1s, la hosteler\u00eda y el comercio local se ven beneficiados por el aumento del turismo, lo que refuerza la importancia econ\u00f3mica de esta celebraci\u00f3n para la localidad.<\/p>\n<p> El a\u00f1o 2025 traer\u00e1 sorpresas, incluyendo la incorporaci\u00f3n de nuevas bandas locales y la presentaci\u00f3n de una imagen que se sumar\u00e1 a las procesiones en 2026.&nbsp; A esta, se unir\u00e1 la de la Vera Cruz, con la intenci\u00f3n de acompa\u00f1ar a su paso en las procesiones del lunes, jueves, viernes y s\u00e1bado.<\/p>\n<p> En total, participar\u00e1n cinco grupos musicales, distribuidos a lo largo de las doce procesiones, de los cuales tres ser\u00e1n de cornetas y tambores, Santo Cristo del Perd\u00f3n, Nuestro Padre Jes\u00fas Nazareno, y la Vera Cruz y dos exclusivamente de tambores la Oraci\u00f3n en el Huerto y la Tercera Palabra.<\/p>\n<p> Tambi\u00e9n participar\u00e1n en las procesiones, cuatro bandas de cornetas y tambores invitadas por la Junta Local de Semana Santa y la A.<\/p>\n<p> M.<\/p>\n<p> C Banda de Tordesillas.<\/p>\n<p> Para ello, se han intensificado las acciones de difusi\u00f3n y promoci\u00f3n, destacando la singularidad de sus procesiones y el arraigo de la tradici\u00f3n en la vida de la comunidad.<\/p>\n<p> La Semana Santa de Tordesillas es un testimonio vivo de fe, cultura e identidad.<\/p>\n<p> Este 2025, con la conmemoraci\u00f3n del 50\u00ba aniversario de su Junta de Semana Santa, la localidad reafirma su compromiso con la tradici\u00f3n y con el futuro de esta celebraci\u00f3n, que aspira a convertirse en un referente nacional.<\/p>\n<p> Con su mezcla de historia, arte y devoci\u00f3n, la Semana Santa de Tordesillas sigue escribiendo p\u00e1ginas de pasi\u00f3n y fervor, consolid\u00e1ndose como una cita imprescindible en el calendario religioso y tur\u00edstico de Espa\u00f1a.<\/p>\n<p> www.semanasantatordesillas.es<\/p>\n<p>\nEmisor: Junta Local de la Semana Santa de Tordesillas<\/p>\n<p>\nContacto: Antonio Mar\u00eda Garc\u00eda Campos 635106818 gustavo@tramapublicidad.com<\/p>\n","protected":false},"excerpt":{"rendered":"<p>(Informaci\u00f3n remitida por la empresa firmante) VALLADOLID, 2 de abril de 2025. Tordesillas se prepara para vivir una de las celebraciones m\u00e1s esperadas del a\u00f1o: su Semana Santa, un acontecimiento religioso y cultural que atrae a vecinos y visitantes en una manifestaci\u00f3n de fe y tradici\u00f3n con siglos de historia. La Semana Santa de Tordesillas [&hellip;]<\/p>\n","protected":false},"author":1,"featured_media":0,"comment_status":"closed","ping_status":"closed","sticky":false,"template":"","format":"standard","meta":{"footnotes":""},"categories":[2],"tags":[],"class_list":["post-60737","post","type-post","status-publish","format-standard","hentry","category-noticias"],"_links":{"self":[{"href":"https:\/\/webciudadana.net\/index.php?rest_route=\/wp\/v2\/posts\/60737","targetHints":{"allow":["GET"]}}],"collection":[{"href":"https:\/\/webciudadana.net\/index.php?rest_route=\/wp\/v2\/posts"}],"about":[{"href":"https:\/\/webciudadana.net\/index.php?rest_route=\/wp\/v2\/types\/post"}],"author":[{"embeddable":true,"href":"https:\/\/webciudadana.net\/index.php?rest_route=\/wp\/v2\/users\/1"}],"replies":[{"embeddable":true,"href":"https:\/\/webciudadana.net\/index.php?rest_route=%2Fwp%2Fv2%2Fcomments&post=60737"}],"version-history":[{"count":0,"href":"https:\/\/webciudadana.net\/index.php?rest_route=\/wp\/v2\/posts\/60737\/revisions"}],"wp:attachment":[{"href":"https:\/\/webciudadana.net\/index.php?rest_route=%2Fwp%2Fv2%2Fmedia&parent=60737"}],"wp:term":[{"taxonomy":"category","embeddable":true,"href":"https:\/\/webciudadana.net\/index.php?rest_route=%2Fwp%2Fv2%2Fcategories&post=60737"},{"taxonomy":"post_tag","embeddable":true,"href":"https:\/\/webciudadana.net\/index.php?rest_route=%2Fwp%2Fv2%2Ftags&post=60737"}],"curies":[{"name":"wp","href":"https:\/\/api.w.org\/{rel}","templated":true}]}}