{"id":60742,"date":"2025-04-02T14:06:48","date_gmt":"2025-04-02T12:06:48","guid":{"rendered":"https:\/\/ticker-noticiasep.microcontenidos.com\/NoticiaRSS.vbhtml?user=FRND562DLP&#038;cod=20250402140648"},"modified":"2025-04-03T13:30:54","modified_gmt":"2025-04-03T11:30:54","slug":"enrique-tomas-y-baker-baker-lanzan-el-iberiquito-un-croissant-relleno-de-jamon-iberico","status":"publish","type":"post","link":"https:\/\/webciudadana.net\/?p=60742","title":{"rendered":"Enrique Tom\u00e1s y Baker &amp; Baker lanzan el \u201cIberiquito\u00bb: un croissant relleno de jam\u00f3n Ib\u00e9rico"},"content":{"rendered":"<div><img decoding=\"async\" class=\"ff-og-image-inserted\" src=\"https:\/\/img.europapress.es\/fotoweb\/fotonoticia_20250402140648_300.jpg\" \/><\/div>\n<p>(Informaci\u00f3n remitida por la empresa firmante)<\/p>\n<p>Barcelona, 2 de abril de 2025 \u2013 Enrique Tom\u00e1s, l\u00edder internacional en jam\u00f3n ib\u00e9rico, y Baker &amp; Baker, referente global en panader\u00eda, anuncian su alianza estrat\u00e9gica para el lanzamiento del \u00abIberiquito\u00bb, un croissant relleno de jam\u00f3n ib\u00e9rico que marca un hito en la categor\u00eda del producto. Esta colaboraci\u00f3n destaca la capacidad de ambas marcas para unir excelencia y creatividad, consolidando a Enrique Tom\u00e1s como un referente en colaboraciones con empresas l\u00edderes incrementando su portfolio de productos de cobranding.<\/p>\n<p>El \u00abIberiquito\u00bb combina la textura crujiente y artesanal de un croissant premium de tama\u00f1o peque\u00f1o o \u201cbocado\u201d con el inconfundible sabor del jam\u00f3n, en este caso de cebo ib\u00e9rico, ofreciendo una experiencia gastron\u00f3mica \u00fanica que conecta lo mejor de dos tradiciones culinarias.<\/p>\n<p>Este lanzamiento es parte de la estrategia de Enrique Tom\u00e1s de trabajar con empresas destacadas en sus sectores para llevar el jam\u00f3n a nuevos formatos y p\u00fablicos. Seg\u00fan Enrique Tom\u00e1s, fundador de la marca, \u00abnuestra misi\u00f3n es llevar el jam\u00f3n a m\u00e1s gente, en m\u00e1s momentos y de formas sorprendentes. Al colaborar con Baker &amp; Baker, combinamos nuestras fortalezas para ofrecer algo innovador, delicioso y de alta calidad\u00bb. De hecho, esta colaboraci\u00f3n consolida el abanico de productos que la empresa tiene en el gran consumo en alianza con otras marcas, como Gallina Blanca, La Espa\u00f1ola, Frit Ravich, o Torrons Vicens entre otros<\/p>\n<p>Por su parte, Baker &amp; Baker subraya c\u00f3mo este producto responde a las tendencias del mercado, donde los consumidores buscan opciones premium que combinen tradici\u00f3n y modernidad.<\/p>\n<p>El \u201dIberiquito\u00bb estar\u00e1 disponible en puntos de venta de Enrique Tom\u00e1s adem\u00e1s de los seleccionados por Baker &amp; Baker de manera inmediata. Esta colaboraci\u00f3n refuerza el compromiso de ambas marcas con la excelencia, la innovaci\u00f3n y la creaci\u00f3n de productos que marquen la diferencia en el mercado.<\/p>\n<p>Sobre Enrique Tom\u00e1s<\/p>\n<p>Enrique Tom\u00e1s es el Seleccionador Nacional del Jam\u00f3n. La \u00fanica compa\u00f1\u00eda especializada en elegir el mejor jam\u00f3n ib\u00e9rico de sus diferentes or\u00edgenes, pieza por pieza, con un criterio de calidad \u00fanica para poner a disposici\u00f3n del p\u00fablico el mejor producto gastron\u00f3mico que existe. Su objetivo es ponerle nombre al jam\u00f3n en el mundo y poner a este producto en el lugar que se merece. Para lograrlo lleva desde 1982 dedicado a su selecci\u00f3n y comercializaci\u00f3n. Lo que empez\u00f3 como un negocio en el mercado de La Salud en Badalona (Barcelona), es hoy en d\u00eda una empresa internacional con diferentes \u00e1reas de negocio: desde m\u00e1s de un centenar de tiendas a nivel global, a soluciones de calidad para la gran distribuci\u00f3n, productos gourmet en colaboraci\u00f3n con grandes marcas, eventos y diferentes innovaciones con el que llevar el jam\u00f3n y otros productos selectos ib\u00e9ricos a todos los p\u00fablicos posibles. M\u00e1s informaci\u00f3n en www.enriquetomas.com<\/p>\n<p style=\"font-weight: 400;\"><strong>Sobre Croexsa de Baker and Baker:<\/strong><\/p>\n<p style=\"font-weight: 400;\">Croexsa, la marca de Baker &amp; Baker en Espa\u00f1a, opera desde hace m\u00e1s de 40 a\u00f1os y sus valores \u2013calidad, tradici\u00f3n, innovaci\u00f3n y servicio\u2013 hacen de ella la empresa de confianza para el profesional. Fabricamos una amplia gama de productos de panader\u00eda, boller\u00eda y pasteler\u00eda, bajo nuestra propia marca o de licencias, de alta calidad para satisfacer las necesidades de los clientes y consumidores en mercados de toda Europa. Siempre buscando ofrecer innovaciones de vanguardia que satisfagan las nuevas necesidades de los consumidores. M\u00e1s informaci\u00f3n en\u00a0<a href=\"http:\/\/www.croexsa.es\/\" data-saferedirecturl=\"https:\/\/www.google.com\/url?q=http:\/\/www.croexsa.es\/&amp;source=gmail&amp;ust=1743765822289000&amp;usg=AOvVaw3tB9iMLcE0lXbRet4Ycqw_\">www.croexsa.es<\/a><\/p>\n<p>Emisor: Enrique Tom\u00e1s<\/p>\n<p>Contacto:<\/p>\n<p>Laia G\u00f3mez<\/p>\n<p>Responsable de comunicaci\u00f3n<\/p>\n<p>laia.gomez@enriquetomas.com<\/p>\n<p>Tel. +34 664 39 57 71<\/p>\n","protected":false},"excerpt":{"rendered":"<p>(Informaci\u00f3n remitida por la empresa firmante) Barcelona, 2 de abril de 2025 \u2013 Enrique Tom\u00e1s, l\u00edder internacional en jam\u00f3n ib\u00e9rico, y Baker &amp; Baker, referente global en panader\u00eda, anuncian su alianza estrat\u00e9gica para el lanzamiento del \u00abIberiquito\u00bb, un croissant relleno de jam\u00f3n ib\u00e9rico que marca un hito en la categor\u00eda del producto. Esta colaboraci\u00f3n destaca [&hellip;]<\/p>\n","protected":false},"author":1,"featured_media":0,"comment_status":"closed","ping_status":"closed","sticky":false,"template":"","format":"standard","meta":{"footnotes":""},"categories":[2],"tags":[],"class_list":["post-60742","post","type-post","status-publish","format-standard","hentry","category-noticias"],"_links":{"self":[{"href":"https:\/\/webciudadana.net\/index.php?rest_route=\/wp\/v2\/posts\/60742","targetHints":{"allow":["GET"]}}],"collection":[{"href":"https:\/\/webciudadana.net\/index.php?rest_route=\/wp\/v2\/posts"}],"about":[{"href":"https:\/\/webciudadana.net\/index.php?rest_route=\/wp\/v2\/types\/post"}],"author":[{"embeddable":true,"href":"https:\/\/webciudadana.net\/index.php?rest_route=\/wp\/v2\/users\/1"}],"replies":[{"embeddable":true,"href":"https:\/\/webciudadana.net\/index.php?rest_route=%2Fwp%2Fv2%2Fcomments&post=60742"}],"version-history":[{"count":2,"href":"https:\/\/webciudadana.net\/index.php?rest_route=\/wp\/v2\/posts\/60742\/revisions"}],"predecessor-version":[{"id":60776,"href":"https:\/\/webciudadana.net\/index.php?rest_route=\/wp\/v2\/posts\/60742\/revisions\/60776"}],"wp:attachment":[{"href":"https:\/\/webciudadana.net\/index.php?rest_route=%2Fwp%2Fv2%2Fmedia&parent=60742"}],"wp:term":[{"taxonomy":"category","embeddable":true,"href":"https:\/\/webciudadana.net\/index.php?rest_route=%2Fwp%2Fv2%2Fcategories&post=60742"},{"taxonomy":"post_tag","embeddable":true,"href":"https:\/\/webciudadana.net\/index.php?rest_route=%2Fwp%2Fv2%2Ftags&post=60742"}],"curies":[{"name":"wp","href":"https:\/\/api.w.org\/{rel}","templated":true}]}}