{"id":60743,"date":"2025-04-02T14:11:03","date_gmt":"2025-04-02T12:11:03","guid":{"rendered":"https:\/\/ticker-noticiasep.microcontenidos.com\/NoticiaRSS.vbhtml?user=FRND562DLP&amp;cod=20250402141103"},"modified":"2025-04-02T14:11:03","modified_gmt":"2025-04-02T12:11:03","slug":"sociedad-el-alcalde-de-vigo-celebra-acoger-el-congreso-de-ceoma-y-reivindica-que-la-edad-es-un-activo","status":"publish","type":"post","link":"https:\/\/webciudadana.net\/?p=60743","title":{"rendered":"Sociedad: El alcalde de Vigo celebra acoger el congreso de CEOMA y reivindica que la edad es \u201cun activo\u201d"},"content":{"rendered":"\n<div><img decoding=\"async\" src=\"https:\/\/img.europapress.es\/fotoweb\/fotonoticia_20250402141103_300.jpg\" class=\"ff-og-image-inserted\"><\/div>\n<p>(Informaci\u00f3n remitida por la empresa firmante)<\/p>\n<p>\n-Caballero asegura que la edad \u201cno es un factor de exclusi\u00f3n sino de inclusi\u00f3n\u201d<\/p>\n<p>\n-Durante la presentaci\u00f3n del XII Congreso Nacional de Organizaciones de Mayores, celebrada en el Ayuntamiento de Vigo, el alcalde ha afirmado que el papel de los mayores en la sociedad es \u201cuna revoluci\u00f3n en marcha\u201d<\/p>\n<p>\n-El presidente de CEOMA, Jos\u00e9 Luis Fern\u00e1ndez Santillana, ha destacado el talento s\u00e9nior y la aportaci\u00f3n de los mayores a la sociedad, y ha insistido en que adem\u00e1s de reivindicar quieren proponer alternativas<\/p>\n<p>\nVigo, 2 de abril de 2025.-*El alcalde de Vigo, Abel Caballero, ha celebrado acoger en la ciudad el XII Congreso Nacional de Organizaciones de Mayores, organizado por CEOMA, y ha destacado que la edad es \u201cun activo\u201d.<\/p>\n<p> Durante la presentaci\u00f3n del congreso, que ha tenido lugar en el Ayuntamiento de Vigo, Caballero ha reivindicado que la edad es \u201cun activo\u201d. \u201cLa edad no es un factor de exclusi\u00f3n sino de inclusi\u00f3n\u201d, ha a\u00f1adido.<\/p>\n<p> Tras recordar que en s\u00f3lo una generaci\u00f3n \u201cel mundo a nivel tecnol\u00f3gico cambi\u00f3\u201d, el alcalde ha afirmado que el papel de los mayores en la sociedad es una \u201crevoluci\u00f3n en marcha\u201d y ha animado al colectivo \u201cromper la barrera al temor de enfrentarse a esta barrera\u201d. En su opini\u00f3n, \u201cla fuerza f\u00edsica era importante antes, ahora lo es la intelectual, es una forma distinta de entender la sociedad a nivel cultural, deportivo\u2026 somos \u00fatiles y vitales en la vida\u201d.<\/p>\n<p> Por su parte, el presidente de CEOMA, Jos\u00e9 Luis Fern\u00e1ndez Santillana, ha destacado la importancia de valorar el talento s\u00e9nior, uno de los ejes del congreso. En este sentido, ha querido dejar claro que \u201cno por ser mayor una persona es un elemento decorativo\u201d y \u201csu futuro no tiene que pasar por estar en casa\u201d.<\/p>\n<p> Proponer y generar alternativas desde CEOMA<\/p>\n<p>\nDurante su intervenci\u00f3n, Fern\u00e1ndez Santillana ha se\u00f1alado que, adem\u00e1s de reivindicar, el objetivo de la confederaci\u00f3n es tambi\u00e9n \u201cproponer y generar alternativas\u201d. Ha reclamado que las personas cuando se jubilen \u201cpuedan disfrutar de unas buenas condiciones\u201d y ha lamentado que, en la actualidad, \u201cun 59% de los jubilados cobre una pensi\u00f3n por debajo del Salario M\u00ednimo Interprofesional (SMI). En esta l\u00ednea, ha apostado por \u201cbuscar f\u00f3rmulas para que puedan seguir siendo \u00fatiles\u201d y ha puesto como ejemplo los \u2018minijobs\u2019 de Alemania.<\/p>\n<p> El presidente de CEOMA tambi\u00e9n se ha referido a la certificaci\u00f3n que otorgan a las empresas que ejercen buenas pr\u00e1cticas con las personas mayores y ha abogado por crear un sello dirigido a las administraciones p\u00fablicas, que valore \u201cla atenci\u00f3n espec\u00edfica al colectivo y un f\u00e1cil acceso a sus servicios\u201d.<\/p>\n<p> Asimismo, Fern\u00e1ndez Santillana ha lamentado que las administraciones \u201chablen de lo que tienen que hacer los mayores\u201d sin tenerlos en cuenta y ha afirmado que quieren \u201cser parte del cambio\u201d. Finalmente, en cuanto a la Ley de la Dependencia y de la Discapacidad que se est\u00e1n elaborando, ha reclamado tanto al Gobierno como a las Comunidades Aut\u00f3nomas \u201cque pongan los recursos necesarios porque s\u00f3lo as\u00ed saldr\u00e1n adelante\u201d.<\/p>\n<p> Tambi\u00e9n ha intervenido la presidenta del Comit\u00e9 de Organizaci\u00f3n del XII Congreso, Marina Troncoso, que ha repasado las principales l\u00edneas de debate que se tratar\u00e1n, como el trabajo m\u00e1s all\u00e1 de los 50 a\u00f1os, el cambio clim\u00e1tico, el papel de la mujer o el humanismo digital.<\/p>\n<p> Troncoso, que ha celebrado que Vigo sea la sede del XII Congreso, ha destacado que el Defensor del Pueblo, \u00c1ngel Gabilondo, sea el encargado de la Conferencia inaugural del Congreso, en el que tambi\u00e9n participar\u00e1n otros ponentes \u201cde alto nivel\u201d.<\/p>\n<p> El XII Congreso Nacional de Organizaciones de Mayores tendr\u00e1 lugar los pr\u00f3ximos 24 y 25 de abril en el auditorio de Afundaci\u00f3n Vigo y reunir\u00e1 a m\u00e1s de medio centenar de profesionales del sector que debatir\u00e1n, entre otras cuestiones, el talento s\u00e9nior, el papel de la mujer en la direcci\u00f3n de las organizaciones, la econom\u00eda plateada, el maltrato a la vejez o el humanismo digital.<\/p>\n<p> El congreso se celebra en el marco del 25 aniversario de la Confederaci\u00f3n. Las*inscripciones*para poder asistir al evento est\u00e1n abiertas y S.M. La Reina Do\u00f1a Sof\u00eda ha aceptado la Presidencia de Honor del Congreso.<\/p>\n<p> Con este encuentro, CEOMA pretende que las personas mayores puedan expresar su opini\u00f3n y sus necesidades con la finalidad de que se acaben impulsando medidas que permitan avanzar al colectivo. El Congreso est\u00e1 subvencionado por el IMSERSO y cuenta con el apoyo de las entidades GSK, Fundaci\u00f3n Telef\u00f3nica, ULEN Sociosanitarios, Haleon, Xunta de Galicia, Concello de Vigo.<\/p>\n<p> Emisor: CEOMA<\/p>\n<p>\nCelia Moreno Garrido<\/p>\n<p>\nCoordinadora General<\/p>\n<p>\nResponsable de Comunicaci\u00f3n e Imagen Institucional<\/p>\n<p>\nceliamoreno@ceoma.org<\/p>\n<p>\nM\u00f3vil: 626 170 705<\/p>\n<p>\nTel.: 91 557 25 56<\/p>\n<p>\n\u00c0gata Sala<\/p>\n<p>\nEuropa Press Comunicaci\u00f3n<\/p>\n<p>\nagatasala@europapress.es<\/p>\n<p>\n600 90 55 38<\/p>\n","protected":false},"excerpt":{"rendered":"<p>(Informaci\u00f3n remitida por la empresa firmante) -Caballero asegura que la edad \u201cno es un factor de exclusi\u00f3n sino de inclusi\u00f3n\u201d -Durante la presentaci\u00f3n del XII Congreso Nacional de Organizaciones de Mayores, celebrada en el Ayuntamiento de Vigo, el alcalde ha afirmado que el papel de los mayores en la sociedad es \u201cuna revoluci\u00f3n en marcha\u201d [&hellip;]<\/p>\n","protected":false},"author":1,"featured_media":0,"comment_status":"closed","ping_status":"closed","sticky":false,"template":"","format":"standard","meta":{"footnotes":""},"categories":[2],"tags":[],"class_list":["post-60743","post","type-post","status-publish","format-standard","hentry","category-noticias"],"_links":{"self":[{"href":"https:\/\/webciudadana.net\/index.php?rest_route=\/wp\/v2\/posts\/60743","targetHints":{"allow":["GET"]}}],"collection":[{"href":"https:\/\/webciudadana.net\/index.php?rest_route=\/wp\/v2\/posts"}],"about":[{"href":"https:\/\/webciudadana.net\/index.php?rest_route=\/wp\/v2\/types\/post"}],"author":[{"embeddable":true,"href":"https:\/\/webciudadana.net\/index.php?rest_route=\/wp\/v2\/users\/1"}],"replies":[{"embeddable":true,"href":"https:\/\/webciudadana.net\/index.php?rest_route=%2Fwp%2Fv2%2Fcomments&post=60743"}],"version-history":[{"count":0,"href":"https:\/\/webciudadana.net\/index.php?rest_route=\/wp\/v2\/posts\/60743\/revisions"}],"wp:attachment":[{"href":"https:\/\/webciudadana.net\/index.php?rest_route=%2Fwp%2Fv2%2Fmedia&parent=60743"}],"wp:term":[{"taxonomy":"category","embeddable":true,"href":"https:\/\/webciudadana.net\/index.php?rest_route=%2Fwp%2Fv2%2Fcategories&post=60743"},{"taxonomy":"post_tag","embeddable":true,"href":"https:\/\/webciudadana.net\/index.php?rest_route=%2Fwp%2Fv2%2Ftags&post=60743"}],"curies":[{"name":"wp","href":"https:\/\/api.w.org\/{rel}","templated":true}]}}