{"id":60772,"date":"2025-04-03T12:53:03","date_gmt":"2025-04-03T10:53:03","guid":{"rendered":"https:\/\/ticker-noticiasep.microcontenidos.com\/NoticiaRSS.vbhtml?user=FRND562DLP&amp;cod=20250403125303"},"modified":"2025-04-03T12:53:03","modified_gmt":"2025-04-03T10:53:03","slug":"sociedad-maria-haiduk-ganadora-del-15o-premio-internacional-de-ilustracion-bologna-childrens-book-fair-fundacion-sm","status":"publish","type":"post","link":"https:\/\/webciudadana.net\/?p=60772","title":{"rendered":"Sociedad: Maria Haiduk, ganadora del 15\u00ba Premio Internacional de Ilustraci\u00f3n Bologna Children&#8217;s Book Fair-Fundaci\u00f3n SM"},"content":{"rendered":"\n<div><img decoding=\"async\" src=\"https:\/\/img.europapress.es\/fotoweb\/fotonoticia_20250403125303_300.jpg\" class=\"ff-og-image-inserted\"><\/div>\n<p>(Informaci\u00f3n remitida por la empresa firmante)<\/p>\n<p> &#8211; El fallo se ha dado a conocer en un acto celebrado en el marco de la Feria Internacional del Libro Infantil y Juvenil de Bolonia.<\/p>\n<p> &#8211; El galard\u00f3n tiene una dotaci\u00f3n econ\u00f3mica de 15.000 euros e implica el compromiso, por parte del ganador, de la creaci\u00f3n de un \u00e1lbum ilustrado infantil que ser\u00e1 publicado por SM y presentado en la Feria del Libro Infantil y Juvenil de Bolonia del a\u00f1o siguiente (2026).<\/p>\n<p> &#8211; La obra del ganador de la edici\u00f3n del pasado a\u00f1o, La danza del cielo y la tierra, del brasile\u00f1o Henrique Coser, fue presentada el martes en el Caf\u00e9 de los Ilustradores de la Feria.<\/p>\n<p> Bolonia, Italia, 3 de abril de 2025.- La joven ilustradora Maria Haiduk (Jers\u00f3n, Ucrania, 2006) es la ganadora de la decimoquinta edici\u00f3n del Premio Internacional de Ilustraci\u00f3n Bologna Children&#8217;s Book Fair-Fundaci\u00f3n SM.<\/p>\n<p> El fallo se ha dado a conocer en un acto celebrado en el Caf\u00e9 de los Ilustradores de la Feria Internacional del Libro Infantil y Juvenil de Bolonia, que ha presidido Elena Pasoli, directora de la Feria Infantil y Juvenil de Bolonia, y Jos\u00e9 Manuel Cidad, presidente de SM.<\/p>\n<p> El jurado, compuesto por Jo\u00eblle Jolivet, ilustradora francesa; Kiyoko Matsuoka, director del Museo de Arte de Itabashi (Tokio); y Mario Dequel, responsable de Dise\u00f1o en Editorial SM, ha decidido otorgar por unanimidad dicho premio a Haiduk porque, pese a su juventud, muestra un estilo maduro y personal, narrando de una manera clara y descriptiva, utilizando la luz como elemento clave.<\/p>\n<p> \u00abLa historia que nos cuenta expresa una cr\u00edtica social y una sensibilidad frente al componente ecol\u00f3gico, que nos invita a reflexionar sobre el modelo de consumo actual. Hemos quedado fascinados por el impacto y el potencial de la obra, audaz y sensible a su tiempo\u00bb, afirman los expertos.<\/p>\n<p> El premio, dotado con 15.000 euros, conlleva tambi\u00e9n la creaci\u00f3n de un \u00e1lbum ilustrado infantil que ser\u00e1 editado por SM y presentado en la Feria del Libro Infantil y Juvenil de Bolonia 2025.<\/p>\n<p> Maria Haiduk, ganadora en 2025<\/p>\n<p> Maria naci\u00f3 en Jers\u00f3n, Ucrania, en 2006. Cuando comenz\u00f3 la guerra, estudiaba en un instituto de f\u00edsica y tecnolog\u00eda. Se movi\u00f3 con su familia a Georgia, donde compagin\u00f3 su educaci\u00f3n a distancia con clases de ilustraci\u00f3n dos veces por semana. Empez\u00f3 a crear sus primeras historias dibujadas en 2022 y, a finales de 2023, inici\u00f3 su proyecto Killing Gods, con el que aprendi\u00f3 los fundamentos de la ilustraci\u00f3n. Ese mismo a\u00f1o, obtuvo una beca del estado e ingres\u00f3 en la Academia Nacional de Artes de Lviv (Ucrania).<\/p>\n<p> En el transcurso de la feria se ha presentado tambi\u00e9n el libro del ganador del XIV Premio Internacional de Ilustraci\u00f3n Feria de Bolonia-Fundaci\u00f3n SM, La danza del cielo y la tierra, del brasile\u00f1o Henrique Coser.<\/p>\n<p> Se trata de un original libro sin texto que nos habla sobre la necesidad de restaurar la armon\u00eda entre los seres humanos y la naturaleza.<\/p>\n<p> Coser se inspira en la danza ritual de \u00absuspender el cielo\u00bb, de la etnia ind\u00edgena brasile\u00f1a Krenak; y narra la historia de unas personas alienadas, aisladas y prisioneras de un mundo contaminado que, gracias a la naturaleza, recuperan su individualidad y la alegr\u00eda de vivir.<\/p>\n<p> Premio Internacional de Ilustraci\u00f3n Bologna Children&#8217;s Book Fair-Fundaci\u00f3n SM <\/p>\n<p> La Feria Internacional del Libro Infantil y Juvenil de Bolonia, conocida por su especial dedicaci\u00f3n a la ilustraci\u00f3n del libro infantil, y la Fundaci\u00f3n SM, uno de cuyos objetivos principales es la promoci\u00f3n del libro infantil y de la lectura, pusieron en marcha en 2009 este galard\u00f3n, que busca impulsar la labor de artistas menores de 35 a\u00f1os, cuyas obras hayan sido seleccionados por la Feria de Bolonia para incluirlas en la Exposici\u00f3n de Ilustradores que se muestra durante su celebraci\u00f3n.<\/p>\n<p> Sobre la Fundaci\u00f3n SM <\/p>\n<p> La Fundaci\u00f3n SM es una instituci\u00f3n educativa sin \u00e1nimo de lucro que trabaja para que, a trav\u00e9s de la educaci\u00f3n y la cultura, ninguna ni\u00f1a ni ning\u00fan ni\u00f1o se quede atr\u00e1s.<\/p>\n<p> Orienta todas sus iniciativas a la mejora de la equidad y calidad educativa. Le avala m\u00e1s de cuarenta y cinco a\u00f1os de experiencia en el desarrollo de proyectos educativos y culturales en Espa\u00f1a y pa\u00edses de Iberoam\u00e9rica.<\/p>\n<p> La Fundaci\u00f3n SM destina los beneficios derivados de la actividad empresarial de SM a programas que, a trav\u00e9s de la educaci\u00f3n, buscan contribuir a un mundo m\u00e1s inclusivo, justo, pac\u00edfico y sostenible.<\/p>\n<p> Comunicaci\u00f3n SM Espa\u00f1a <\/p>\n<p> comunicacionsm@info.grupo-sm.com <\/p>\n<p> Carmen Palomino &#8211; (34) 649 45 46 80 <\/p>\n<p> Margarita Mart\u00edn &#8211; (34) 617 72 18 45 <\/p>\n","protected":false},"excerpt":{"rendered":"<p>(Informaci\u00f3n remitida por la empresa firmante) &#8211; El fallo se ha dado a conocer en un acto celebrado en el marco de la Feria Internacional del Libro Infantil y Juvenil de Bolonia. &#8211; El galard\u00f3n tiene una dotaci\u00f3n econ\u00f3mica de 15.000 euros e implica el compromiso, por parte del ganador, de la creaci\u00f3n de un [&hellip;]<\/p>\n","protected":false},"author":1,"featured_media":0,"comment_status":"closed","ping_status":"closed","sticky":false,"template":"","format":"standard","meta":{"footnotes":""},"categories":[2],"tags":[],"class_list":["post-60772","post","type-post","status-publish","format-standard","hentry","category-noticias"],"_links":{"self":[{"href":"https:\/\/webciudadana.net\/index.php?rest_route=\/wp\/v2\/posts\/60772","targetHints":{"allow":["GET"]}}],"collection":[{"href":"https:\/\/webciudadana.net\/index.php?rest_route=\/wp\/v2\/posts"}],"about":[{"href":"https:\/\/webciudadana.net\/index.php?rest_route=\/wp\/v2\/types\/post"}],"author":[{"embeddable":true,"href":"https:\/\/webciudadana.net\/index.php?rest_route=\/wp\/v2\/users\/1"}],"replies":[{"embeddable":true,"href":"https:\/\/webciudadana.net\/index.php?rest_route=%2Fwp%2Fv2%2Fcomments&post=60772"}],"version-history":[{"count":0,"href":"https:\/\/webciudadana.net\/index.php?rest_route=\/wp\/v2\/posts\/60772\/revisions"}],"wp:attachment":[{"href":"https:\/\/webciudadana.net\/index.php?rest_route=%2Fwp%2Fv2%2Fmedia&parent=60772"}],"wp:term":[{"taxonomy":"category","embeddable":true,"href":"https:\/\/webciudadana.net\/index.php?rest_route=%2Fwp%2Fv2%2Fcategories&post=60772"},{"taxonomy":"post_tag","embeddable":true,"href":"https:\/\/webciudadana.net\/index.php?rest_route=%2Fwp%2Fv2%2Ftags&post=60772"}],"curies":[{"name":"wp","href":"https:\/\/api.w.org\/{rel}","templated":true}]}}