{"id":60799,"date":"2025-04-04T13:44:18","date_gmt":"2025-04-04T11:44:18","guid":{"rendered":"https:\/\/ticker-noticiasep.microcontenidos.com\/NoticiaRSS.vbhtml?user=FRND562DLP&amp;cod=20250404134418"},"modified":"2025-04-04T13:44:18","modified_gmt":"2025-04-04T11:44:18","slug":"sociedad-pata-negra-valdepenas-reserva-2018-mejor-vino-del-mundo","status":"publish","type":"post","link":"https:\/\/webciudadana.net\/?p=60799","title":{"rendered":"Sociedad: Pata Negra Valdepe\u00f1as Reserva 2018, Mejor Vino del Mundo"},"content":{"rendered":"\n<div><img decoding=\"async\" src=\"https:\/\/img.europapress.es\/fotoweb\/fotonoticia_20250404134418_300.jpg\" class=\"ff-og-image-inserted\"><\/div>\n<p>(Informaci\u00f3n remitida por la empresa firmante)<\/p>\n<p> Este vino de Garc\u00eda Carri\u00f3n se impone entre m\u00e1s de 7.800 vinos de 47 pa\u00edses en el Concurso Internacional de Lyon 2025<\/p>\n<p>\nMadrd, 4 de abril de 2025.-<\/p>\n<p> Garc\u00eda Carri\u00f3n se mantiene en la elite del vino internacional con un reconocimiento de m\u00e1xima relevancia, este galard\u00f3n al Pata Negra Valdepe\u00f1as Reserva 2018, sit\u00faa a nuestro vino por delante de miles de referencias de distintas denominaciones de origen espa\u00f1olas, as\u00ed como de vinos de reconocido prestigio internacional procedentes de Francia, Italia, Alemania y Estados Unidos. <\/p>\n<p> Un triunfo que refuerza la posici\u00f3n de Garc\u00eda Carri\u00f3n en los mercados internacionales y que pone en valor el trabajo enol\u00f3gico y vit\u00edcola realizado en la Denominaci\u00f3n de Origen Valdepe\u00f1as, cuya proyecci\u00f3n y prestigio contin\u00faan creciendo a nivel mundial.<\/p>\n<p> Adem\u00e1s de este trofeo especial, Garc\u00eda Carri\u00f3n ha sido una de las bodegas m\u00e1s premiadas del concurso, con un total de 28 medallas obtenidas: 20 de Oro y 8 de Plata, que reconocen la calidad y consistencia de sus vinos en todas las categor\u00edas, desde tintos y blancos hasta rosados y espumosos.<\/p>\n<p> Este reconocimiento internacional supone un nuevo impulso para la marca Pata Negra y un reflejo del compromiso de Garc\u00eda Carri\u00f3n con la calidad, la innovaci\u00f3n y la puesta en valor del territorio. \u00abEste premio reafirma que nuestro trabajo en la D.O. Valdepe\u00f1as es cada vez m\u00e1s reconocido y valorado en todo el mundo\u00bb.<\/p>\n<p> Con este hito, Garc\u00eda Carri\u00f3n consolida su papel como uno de los grandes embajadores del vino espa\u00f1ol a nivel internacional, ofreciendo al consumidor global vinos de alto nivel en calidad, autenticidad y origen.<\/p>\n<p> Emisor: GARC\u00cdA-CARRI\u00d3N<\/p>\n<p> Comunicaci\u00f3n \/ Prensa GARC\u00cdA-CARRI\u00d3N<\/p>\n<p> comunicacion@jgc.es<\/p>\n","protected":false},"excerpt":{"rendered":"<p>(Informaci\u00f3n remitida por la empresa firmante) Este vino de Garc\u00eda Carri\u00f3n se impone entre m\u00e1s de 7.800 vinos de 47 pa\u00edses en el Concurso Internacional de Lyon 2025 Madrd, 4 de abril de 2025.- Garc\u00eda Carri\u00f3n se mantiene en la elite del vino internacional con un reconocimiento de m\u00e1xima relevancia, este galard\u00f3n al Pata Negra [&hellip;]<\/p>\n","protected":false},"author":1,"featured_media":0,"comment_status":"closed","ping_status":"closed","sticky":false,"template":"","format":"standard","meta":{"footnotes":""},"categories":[2],"tags":[],"class_list":["post-60799","post","type-post","status-publish","format-standard","hentry","category-noticias"],"_links":{"self":[{"href":"https:\/\/webciudadana.net\/index.php?rest_route=\/wp\/v2\/posts\/60799","targetHints":{"allow":["GET"]}}],"collection":[{"href":"https:\/\/webciudadana.net\/index.php?rest_route=\/wp\/v2\/posts"}],"about":[{"href":"https:\/\/webciudadana.net\/index.php?rest_route=\/wp\/v2\/types\/post"}],"author":[{"embeddable":true,"href":"https:\/\/webciudadana.net\/index.php?rest_route=\/wp\/v2\/users\/1"}],"replies":[{"embeddable":true,"href":"https:\/\/webciudadana.net\/index.php?rest_route=%2Fwp%2Fv2%2Fcomments&post=60799"}],"version-history":[{"count":0,"href":"https:\/\/webciudadana.net\/index.php?rest_route=\/wp\/v2\/posts\/60799\/revisions"}],"wp:attachment":[{"href":"https:\/\/webciudadana.net\/index.php?rest_route=%2Fwp%2Fv2%2Fmedia&parent=60799"}],"wp:term":[{"taxonomy":"category","embeddable":true,"href":"https:\/\/webciudadana.net\/index.php?rest_route=%2Fwp%2Fv2%2Fcategories&post=60799"},{"taxonomy":"post_tag","embeddable":true,"href":"https:\/\/webciudadana.net\/index.php?rest_route=%2Fwp%2Fv2%2Ftags&post=60799"}],"curies":[{"name":"wp","href":"https:\/\/api.w.org\/{rel}","templated":true}]}}