{"id":60801,"date":"2025-04-04T16:18:40","date_gmt":"2025-04-04T14:18:40","guid":{"rendered":"https:\/\/ticker-noticiasep.microcontenidos.com\/NoticiaRSS.vbhtml?user=FRND562DLP&amp;cod=20250404161840"},"modified":"2025-04-04T16:18:40","modified_gmt":"2025-04-04T14:18:40","slug":"mundo-elecq-presentara-soluciones-innovadoras-de-carga-de-vehiculos-electricos-en-ecarexpo-2025","status":"publish","type":"post","link":"https:\/\/webciudadana.net\/?p=60801","title":{"rendered":"Mundo: ELECQ presentar\u00e1 soluciones innovadoras de carga de veh\u00edculos el\u00e9ctricos en eCarExpo 2025"},"content":{"rendered":"\n<div><img decoding=\"async\" src=\"https:\/\/img.europapress.es\/fotoweb\/fotonoticia_20250404161840_300.jpg\" class=\"ff-og-image-inserted\"><\/div>\n<p>(Informaci\u00f3n remitida por la empresa firmante)<\/p>\n<p>\nESTOCOLMO, 4 de abril de 2025 \/PRNewswire\/ &#8212; ELECQ, empresa innovadora dedicada a la tecnolog\u00eda de carga inteligente de veh\u00edculos el\u00e9ctricos, presenta sus soluciones avanzadas en la eCarExpo 2025 de Estocolmo, que se celebra del 4 al 6 de abril. Ubicado en el stand C02:51, ELECQ interact\u00faa activamente con profesionales del sector y demuestra su compromiso de transformar el futuro de la carga de veh\u00edculos el\u00e9ctricos.<\/p>\n<p> Misi\u00f3n de ELECQ en eCarExpo 2025 <\/p>\n<p>\nEste evento destaca las \u00faltimas innovaciones en veh\u00edculos el\u00e9ctricos y carga, reforzando el compromiso de Suecia con la movilidad ecol\u00f3gica y la neutralidad de carbono. ELECQ aprovecha esta oportunidad para presentar sus soluciones de carga avanzadas y fortalecer su presencia en el mercado europeo.<\/p>\n<p> Soluciones inteligentes para necesidades en constante evoluci\u00f3n<\/p>\n<p>\nELECQ ha desarrollado un conjunto de soluciones innovadoras dise\u00f1adas para mejorar la eficiencia, la flexibilidad y la asequibilidad de la carga de veh\u00edculos el\u00e9ctricos. As\u00ed es como ELECQ est\u00e1 marcando la diferencia:<\/p>\n<p>\nELECQ Home: La soluci\u00f3n de carga residencial destaca por su f\u00e1cil instalaci\u00f3n, dise\u00f1o escalable e integraci\u00f3n perfecta con los sistemas de gesti\u00f3n energ\u00e9tica del hogar. ELECQ Home prioriza la seguridad y la comodidad con funciones como la gesti\u00f3n inteligente de la carga y el diagn\u00f3stico remoto.<\/p>\n<p> ELECQ Biz: Para uso comercial, el cargador ELECQ Biz ofrece conectividad avanzada y gesti\u00f3n din\u00e1mica de la carga para redes de hasta 500 cargadores. Su dise\u00f1o inteligente optimiza el consumo energ\u00e9tico, reduciendo los costes de electricidad hasta en un 30 %, una importante ventaja para operadores de flotas y empresas. Compatible con V2G y conforme con las normas ISO 15118-20, ISO 15118 y OCPP 2.0.1, garantiza una integraci\u00f3n perfecta con los sistemas energ\u00e9ticos en constante evoluci\u00f3n.<\/p>\n<p> ELECQ Station 60: Con su innovadora tecnolog\u00eda de granularidad cero, la DC Station 60 destaca en el sector de la carga r\u00e1pida: un cargador r\u00e1pido y flexible que maximiza la adaptabilidad y proporciona una distribuci\u00f3n de energ\u00eda 100 % eficiente a los veh\u00edculos. Compatible con carga simult\u00e1nea y con la posibilidad de compartir energ\u00eda tanto de forma independiente como entre estaciones, ofrece una flexibilidad inigualable para diversas aplicaciones.<\/p>\n<p> ELECQ Ready optimiza la configuraci\u00f3n de la infraestructura de carga con una placa base premontada, lo que reduce el tiempo y los costes de instalaci\u00f3n. Por otro lado, el monitor de energ\u00eda ELECQ ofrece seguimiento de energ\u00eda en tiempo real, optimizando el consumo energ\u00e9tico del hogar para evitar sobrecargas y reducir los gastos operativos.<\/p>\n<p> ELECQ App y carga inteligente: ELECQ va m\u00e1s all\u00e1 del hardware con un conjunto de soluciones de software, que incluyen Elecq App, Elecq Partner App, y Elecq Cloud, una plataforma SaaS en la nube. Estas herramientas permiten la monitorizaci\u00f3n en tiempo real, el diagn\u00f3stico remoto y la gesti\u00f3n inteligente de la energ\u00eda. El plan de carga inteligente de la aplicaci\u00f3n ELECQ optimiza los horarios seg\u00fan los precios de la electricidad y los h\u00e1bitos de los usuarios, reduciendo costes y mejorando la eficiencia. Al apoyar la integraci\u00f3n de V2G y energ\u00edas renovables, estas soluciones permiten a los proveedores de energ\u00eda y operadores de flotas maximizar la sostenibilidad y el rendimiento operativo.<\/p>\n<p> Participaci\u00f3n de la industria y colaboraci\u00f3n futura<\/p>\n<p>\nEn eCarExpo 2025, ELECQ colabora activamente con socios, distribuidores e instaladores para impulsar el futuro de la carga inteligente de veh\u00edculos el\u00e9ctricos. La colaboraci\u00f3n es clave para ampliar nuestro alcance y acelerar la adopci\u00f3n de soluciones de carga inteligente en toda Europa. Con productos adaptables y escalables dise\u00f1ados para satisfacer las necesidades cambiantes del mercado, ELECQ se compromete a crear un ecosistema de veh\u00edculos el\u00e9ctricos m\u00e1s eficiente y sostenible. Vis\u00edtenos en el stand C02:51 para explorar nuestras \u00faltimas innovaciones y unirse a la conversaci\u00f3n sobre el futuro de la movilidad el\u00e9ctrica.<\/p>\n<p> M\u00e1s informaci\u00f3n sobre ELECQ: https:\/\/bit.ly\/41GXG60<\/p>\n<p>\nFoto &#8212; https:\/\/mma.prnewswire.com\/media\/2658128\/DSC0145.jpg<\/p>\n<p> View original content:https:\/\/www.prnewswire.com\/news-releases\/elecq-presentara-soluciones-innovadoras-de-carga-de-vehiculos-electricos-en-ecarexpo-2025-302420864.html<\/p>\n","protected":false},"excerpt":{"rendered":"<p>(Informaci\u00f3n remitida por la empresa firmante) ESTOCOLMO, 4 de abril de 2025 \/PRNewswire\/ &#8212; ELECQ, empresa innovadora dedicada a la tecnolog\u00eda de carga inteligente de veh\u00edculos el\u00e9ctricos, presenta sus soluciones avanzadas en la eCarExpo 2025 de Estocolmo, que se celebra del 4 al 6 de abril. Ubicado en el stand C02:51, ELECQ interact\u00faa activamente con [&hellip;]<\/p>\n","protected":false},"author":1,"featured_media":0,"comment_status":"closed","ping_status":"closed","sticky":false,"template":"","format":"standard","meta":{"footnotes":""},"categories":[2],"tags":[],"class_list":["post-60801","post","type-post","status-publish","format-standard","hentry","category-noticias"],"_links":{"self":[{"href":"https:\/\/webciudadana.net\/index.php?rest_route=\/wp\/v2\/posts\/60801","targetHints":{"allow":["GET"]}}],"collection":[{"href":"https:\/\/webciudadana.net\/index.php?rest_route=\/wp\/v2\/posts"}],"about":[{"href":"https:\/\/webciudadana.net\/index.php?rest_route=\/wp\/v2\/types\/post"}],"author":[{"embeddable":true,"href":"https:\/\/webciudadana.net\/index.php?rest_route=\/wp\/v2\/users\/1"}],"replies":[{"embeddable":true,"href":"https:\/\/webciudadana.net\/index.php?rest_route=%2Fwp%2Fv2%2Fcomments&post=60801"}],"version-history":[{"count":0,"href":"https:\/\/webciudadana.net\/index.php?rest_route=\/wp\/v2\/posts\/60801\/revisions"}],"wp:attachment":[{"href":"https:\/\/webciudadana.net\/index.php?rest_route=%2Fwp%2Fv2%2Fmedia&parent=60801"}],"wp:term":[{"taxonomy":"category","embeddable":true,"href":"https:\/\/webciudadana.net\/index.php?rest_route=%2Fwp%2Fv2%2Fcategories&post=60801"},{"taxonomy":"post_tag","embeddable":true,"href":"https:\/\/webciudadana.net\/index.php?rest_route=%2Fwp%2Fv2%2Ftags&post=60801"}],"curies":[{"name":"wp","href":"https:\/\/api.w.org\/{rel}","templated":true}]}}