{"id":60813,"date":"2025-04-07T10:05:59","date_gmt":"2025-04-07T08:05:59","guid":{"rendered":"https:\/\/ticker-noticiasep.microcontenidos.com\/NoticiaRSS.vbhtml?user=FRND562DLP&amp;cod=20250407100559"},"modified":"2025-04-07T10:05:59","modified_gmt":"2025-04-07T08:05:59","slug":"mundo-advanced-therapies-europe-2025-presenta-un-formato-renovado-y-de-alto-impacto","status":"publish","type":"post","link":"https:\/\/webciudadana.net\/?p=60813","title":{"rendered":"Mundo: Advanced Therapies Europe 2025 presenta un formato renovado y de alto impacto"},"content":{"rendered":"\n<div><img decoding=\"async\" src=\"https:\/\/img.europapress.es\/fotoweb\/fotonoticia_20250407100559_300.jpg\" class=\"ff-og-image-inserted\"><\/div>\n<p>(Informaci\u00f3n remitida por la empresa firmante)<\/p>\n<p>\n&#8212; Advanced Therapies Europe 2025 presenta un formato renovado y de alto impacto: con un l\u00edmite de 500 participantes y dise\u00f1ado para conectar<\/p>\n<p>\nBARCELONA, Espa\u00f1a, 7 de abril de 2025 \/PRNewswire\/ &#8212; Advanced Therapies Europe llega a Barcelona por primera vez del 2 al 4 de septiembre de 2025 en el Hotel Arts, Ritz-Carlton. Con un enfoque innovador y audaz, la edici\u00f3n de este a\u00f1o presenta un formato renovado: una experiencia presencial exclusiva con un aforo limitado a tan solo 500 asistentes. Con un aforo estrictamente limitado, el enfoque se centra en ofrecer interacciones de alto valor e impulsar la innovaci\u00f3n en el sector. Cada elemento ha sido seleccionado para fomentar conexiones m\u00e1s profundas, conversaciones m\u00e1s centradas y contenido a medida para quienes impulsan el futuro de las terapias celulares y g\u00e9nicas.<\/p>\n<p> Ubicado en uno de los centros biotecnol\u00f3gicos de mayor crecimiento de Europa, Advanced Therapies Europe dar\u00e1 la bienvenida a responsables de la toma de decisiones del sector biotecnol\u00f3gico y farmac\u00e9utico, inversores, organismos reguladores, acad\u00e9micos, proveedores de soluciones y l\u00edderes de la industria manufacturera durante tres d\u00edas de contenido inmersivo, networking estrat\u00e9gico y la firma de acuerdos estrat\u00e9gicos.<\/p>\n<p> Los asistentes explorar\u00e1n los temas m\u00e1s urgentes de la industria, incluyendo las tendencias de inversi\u00f3n y mercado, las estrategias de fabricaci\u00f3n y escalado, el desarrollo cl\u00ednico y la comercializaci\u00f3n, las tecnolog\u00edas emergentes y el cambiante panorama regulatorio global. La agenda incluye talleres exhaustivos, sesiones interactivas y mesas redondas especializadas dise\u00f1adas para fomentar el di\u00e1logo abierto y la resoluci\u00f3n colaborativa de problemas.<\/p>\n<p> Entre los ponentes confirmados se encuentran Miguel Forte, consejero delegado de Kiji Therapeutics; Thomas Carlsen, consejero delegado de Novo Nordisk Cellerator; Ase Rosenqvist, de la Unidad de Negocio de Terapia Celular N\u00f3rdica de Johnson &amp; Johnson; Eleuterio Lombardo, director de Caracterizaci\u00f3n de Terapia Celular en Takeda; y Angela Vollstedt, directora de la Cartera Global de I+D en Terapias Celulares y G\u00e9nicas en Novartis.<\/p>\n<p> En 2025 regresan dos cumbres clave: el Congreso de Mujeres sobre Terapias Avanzadas y la Cumbre de Inversi\u00f3n, que ofrecen espacios enfocados en la mentor\u00eda, la innovaci\u00f3n y la alineaci\u00f3n estrat\u00e9gica. El Intercambio de Innovaci\u00f3n tambi\u00e9n regresa con un formato renovado, destacando a las empresas biotecnol\u00f3gicas innovadoras y conect\u00e1ndolas directamente con los inversores que definen el futuro de la industria.<\/p>\n<p> \u00abHemos reinventado el evento de este a\u00f1o para que sea a\u00fan m\u00e1s din\u00e1mico, interactivo y promueva la conexi\u00f3n\u00bb, afirm\u00f3 Ingerid Sorgaard, directora de contenido de Phacilitate. \u00abNo se trata solo de ofrecer contenido, sino de facilitar las conversaciones adecuadas en los entornos adecuados. Desde mesas redondas seleccionadas y talleres de profundizaci\u00f3n hasta networking en azoteas y formatos interactivos, cada elemento est\u00e1 dise\u00f1ado para generar conexiones significativas, nuevas perspectivas y una colaboraci\u00f3n real\u00bb.<\/p>\n<p> Las solicitudes para asistir ya est\u00e1n abiertas en https:\/\/advancedtherapieseurope.phacilitate.com. Con solo 500 plazas disponibles y precios de oferta por reserva anticipada vigentes hasta el 18 de abril, se recomienda la inscripci\u00f3n anticipada.<\/p>\n<p> Foto &#8211; https:\/\/mma.prnewswire.com\/media\/2656626\/ATE_Panel.jpg<\/p>\n<p>\nLogo &#8212; https:\/\/mma.prnewswire.com\/media\/2656627\/ATE_Logo.jpg<\/p>\n<p>\nContacto: Abby Cairns, responsable s\u00e9nior de Marketing, Phacilitate, team@phacilitate.com<\/p>\n<p> View original content:https:\/\/www.prnewswire.com\/news-releases\/advanced-therapies-europe-2025-presenta-un-formato-renovado-y-de-alto-impacto-302419982.html<\/p>\n","protected":false},"excerpt":{"rendered":"<p>(Informaci\u00f3n remitida por la empresa firmante) &#8212; Advanced Therapies Europe 2025 presenta un formato renovado y de alto impacto: con un l\u00edmite de 500 participantes y dise\u00f1ado para conectar BARCELONA, Espa\u00f1a, 7 de abril de 2025 \/PRNewswire\/ &#8212; Advanced Therapies Europe llega a Barcelona por primera vez del 2 al 4 de septiembre de 2025 [&hellip;]<\/p>\n","protected":false},"author":1,"featured_media":0,"comment_status":"closed","ping_status":"closed","sticky":false,"template":"","format":"standard","meta":{"footnotes":""},"categories":[2],"tags":[],"class_list":["post-60813","post","type-post","status-publish","format-standard","hentry","category-noticias"],"_links":{"self":[{"href":"https:\/\/webciudadana.net\/index.php?rest_route=\/wp\/v2\/posts\/60813","targetHints":{"allow":["GET"]}}],"collection":[{"href":"https:\/\/webciudadana.net\/index.php?rest_route=\/wp\/v2\/posts"}],"about":[{"href":"https:\/\/webciudadana.net\/index.php?rest_route=\/wp\/v2\/types\/post"}],"author":[{"embeddable":true,"href":"https:\/\/webciudadana.net\/index.php?rest_route=\/wp\/v2\/users\/1"}],"replies":[{"embeddable":true,"href":"https:\/\/webciudadana.net\/index.php?rest_route=%2Fwp%2Fv2%2Fcomments&post=60813"}],"version-history":[{"count":0,"href":"https:\/\/webciudadana.net\/index.php?rest_route=\/wp\/v2\/posts\/60813\/revisions"}],"wp:attachment":[{"href":"https:\/\/webciudadana.net\/index.php?rest_route=%2Fwp%2Fv2%2Fmedia&parent=60813"}],"wp:term":[{"taxonomy":"category","embeddable":true,"href":"https:\/\/webciudadana.net\/index.php?rest_route=%2Fwp%2Fv2%2Fcategories&post=60813"},{"taxonomy":"post_tag","embeddable":true,"href":"https:\/\/webciudadana.net\/index.php?rest_route=%2Fwp%2Fv2%2Ftags&post=60813"}],"curies":[{"name":"wp","href":"https:\/\/api.w.org\/{rel}","templated":true}]}}