{"id":60822,"date":"2025-04-07T14:33:33","date_gmt":"2025-04-07T12:33:33","guid":{"rendered":"https:\/\/ticker-noticiasep.microcontenidos.com\/NoticiaRSS.vbhtml?user=FRND562DLP&amp;cod=20250407143333"},"modified":"2025-04-07T14:33:33","modified_gmt":"2025-04-07T12:33:33","slug":"mundo-sermatec-organiza-un-salon-corporativo-en-atenas-para-reforzar-las-asociaciones-europeas","status":"publish","type":"post","link":"https:\/\/webciudadana.net\/?p=60822","title":{"rendered":"Mundo: SERMATEC organiza un Sal\u00f3n Corporativo en Atenas para reforzar las asociaciones europeas"},"content":{"rendered":"\n<div><img decoding=\"async\" src=\"https:\/\/img.europapress.es\/fotoweb\/fotonoticia_20250407143333_300.jpg\" class=\"ff-og-image-inserted\"><\/div>\n<p>(Informaci\u00f3n remitida por la empresa firmante)<\/p>\n<p>\nATENAS, Grecia, 7 de abril de 2025 \/PRNewswire\/ &#8212; SERMATEC, operador l\u00edder de inteligencia digital energ\u00e9tica y proveedor de soluciones de sistemas de almacenamiento de energ\u00eda, celebr\u00f3 con \u00e9xito su Sal\u00f3n Corporativo en el Athens Plaza Hotel de Grecia. El evento reuni\u00f3 a distribuidores clave y empresas EPC de toda Europa, fomentando la innovaci\u00f3n y la colaboraci\u00f3n a trav\u00e9s de debates t\u00e9cnicos, demostraciones de soluciones y sesiones interactivas de preguntas y respuestas. Esta iniciativa forma parte del compromiso de SERMATEC de acelerar la transici\u00f3n de Europa hacia una energ\u00eda baja en carbono.<\/p>\n<p> Dmtrls Kotzonls, director t\u00e9cnico de UPSOLAR HELLAS, socio europeo de SERMATEC, pronunci\u00f3 el discurso de apertura. Destac\u00f3 que, ante las fluctuaciones de los precios de la energ\u00eda en Europa y la demanda de modernizaci\u00f3n de la red el\u00e9ctrica, los sistemas inteligentes de almacenamiento de energ\u00eda de SERMATEC complementan a la perfecci\u00f3n la experiencia localizada y la presencia en el mercado de UPSOLAR HELLAS. \u00abNuestra asociaci\u00f3n encarna la colaboraci\u00f3n abierta\u00bb, se\u00f1al\u00f3 Kotzonis. \u00abCombinando la tecnolog\u00eda de vanguardia de SERMATEC con nuestros conocimientos regionales, ya hemos desplegado con \u00e9xito proyectos en m\u00faltiples mercados europeos clave\u00bb.<\/p>\n<p> Ji Hui, director de Ventas Internacionales de SERMATEC, continu\u00f3 compartiendo con los asistentes los logros de desarrollo global de la empresa. Destac\u00f3 que SERMATEC, impulsada por una doble estrategia de \u00abtecnolog\u00eda + servicio\u00bb, ha ampliado sus operaciones en m\u00e1s de 30 pa\u00edses y regiones de todo el mundo, suministrando m\u00e1s de 10 GWh de sistemas de almacenamiento de energ\u00eda. Las plataformas energ\u00e9ticas digitales a medida y las soluciones centradas en el ciclo de vida mejoran el valor para el cliente en todos los mercados mundiales.<\/p>\n<p> Durante la sesi\u00f3n de preguntas y respuestas, los asistentes se mostraron muy interesados en abordar los retos de la subida de los precios de la electricidad y la estabilidad de la red en el sur de Europa. El equipo de SERMATEC demostr\u00f3 c\u00f3mo su sistema basado en inteligencia artificial controla en tiempo real los precios de la electricidad y ajusta la carga en funci\u00f3n de la producci\u00f3n solar para maximizar los beneficios.<\/p>\n<p> \u00abComo empresa dedicada al almacenamiento de energ\u00eda, SERMATEC siempre se ha comprometido a ofrecer soluciones de energ\u00eda verde seguras, eficientes e inteligentes en todo el mundo. Este sal\u00f3n profundiz\u00f3 nuestras conexiones con socios locales, sentando una base m\u00e1s s\u00f3lida para abordar las necesidades del mercado europeo. Seguiremos impulsando la innovaci\u00f3n y la colaboraci\u00f3n para apoyar la transici\u00f3n energ\u00e9tica de Europa\u00bb, a\u00f1adi\u00f3 Ji Hui.<\/p>\n<p> Acerca de SERMATEC<\/p>\n<p>\nFundada en 2017, SERMATEC se especializa en soluciones de almacenamiento de energ\u00eda con un enfoque en la seguridad y la estabilidad. Como empresa global de sistemas de almacenamiento de energ\u00eda TIER 1, el negocio de la compa\u00f1\u00eda abarca operaciones comerciales e industriales, a escala de servicios p\u00fablicos y de energ\u00eda digital.<\/p>\n<p> Acerca de UPSOLAR<\/p>\n<p>\nEstablecido en 2009, UPSOLAR, como distribuidor oficial de SERMATEC en Grecia y Chipre, ha entregado m\u00e1s de 1GW de componentes fotovoltaicos en la regi\u00f3n, aprovechando su profunda experiencia en tecnolog\u00edas solares y de almacenamiento de energ\u00eda para proporcionar soluciones de energ\u00eda limpia fiables y eficientes.<\/p>\n<p> Si desea m\u00e1s informaci\u00f3n visite https:\/\/en.sermatec-ess.com\/<\/p>\n<p>\nFoto &#8212; https:\/\/mma.prnewswire.com\/media\/2658842\/SERMATEC_Hosts_Corporate_Salon_in_Athens_to_Strengthen_European_Partnerships.jpg<\/p>\n<p> View original content:https:\/\/www.prnewswire.com\/news-releases\/sermatec-organiza-un-salon-corporativo-en-atenas-para-reforzar-las-asociaciones-europeas-302421998.html<\/p>\n","protected":false},"excerpt":{"rendered":"<p>(Informaci\u00f3n remitida por la empresa firmante) ATENAS, Grecia, 7 de abril de 2025 \/PRNewswire\/ &#8212; SERMATEC, operador l\u00edder de inteligencia digital energ\u00e9tica y proveedor de soluciones de sistemas de almacenamiento de energ\u00eda, celebr\u00f3 con \u00e9xito su Sal\u00f3n Corporativo en el Athens Plaza Hotel de Grecia. El evento reuni\u00f3 a distribuidores clave y empresas EPC de [&hellip;]<\/p>\n","protected":false},"author":1,"featured_media":0,"comment_status":"closed","ping_status":"closed","sticky":false,"template":"","format":"standard","meta":{"footnotes":""},"categories":[2],"tags":[],"class_list":["post-60822","post","type-post","status-publish","format-standard","hentry","category-noticias"],"_links":{"self":[{"href":"https:\/\/webciudadana.net\/index.php?rest_route=\/wp\/v2\/posts\/60822","targetHints":{"allow":["GET"]}}],"collection":[{"href":"https:\/\/webciudadana.net\/index.php?rest_route=\/wp\/v2\/posts"}],"about":[{"href":"https:\/\/webciudadana.net\/index.php?rest_route=\/wp\/v2\/types\/post"}],"author":[{"embeddable":true,"href":"https:\/\/webciudadana.net\/index.php?rest_route=\/wp\/v2\/users\/1"}],"replies":[{"embeddable":true,"href":"https:\/\/webciudadana.net\/index.php?rest_route=%2Fwp%2Fv2%2Fcomments&post=60822"}],"version-history":[{"count":0,"href":"https:\/\/webciudadana.net\/index.php?rest_route=\/wp\/v2\/posts\/60822\/revisions"}],"wp:attachment":[{"href":"https:\/\/webciudadana.net\/index.php?rest_route=%2Fwp%2Fv2%2Fmedia&parent=60822"}],"wp:term":[{"taxonomy":"category","embeddable":true,"href":"https:\/\/webciudadana.net\/index.php?rest_route=%2Fwp%2Fv2%2Fcategories&post=60822"},{"taxonomy":"post_tag","embeddable":true,"href":"https:\/\/webciudadana.net\/index.php?rest_route=%2Fwp%2Fv2%2Ftags&post=60822"}],"curies":[{"name":"wp","href":"https:\/\/api.w.org\/{rel}","templated":true}]}}