{"id":60823,"date":"2025-04-07T15:13:01","date_gmt":"2025-04-07T13:13:01","guid":{"rendered":"https:\/\/ticker-noticiasep.microcontenidos.com\/NoticiaRSS.vbhtml?user=FRND562DLP&amp;cod=20250407151301"},"modified":"2025-04-07T15:13:01","modified_gmt":"2025-04-07T13:13:01","slug":"sociedad-mario-vaquerizo-recibe-el-premio-a-la-excelencia-picota-del-jerte-2025-como-un-lujo-y-un-honor","status":"publish","type":"post","link":"https:\/\/webciudadana.net\/?p=60823","title":{"rendered":"Sociedad: Mario Vaquerizo recibe el Premio a la Excelencia Picota del Jerte 2025 como \u201cun lujo y un honor\u201d"},"content":{"rendered":"\n<div><img decoding=\"async\" src=\"https:\/\/img.europapress.es\/fotoweb\/fotonoticia_20250407151301_300.jpg\" class=\"ff-og-image-inserted\"><\/div>\n<p>(Informaci\u00f3n remitida por la empresa firmante)<\/p>\n<p>\nMario Vaquerizo ha destacado en su agradecimiento la calidad \u201cde la picota del Jerte\u201d y la importancia del sector agr\u00edcola<\/p>\n<p>\nEl secretario general de Econom\u00eda Empresa y Comercio de Extremadura, V\u00edctor P\u00edriz, ha expresado que el trabajo de la D.O.P. Cereza del Jerte \u201ctiene un impacto econ\u00f3mico crucial en la zona\u201d<\/p>\n<p>\nValle del Jerte, 7 de abril de 2025.- El Consejo Regulador de la Denominaci\u00f3n de Origen Protegida Cereza del Jerte ha concedido el Premio a la Excelencia Picota del Jerte 2025 al cantante y comunicador Mario Vaquerizo, como reconocimiento a su personalidad aut\u00e9ntica y singular, cualidades que comparte con este producto del norte de Extremadura.<\/p>\n<p> El secretario general de Econom\u00eda Empresa y Comercio de Extremadura, V\u00edctor P\u00edriz, ha hecho entrega del Premio a la Excelencia Picota del Jerte 2025 junto al presidente del Consejo Regulador de la D.O.P Cereza del Jerte, Jos\u00e9 Antonio Tierno, en un acto durante el Sal\u00f3n Gourmets, que se celebra en IFEMA del 7 al 10 de abril.<\/p>\n<p> Vaquerizo ha agradecido el premio de la Denominaci\u00f3n de Origen, que para \u00e9l supone \u201cun lujo y un honor\u201d y ha expresado que \u201csi la excelencia es tratar de ser due\u00f1o de tu vida, tratar de hacer las cosas de forma profesional y ser buena persona, este premio ten\u00eda que ser para m\u00ed, la verdad.\u201d Adem\u00e1s, ha destacado la calidad \u201cde la picota del Valle del Jerte, de su poblaci\u00f3n tan maravillosa y, sobre todo, de un gremio como el de la agricultura, que es muy importante\u201d.<\/p>\n<p> Durante el acto de entrega del galard\u00f3n el secretario general de Econom\u00eda Empresa y Comercio de Extremadura, V\u00edctor P\u00edriz, ha destacado \u201cel car\u00e1cter \u00fanico y exclusivo de la picota del Jerte, que s\u00f3lo y \u00fanicamente se produce en el Valle del Jerte\u201d.<\/p>\n<p>\n\u201cSe trata de una peque\u00f1a comarca del norte de la provincia de C\u00e1ceres que pr\u00e1cticamente tiene su sustento en este producto, en esta agricultura, que tiene un impacto econ\u00f3mico crucial en la zona \u201c, ha a\u00f1adido. Asimismo, ha expresado que, con la entrega del galard\u00f3n, \u201cla imagen de Mario Vaquerizo, una persona \u00fanica, se entrelaza con la de un producto tambi\u00e9n \u00fanico\u201d.<\/p>\n<p> Por su parte, el presidente del Consejo Regulador, Jos\u00e9 Antonio Tierno, ha destacado la \u201csinceridad y naturalidad\u201d del premiado. \u201cEs precisamente en ese contexto de autenticidad y distinci\u00f3n que encontramos el paralelismo con Mario Vaquerizo. Al igual que la picota del Jerte, Mario se ha ganado el cari\u00f1o y respeto del p\u00fablico por su autenticidad y su personalidad \u00fanica\u201d.<\/p>\n<p> El Premio a la Excelencia Picota del Jerte es un galard\u00f3n que reconoce la labor de todos aquellos profesionales que desde diferentes \u00e1mbitos destacan \u2013 al igual que la Picota del Jerte- por su autenticidad, calidad y excepcionalidad.<\/p>\n<p> Con este reconocimiento, Mario Vaquerizo se convierte en el XV ganador de un premio que, en ediciones anteriores, ha reca\u00eddo sobre el medallista ol\u00edmpico \u00c1lvaro Mart\u00edn; los chefs To\u00f1o P\u00e9rez y Sergi Arola; los periodistas Pepa Bueno, Pepa Fern\u00e1ndez, Juan Ram\u00f3n Lucas, Raquel S\u00e1nchez Silva, Ana Rosa Quintana, Jorge Javier V\u00e1zquez y Roberto Brasero; el programa \u2018Aqu\u00ed la Tierra\u2019; la actriz y directora Blanca Portillo o los cantantes Roberto Iniesta y Soraya Arnelas.<\/p>\n<p> Mario Vaquerizo, un referente de autenticidad<\/p>\n<p>\nMario Vaquerizo (Madrid; 5 de julio de 1974) es una figura polifac\u00e9tica que ha destacado en el mundo del entretenimiento, la comunicaci\u00f3n y la m\u00fasica. Su trayectoria profesional abarca desde la gesti\u00f3n cultural hasta su consolidaci\u00f3n como un referente medi\u00e1tico en Espa\u00f1a.*<\/p>\n<p>\nInici\u00f3 su carrera en el \u00e1mbito de la comunicaci\u00f3n y la representaci\u00f3n art\u00edstica, trabajando con reconocidos nombres del panorama musical. Como l\u00edder de Las Nancys Rubias, ha logrado posicionar al grupo como un icono de la m\u00fasica pop en Espa\u00f1a. \u2018Reset\u2019 es el nuevo single del grupo con el que Vaquerizo insta a \u201cresetear\u201d tras la ca\u00edda que sufri\u00f3 durante un concierto en C\u00e1ceres. Su carisma y estilo inconfundible lo han convertido en un personaje querido por el p\u00fablico, trascendiendo su faceta musical.*<\/p>\n<p>\nEn televisi\u00f3n, ha participado en numerosos programas de \u00e9xito, consolid\u00e1ndose como colaborador habitual en formatos de entretenimiento y tertulias. Su espontaneidad, sentido del humor y cercan\u00eda lo han convertido en una personalidad medi\u00e1tica imprescindible y un embajador id\u00f3neo para la Picota del Jerte.<\/p>\n<p>\n*<\/p>\n<p>\nConsejo Regulador de la Denominaci\u00f3n de Origen Protegida Cereza del Jerte:<\/p>\n<p>\nEl Consejo Regulador de Denominaci\u00f3n de Origen Protegida Cereza del Jerte es una entidad que trabaja para promocionar y certificar el origen y la calidad de los productos protegidos.<\/p>\n<p> Europa Press Comunicaci\u00f3n: 91 359 26 00*<\/p>\n<p>\nIc\u00edar D\u00edaz iciardiaz@europapress.es<\/p>\n<p>\nMart\u00edn Mora martinmora@europapress.es<\/p>\n<p>\nSusana Sedano susanasedano@europapress.es<\/p>\n<p>\nVirginia Garc\u00eda virginiagarcia@europapress.es<\/p>\n<p>\nConsejo Regulador D.O.P. Cereza del Jerte: 927 47 11 01\/03<\/p>\n<p>\nMar Palacios picota@cerezadeljerte.org*<\/p>\n<p>\nwww.cerezadeljerte.org**<\/p>\n","protected":false},"excerpt":{"rendered":"<p>(Informaci\u00f3n remitida por la empresa firmante) Mario Vaquerizo ha destacado en su agradecimiento la calidad \u201cde la picota del Jerte\u201d y la importancia del sector agr\u00edcola El secretario general de Econom\u00eda Empresa y Comercio de Extremadura, V\u00edctor P\u00edriz, ha expresado que el trabajo de la D.O.P. Cereza del Jerte \u201ctiene un impacto econ\u00f3mico crucial en [&hellip;]<\/p>\n","protected":false},"author":1,"featured_media":0,"comment_status":"closed","ping_status":"closed","sticky":false,"template":"","format":"standard","meta":{"footnotes":""},"categories":[2],"tags":[],"class_list":["post-60823","post","type-post","status-publish","format-standard","hentry","category-noticias"],"_links":{"self":[{"href":"https:\/\/webciudadana.net\/index.php?rest_route=\/wp\/v2\/posts\/60823","targetHints":{"allow":["GET"]}}],"collection":[{"href":"https:\/\/webciudadana.net\/index.php?rest_route=\/wp\/v2\/posts"}],"about":[{"href":"https:\/\/webciudadana.net\/index.php?rest_route=\/wp\/v2\/types\/post"}],"author":[{"embeddable":true,"href":"https:\/\/webciudadana.net\/index.php?rest_route=\/wp\/v2\/users\/1"}],"replies":[{"embeddable":true,"href":"https:\/\/webciudadana.net\/index.php?rest_route=%2Fwp%2Fv2%2Fcomments&post=60823"}],"version-history":[{"count":0,"href":"https:\/\/webciudadana.net\/index.php?rest_route=\/wp\/v2\/posts\/60823\/revisions"}],"wp:attachment":[{"href":"https:\/\/webciudadana.net\/index.php?rest_route=%2Fwp%2Fv2%2Fmedia&parent=60823"}],"wp:term":[{"taxonomy":"category","embeddable":true,"href":"https:\/\/webciudadana.net\/index.php?rest_route=%2Fwp%2Fv2%2Fcategories&post=60823"},{"taxonomy":"post_tag","embeddable":true,"href":"https:\/\/webciudadana.net\/index.php?rest_route=%2Fwp%2Fv2%2Ftags&post=60823"}],"curies":[{"name":"wp","href":"https:\/\/api.w.org\/{rel}","templated":true}]}}