{"id":60855,"date":"2025-04-08T15:29:35","date_gmt":"2025-04-08T13:29:35","guid":{"rendered":"https:\/\/ticker-noticiasep.microcontenidos.com\/NoticiaRSS.vbhtml?user=FRND562DLP&amp;cod=20250408152935"},"modified":"2025-04-08T15:29:35","modified_gmt":"2025-04-08T13:29:35","slug":"sociedad-uic-barcelona-acoge-un-concurso-de-canto-para-promover-jovenes-talentos-de-la-lirica","status":"publish","type":"post","link":"https:\/\/webciudadana.net\/?p=60855","title":{"rendered":"Sociedad: UIC Barcelona acoge un concurso de canto para promover j\u00f3venes talentos de la l\u00edrica"},"content":{"rendered":"\n<p>(Informaci\u00f3n remitida por la empresa firmante)<\/p>\n<p>\nLa Facultad de Ciencias de la Educaci\u00f3n de UIC Barcelona organiza este concurso liderado por la profesora Carolina Estrada, con el apoyo del Departamento de Cultura de la Generalitat.<\/p>\n<p> El 3 de octubre se celebrar\u00e1 la Gala Final donde los finalistas competir\u00e1n por ganar el Gran Premio en memoria de Conxita Badia.<\/p>\n<p> Barcelona, 8 de abril de 2025.- La Universitat Internacional de Catalunya ha presentado hoy el Concurso de Canto UIC Barcelona en memoria de Conxita Badia, la primera edici\u00f3n de una competici\u00f3n abierta al joven talento l\u00edrico que tendr\u00e1 lugar del 30 de septiembre al 3 de octubre en el Aula Magna de UIC Barcelona, con una final abierta al p\u00fablico donde los finalistas competir\u00e1n por ganar el Gran Premio en memoria de Conxita Badia, un reconocimiento dotado con 5.000 euros.<\/p>\n<p> El concurso nace del proyecto de investigaci\u00f3n &#8216;Conxita Badia. Una voz para la cultura catalana&#8217; de la profesora e investigadora de la Facultad de Ciencias de la Educaci\u00f3n de UIC Barcelona, Carolina Estrada, que cuenta con la aprobaci\u00f3n y el apoyo del Departamento de Cultura de la Generalitat de Catalu\u00f1a. El objetivo del concurso es promover la profesionalizaci\u00f3n de j\u00f3venes talentos l\u00edricos a trav\u00e9s de una competici\u00f3n que proyecte sus carreras art\u00edsticas.<\/p>\n<p> El concurso cuenta con una primera fase online llamada \u00abDescubriendo las voces\u00bb, en la que los candidatos deben presentar una grabaci\u00f3n en v\u00eddeo interpretando un programa de libre elecci\u00f3n. Un jurado profesional seleccionar\u00e1 a los candidatos que pasar\u00e1n a una primera audici\u00f3n presencial a puerta cerrada el 1 de octubre en UIC Barcelona. El 3 de octubre a las 17h tendr\u00e1 lugar en el Aula Magna de la universidad la Fase Final \u00abVoz y Alma: Gran Premio en memoria de Conxita Badia\u00bb, una gala en directo abierta al p\u00fablico.<\/p>\n<p> Con la intenci\u00f3n de agradecer la participaci\u00f3n de todos los candidatos y reconocer su talento, el Concurso de Canto cuenta con cerca de una decena de premios remunerados, en categor\u00edas como el Premio del p\u00fablico, al mejor int\u00e9rprete de repertorio oper\u00edstico o al mejor int\u00e9rprete de canci\u00f3n catalana, as\u00ed como la oportunidad de participar en conciertos y masterclasses.<\/p>\n<p> La primera edici\u00f3n del concurso busca fortalecer la lengua y la cultura catalanas a trav\u00e9s de la m\u00fasica, explorando los aspectos \u00fanicos de una tradici\u00f3n musical que ha perdurado gracias a figuras femeninas olvidadas, a las cuales el concurso pretende dar visibilidad y reivindicar. El concurso organizado por UIC Barcelona nace con una perspectiva multidimensional para preservar el patrimonio y la identidad cultural de Catalu\u00f1a.<\/p>\n<p> \u00abEste proyecto es la continuaci\u00f3n de mi investigaci\u00f3n sobre la tradici\u00f3n musical de Enrique Granados, en la que trabajo desde hace m\u00e1s de una d\u00e9cada\u00bb, explica Carolina Estrada. \u00abConxita Badia, como disc\u00edpula suya, se convirti\u00f3 en una figura clave en la transmisi\u00f3n de esta tradici\u00f3n a trav\u00e9s de la voz, y he querido recuperar este legado para ayudar a desarrollar profesionalmente a las nuevas generaciones\u00bb, apunta.<\/p>\n<p> \u00abExiste una falta de visibilidad y de circuitos profesionales estables que hace que muchos talentos emergentes tengan que buscar oportunidades en el extranjero. Ser\u00eda necesario reforzar las estructuras de apoyo y ofrecer m\u00e1s espacios para que los j\u00f3venes m\u00fasicos puedan desarrollar su carrera con garant\u00edas\u00bb, puntualiza la investigadora, que ha impartido cursos en instituciones como la Royal Academy of Music de Londres y en universidades de S\u00eddney, Melbourne y Estrasburgo, entre otras.<\/p>\n<p> M\u00e1s all\u00e1 del Concurso de Canto con el que culmina el proyecto de investigaci\u00f3n de Carolina Estrada, este contempla una serie de jornadas educativas y de trabajo con conciertos de int\u00e9rpretes reconocidos en el territorio. La primera cita de promoci\u00f3n del proyecto es el pr\u00f3ximo 9 de abril a las 17h en la Biblioteca de Catalu\u00f1a, con una conferencia con la participaci\u00f3n de expertos y el concierto de la soprano Katerina Tretyakova, la mezzosoprano Cristina Segura, el tenor Roger Padull\u00e9s y la pianista y l\u00edder del proyecto Carolina Estrada.<\/p>\n<p> El segundo concierto tendr\u00e1 lugar el 11 de mayo en el Real C\u00edrculo Art\u00edstico de Barcelona a las 12h, inspirado en la creencia de Conxita Badia en el poder transformador de la m\u00fasica. La gala l\u00edrica contar\u00e1 con solistas de primer nivel que interpretar\u00e1n un repertorio cuidadosamente seleccionado que refleja la esencia e impacto art\u00edstico de Conxita Badia.<\/p>\n<p> El 2 de octubre, un d\u00eda antes de la Gran Gala Final, todos los participantes disfrutar\u00e1n de un taller de m\u00fasica en UIC Barcelona llamado \u00abSurvival Kit for Singers\u00bb, en el marco del proyecto y con una voluntad pedag\u00f3gica y formativa.<\/p>\n<p> Sobre UIC Barcelona.<\/p>\n<p> La Universitat Internacional de Catalunya (UIC Barcelona) es una universidad privada sin \u00e1nimo de lucro, fundada en 1997 con el compromiso de impactar en la sociedad.<\/p>\n<p> Nuestra misi\u00f3n es formar personas que contribuyan a humanizar la transformaci\u00f3n de la sociedad a trav\u00e9s de la excelencia profesional, la investigaci\u00f3n de impacto, la integridad y el compromiso social.<\/p>\n<p> Impartimos diecis\u00e9is grados, m\u00e1s de cuarenta dobles titulaciones internacionales y un amplio programa de m\u00e1sters y postgrados a una comunidad de unos 9.000 alumnos.<\/p>\n<p> Contamos con ocho facultades situadas en dos campus, ubicados en Barcelona y Sant Cugat del Vall\u00e8s. Creemos en la formaci\u00f3n a lo largo de toda la vida y disponemos de un campus para mayores: el Campus de la Experiencia.<\/p>\n<p> Ofrecemos atenci\u00f3n personalizada, enfoque integral centrado en cada alumno, conexi\u00f3n profesional constante e innovaci\u00f3n en los m\u00e9todos de docencia e investigaci\u00f3n. Tenemos un marcado car\u00e1cter internacional y en nuestros campus conviven personas de m\u00e1s de un centenar de nacionalidades. Estamos conectados con la sociedad y las empresas a trav\u00e9s de quince c\u00e1tedras y cinco aulas de empresa, cinco institutos de investigaci\u00f3n y tres cl\u00ednicas universitarias.<\/p>\n<p> Somos una universidad humanista, sostenible, innovadora y global, y estamos posicionados en los principales rankings nacionales e internacionales.<\/p>\n<p> \u00c1lex S\u00e1nchez Arag\u00f3n.<\/p>\n<p> Responsable de Comunicaci\u00f3n.<\/p>\n<p> UIC Barcelona.<\/p>\n<p> 93 254 18 00 | 638 59 95 64 | asanchezara@uic.es.<\/p>\n<p> Immaculada, 22, 08017 Barcelona | www.uic.es. <\/p>\n","protected":false},"excerpt":{"rendered":"<p>(Informaci\u00f3n remitida por la empresa firmante) La Facultad de Ciencias de la Educaci\u00f3n de UIC Barcelona organiza este concurso liderado por la profesora Carolina Estrada, con el apoyo del Departamento de Cultura de la Generalitat. El 3 de octubre se celebrar\u00e1 la Gala Final donde los finalistas competir\u00e1n por ganar el Gran Premio en memoria [&hellip;]<\/p>\n","protected":false},"author":1,"featured_media":0,"comment_status":"closed","ping_status":"closed","sticky":false,"template":"","format":"standard","meta":{"footnotes":""},"categories":[2],"tags":[],"class_list":["post-60855","post","type-post","status-publish","format-standard","hentry","category-noticias"],"_links":{"self":[{"href":"https:\/\/webciudadana.net\/index.php?rest_route=\/wp\/v2\/posts\/60855","targetHints":{"allow":["GET"]}}],"collection":[{"href":"https:\/\/webciudadana.net\/index.php?rest_route=\/wp\/v2\/posts"}],"about":[{"href":"https:\/\/webciudadana.net\/index.php?rest_route=\/wp\/v2\/types\/post"}],"author":[{"embeddable":true,"href":"https:\/\/webciudadana.net\/index.php?rest_route=\/wp\/v2\/users\/1"}],"replies":[{"embeddable":true,"href":"https:\/\/webciudadana.net\/index.php?rest_route=%2Fwp%2Fv2%2Fcomments&post=60855"}],"version-history":[{"count":0,"href":"https:\/\/webciudadana.net\/index.php?rest_route=\/wp\/v2\/posts\/60855\/revisions"}],"wp:attachment":[{"href":"https:\/\/webciudadana.net\/index.php?rest_route=%2Fwp%2Fv2%2Fmedia&parent=60855"}],"wp:term":[{"taxonomy":"category","embeddable":true,"href":"https:\/\/webciudadana.net\/index.php?rest_route=%2Fwp%2Fv2%2Fcategories&post=60855"},{"taxonomy":"post_tag","embeddable":true,"href":"https:\/\/webciudadana.net\/index.php?rest_route=%2Fwp%2Fv2%2Ftags&post=60855"}],"curies":[{"name":"wp","href":"https:\/\/api.w.org\/{rel}","templated":true}]}}