{"id":60858,"date":"2025-04-08T19:28:31","date_gmt":"2025-04-08T17:28:31","guid":{"rendered":"https:\/\/ticker-noticiasep.microcontenidos.com\/NoticiaRSS.vbhtml?user=FRND562DLP&amp;cod=20250408192831"},"modified":"2025-04-08T19:28:31","modified_gmt":"2025-04-08T17:28:31","slug":"mundo-gedeon-richterla-cariprazina-demuestra-eficacia-en-el-tratamiento-de-trastornos-de-salud-mental","status":"publish","type":"post","link":"https:\/\/webciudadana.net\/?p=60858","title":{"rendered":"Mundo: Gedeon Richter:La cariprazina demuestra eficacia en el tratamiento de trastornos de salud mental"},"content":{"rendered":"\n<p>(Informaci\u00f3n remitida por la empresa firmante)<\/p>\n<p>\nGedeon Richter:La cariprazina demuestra eficacia en el tratamiento de trastornos de salud mental con trastorno combinado por consumo de sustancias<\/p>\n<p>\nBUDAPEST, Hungr\u00eda, 8 de abril de 2025 \/PRNewswire\/ &#8212; En la 33\u00aa Reuni\u00f3n Anual de la Asociaci\u00f3n Europea de Psiquiatr\u00eda (EPA, del 5 al 8 de abril en Madrid), Gedeon Richter Plc present\u00f3 nuevos an\u00e1lisis de estudios sobre cariprazina. Los p\u00f3steres cient\u00edficos demostraron que la cariprazina parece ser una opci\u00f3n terap\u00e9utica adecuada para pacientes con esquizofrenia, m\u00faltiples episodios psic\u00f3ticos y trastorno por consumo de cannabis, de dif\u00edcil tratamiento. Se presentaron tres p\u00f3steres cient\u00edficos m\u00e1s y se organiz\u00f3 una sesi\u00f3n conjunta con la empresa colaboradora Recordati, centrada en las ventajas del tratamiento con antipsic\u00f3ticos de tercera generaci\u00f3n. Finalmente, en la EPA tambi\u00e9n se present\u00f3 una novedosa escala transdiagn\u00f3stica para cuantificar y visualizar la gravedad de los s\u00edntomas en pacientes con diferentes trastornos psiqui\u00e1tricos.<\/p>\n<p> El primer p\u00f3ster cient\u00edfico evalu\u00f3 la eficacia de la cariprazina en pacientes con esquizofrenia dual, m\u00faltiples episodios de esquizofrenia y trastorno por consumo de cannabis. Los resultados del estudio observacional de 6 meses mostraron que la cariprazina parece ser una opci\u00f3n de tratamiento eficaz para esta poblaci\u00f3n de pacientes. El segundo p\u00f3ster mostr\u00f3 que el sexo de los pacientes no parece influir significativamente en el riesgo de reca\u00edda y que la cariprazina disminuye dicho riesgo en comparaci\u00f3n con placebo, tanto en hombres como en mujeres. El tercer p\u00f3ster evalu\u00f3 la progresi\u00f3n y el tratamiento de los s\u00edntomas negativos en pacientes femeninas durante su estancia hospitalaria. Cabe destacar que los resultados indicaron que la cariprazina es la medicaci\u00f3n de primera elecci\u00f3n, tanto en monoterapia como en politerapia, lo que result\u00f3 en una disminuci\u00f3n significativa de los s\u00edntomas negativos durante la hospitalizaci\u00f3n. Finalmente, el cuarto p\u00f3ster recopil\u00f3 toda la evidencia disponible sobre la estrategia de potenciaci\u00f3n de cariprazina-clozapina, mostrando que parece ser prometedora para la esquizofrenia resistente al tratamiento, en particular para los s\u00edntomas negativos, con resultados de seguridad favorables.<\/p>\n<p> Adem\u00e1s, Richter y Recordati organizaron un simposio cient\u00edfico titulado \u00abActividad parcial, impacto total: innovaciones en el tratamiento de la esquizofrenia\u00bb, donde los expertos discutieron el potencial de los agonistas parciales del receptor de dopamina y la importancia de comprender el mecanismo de acci\u00f3n para diferenciar y personalizar las terapias.<\/p>\n<p> El 4 de abril, durante un evento cient\u00edfico en el que participaron alrededor de 100 m\u00e9dicos, se destac\u00f3 la importancia de utilizar la atenci\u00f3n basada en mediciones en la pr\u00e1ctica psiqui\u00e1trica diaria: el profesor Christoph U. Correll y un experto de Gedeon Richter presentaron una novedosa escala transdiagn\u00f3sticapara cuantificar-visualizar la gravedad de los s\u00edntomas en pacientes con diferentes condiciones psiqui\u00e1tricas.<\/p>\n<p> La cariprazina est\u00e1 disponible en 67 pa\u00edses a nivel mundial, y el n\u00famero total de pacientes tratados desde su lanzamiento en Europa y EE.UU. es de alrededor de 1.700.000 (diferentes indicaciones).<\/p>\n<p> Acerca de Richter<\/p>\n<p>\nAcerca de Recordati<\/p>\n<p>\nAcerca de Cariprazine<\/p>\n<p>\nContacto de medios: Zsuzsa Beke, responsable de RR.PP., zs.beke@gedeonrichter.com<\/p>\n<p> View original content:https:\/\/www.prnewswire.com\/news-releases\/gedeon-richterla-cariprazina-demuestra-eficacia-en-el-tratamiento-de-trastornos-de-salud-mental-302423682.html<\/p>\n","protected":false},"excerpt":{"rendered":"<p>(Informaci\u00f3n remitida por la empresa firmante) Gedeon Richter:La cariprazina demuestra eficacia en el tratamiento de trastornos de salud mental con trastorno combinado por consumo de sustancias BUDAPEST, Hungr\u00eda, 8 de abril de 2025 \/PRNewswire\/ &#8212; En la 33\u00aa Reuni\u00f3n Anual de la Asociaci\u00f3n Europea de Psiquiatr\u00eda (EPA, del 5 al 8 de abril en Madrid), [&hellip;]<\/p>\n","protected":false},"author":1,"featured_media":0,"comment_status":"closed","ping_status":"closed","sticky":false,"template":"","format":"standard","meta":{"footnotes":""},"categories":[2],"tags":[],"class_list":["post-60858","post","type-post","status-publish","format-standard","hentry","category-noticias"],"_links":{"self":[{"href":"https:\/\/webciudadana.net\/index.php?rest_route=\/wp\/v2\/posts\/60858","targetHints":{"allow":["GET"]}}],"collection":[{"href":"https:\/\/webciudadana.net\/index.php?rest_route=\/wp\/v2\/posts"}],"about":[{"href":"https:\/\/webciudadana.net\/index.php?rest_route=\/wp\/v2\/types\/post"}],"author":[{"embeddable":true,"href":"https:\/\/webciudadana.net\/index.php?rest_route=\/wp\/v2\/users\/1"}],"replies":[{"embeddable":true,"href":"https:\/\/webciudadana.net\/index.php?rest_route=%2Fwp%2Fv2%2Fcomments&post=60858"}],"version-history":[{"count":0,"href":"https:\/\/webciudadana.net\/index.php?rest_route=\/wp\/v2\/posts\/60858\/revisions"}],"wp:attachment":[{"href":"https:\/\/webciudadana.net\/index.php?rest_route=%2Fwp%2Fv2%2Fmedia&parent=60858"}],"wp:term":[{"taxonomy":"category","embeddable":true,"href":"https:\/\/webciudadana.net\/index.php?rest_route=%2Fwp%2Fv2%2Fcategories&post=60858"},{"taxonomy":"post_tag","embeddable":true,"href":"https:\/\/webciudadana.net\/index.php?rest_route=%2Fwp%2Fv2%2Ftags&post=60858"}],"curies":[{"name":"wp","href":"https:\/\/api.w.org\/{rel}","templated":true}]}}