{"id":60859,"date":"2025-04-08T22:22:23","date_gmt":"2025-04-08T20:22:23","guid":{"rendered":"https:\/\/ticker-noticiasep.microcontenidos.com\/NoticiaRSS.vbhtml?user=FRND562DLP&amp;cod=20250408222223"},"modified":"2025-04-08T22:22:23","modified_gmt":"2025-04-08T20:22:23","slug":"mundo-kemin-industries-lamenta-la-perdida-de-su-cofundador-r-w-nelson-2","status":"publish","type":"post","link":"https:\/\/webciudadana.net\/?p=60859","title":{"rendered":"Mundo: Kemin Industries lamenta la p\u00e9rdida de su cofundador, R.W. Nelson (2)"},"content":{"rendered":"\n<div><img decoding=\"async\" src=\"https:\/\/img.europapress.es\/fotoweb\/fotonoticia_20250408222223_300.jpg\" class=\"ff-og-image-inserted\"><\/div>\n<p>(Informaci\u00f3n remitida por la empresa firmante)<\/p>\n<p>\nCiertas declaraciones, etiquetado de productos y reclamaciones pueden diferir seg\u00fan la geograf\u00eda o seg\u00fan lo exijan los requisitos gubernamentales. Foto &#8211; https:\/\/mma.prnewswire.com\/media\/2660157\/Kemin_Industries_Co_Founder_RW_Nelson.jpg<\/p>\n<p>\nLogo &#8212; https:\/\/mma.prnewswire.com\/media\/901853\/Updated_Kemin_Logo.jpg<\/p>\n<p> View original content:https:\/\/www.prnewswire.com\/news-releases\/kemin-industries-lamenta-la-perdida-de-su-cofundador-rw-nelson-302423861.html<\/p>\n","protected":false},"excerpt":{"rendered":"<p>(Informaci\u00f3n remitida por la empresa firmante) Ciertas declaraciones, etiquetado de productos y reclamaciones pueden diferir seg\u00fan la geograf\u00eda o seg\u00fan lo exijan los requisitos gubernamentales. Foto &#8211; https:\/\/mma.prnewswire.com\/media\/2660157\/Kemin_Industries_Co_Founder_RW_Nelson.jpg Logo &#8212; https:\/\/mma.prnewswire.com\/media\/901853\/Updated_Kemin_Logo.jpg View original content:https:\/\/www.prnewswire.com\/news-releases\/kemin-industries-lamenta-la-perdida-de-su-cofundador-rw-nelson-302423861.html<\/p>\n","protected":false},"author":1,"featured_media":0,"comment_status":"closed","ping_status":"closed","sticky":false,"template":"","format":"standard","meta":{"footnotes":""},"categories":[2],"tags":[],"class_list":["post-60859","post","type-post","status-publish","format-standard","hentry","category-noticias"],"_links":{"self":[{"href":"https:\/\/webciudadana.net\/index.php?rest_route=\/wp\/v2\/posts\/60859","targetHints":{"allow":["GET"]}}],"collection":[{"href":"https:\/\/webciudadana.net\/index.php?rest_route=\/wp\/v2\/posts"}],"about":[{"href":"https:\/\/webciudadana.net\/index.php?rest_route=\/wp\/v2\/types\/post"}],"author":[{"embeddable":true,"href":"https:\/\/webciudadana.net\/index.php?rest_route=\/wp\/v2\/users\/1"}],"replies":[{"embeddable":true,"href":"https:\/\/webciudadana.net\/index.php?rest_route=%2Fwp%2Fv2%2Fcomments&post=60859"}],"version-history":[{"count":0,"href":"https:\/\/webciudadana.net\/index.php?rest_route=\/wp\/v2\/posts\/60859\/revisions"}],"wp:attachment":[{"href":"https:\/\/webciudadana.net\/index.php?rest_route=%2Fwp%2Fv2%2Fmedia&parent=60859"}],"wp:term":[{"taxonomy":"category","embeddable":true,"href":"https:\/\/webciudadana.net\/index.php?rest_route=%2Fwp%2Fv2%2Fcategories&post=60859"},{"taxonomy":"post_tag","embeddable":true,"href":"https:\/\/webciudadana.net\/index.php?rest_route=%2Fwp%2Fv2%2Ftags&post=60859"}],"curies":[{"name":"wp","href":"https:\/\/api.w.org\/{rel}","templated":true}]}}