{"id":60873,"date":"2025-04-09T12:00:51","date_gmt":"2025-04-09T10:00:51","guid":{"rendered":"https:\/\/ticker-noticiasep.microcontenidos.com\/NoticiaRSS.vbhtml?user=FRND562DLP&amp;cod=20250409120051"},"modified":"2025-04-09T12:00:51","modified_gmt":"2025-04-09T10:00:51","slug":"mundo-cold-summit-anuncia-su-expansion-europea-y-nombra-a-harld-peters-director-general-de-cold-summit-europe","status":"publish","type":"post","link":"https:\/\/webciudadana.net\/?p=60873","title":{"rendered":"Mundo: Cold Summit anuncia su expansi\u00f3n europea y nombra a Harld Peters director general de Cold Summit Europe"},"content":{"rendered":"\n<div><img decoding=\"async\" src=\"https:\/\/img.europapress.es\/fotoweb\/fotonoticia_20250409120051_300.jpg\" class=\"ff-og-image-inserted\"><\/div>\n<p>(Informaci\u00f3n remitida por la empresa firmante)<\/p>\n<p>\nSUN VALLEY, Idaho, 9 de abril de 2025 \/PRNewswire\/ &#8212; Cold Summit, empresa l\u00edder en el desarrollo de soluciones de almacenamiento frigor\u00edfico de \u00faltima generaci\u00f3n, se complace en anunciar la expansi\u00f3n de sus operaciones en Europa con la creaci\u00f3n de Cold Summit Europe. Para liderar esta iniciativa estrat\u00e9gica, la compa\u00f1\u00eda ha nombrado a Harld Peters director general de Cold Summit Europe.<\/p>\n<p> Harld cuenta con m\u00e1s de 30 a\u00f1os de experiencia internacional en la gesti\u00f3n de la cadena de suministro global y el sector servicios, habiendo ocupado puestos de alta direcci\u00f3n en empresas de primer nivel como UPS y, m\u00e1s recientemente, como presidente de Lineage Europe. Ha liderado operaciones a gran escala en los sectores de alta tecnolog\u00eda, bienes de consumo de alta rotaci\u00f3n, farmac\u00e9utico y alimentario, con una amplia experiencia en log\u00edstica contractual, transporte de mercanc\u00edas, transporte y entrega de paquetes peque\u00f1os. Su trayectoria internacional abarca varios pa\u00edses y continentes, lo que lo capacita excepcionalmente para liderar la expansi\u00f3n de Cold Summit en Europa.<\/p>\n<p> \u00abLa profunda experiencia de Harld en el sector y su perspectiva global lo convierten en el l\u00edder ideal para impulsar nuestra expansi\u00f3n en el mercado europeo de la cadena de fr\u00edo\u00bb, afirm\u00f3 Scott Pertel, consejero delegado de Cold Summit. \u00abSu demostrada capacidad para alinear la visi\u00f3n con la ejecuci\u00f3n y generar crecimiento en entornos log\u00edsticos complejos ser\u00e1 fundamental a medida que expandimos nuestra presencia y oferta de servicios en toda Europa\u00bb.<\/p>\n<p> \u00abEs un honor para m\u00ed unirme a Cold Summit en esta emocionante etapa de crecimiento\u00bb, afirm\u00f3 Harld Peters. \u00abLa demanda de soluciones de almacenamiento frigor\u00edfico modernas, eficientes y sostenibles en Europa es considerable, y Cold Summit est\u00e1 bien posicionada para aportar valor a una amplia gama de clientes. Espero liderar nuestra expansi\u00f3n y consolidar nuestra presencia en la regi\u00f3n\u00bb.<\/p>\n<p> Con esta iniciativa, Cold Summit contin\u00faa su misi\u00f3n de transformar la industria global de la cadena de fr\u00edo mediante la innovaci\u00f3n, el dise\u00f1o centrado en el cliente y una infraestructura energ\u00e9ticamente eficiente. La expansi\u00f3n a Europa marca un hito importante en el crecimiento de la compa\u00f1\u00eda y su compromiso de ofrecer soluciones de almacenamiento frigor\u00edfico de excelencia en todo el mundo.<\/p>\n<p> Acerca de Cold Summit<\/p>\n<p>\nCold Summit es un desarrollador de instalaciones log\u00edsticas y de almacenamiento frigor\u00edfico innovadoras y de alto rendimiento, dise\u00f1adas para satisfacer las cambiantes necesidades de los sectores alimentario, farmac\u00e9utico y log\u00edstico. Con sede en Sun Valley, Idaho, y oficinas en Florida, Virginia y \u00c1msterdam, Cold Summit ofrece soluciones integrales que abarcan desde la asesor\u00eda y el desarrollo hasta la construcci\u00f3n y las operaciones.<\/p>\n<p> www.coldsummit.com<\/p>\n<p>\nFoto &#8212; https:\/\/mma.prnewswire.com\/media\/2658469\/Cold_Summit_Port_of_Wilmington.jpg<\/p>\n<p>\nLogo &#8212; https:\/\/mma.prnewswire.com\/media\/2658468\/Cold_Summit_Logo.jpg<\/p>\n<p> View original content:https:\/\/www.prnewswire.com\/news-releases\/cold-summit-anuncia-su-expansion-europea-y-nombra-a-harld-peters-director-general-de-cold-summit-europe-302422835.html<\/p>\n","protected":false},"excerpt":{"rendered":"<p>(Informaci\u00f3n remitida por la empresa firmante) SUN VALLEY, Idaho, 9 de abril de 2025 \/PRNewswire\/ &#8212; Cold Summit, empresa l\u00edder en el desarrollo de soluciones de almacenamiento frigor\u00edfico de \u00faltima generaci\u00f3n, se complace en anunciar la expansi\u00f3n de sus operaciones en Europa con la creaci\u00f3n de Cold Summit Europe. Para liderar esta iniciativa estrat\u00e9gica, la [&hellip;]<\/p>\n","protected":false},"author":1,"featured_media":0,"comment_status":"closed","ping_status":"closed","sticky":false,"template":"","format":"standard","meta":{"footnotes":""},"categories":[2],"tags":[],"class_list":["post-60873","post","type-post","status-publish","format-standard","hentry","category-noticias"],"_links":{"self":[{"href":"https:\/\/webciudadana.net\/index.php?rest_route=\/wp\/v2\/posts\/60873","targetHints":{"allow":["GET"]}}],"collection":[{"href":"https:\/\/webciudadana.net\/index.php?rest_route=\/wp\/v2\/posts"}],"about":[{"href":"https:\/\/webciudadana.net\/index.php?rest_route=\/wp\/v2\/types\/post"}],"author":[{"embeddable":true,"href":"https:\/\/webciudadana.net\/index.php?rest_route=\/wp\/v2\/users\/1"}],"replies":[{"embeddable":true,"href":"https:\/\/webciudadana.net\/index.php?rest_route=%2Fwp%2Fv2%2Fcomments&post=60873"}],"version-history":[{"count":0,"href":"https:\/\/webciudadana.net\/index.php?rest_route=\/wp\/v2\/posts\/60873\/revisions"}],"wp:attachment":[{"href":"https:\/\/webciudadana.net\/index.php?rest_route=%2Fwp%2Fv2%2Fmedia&parent=60873"}],"wp:term":[{"taxonomy":"category","embeddable":true,"href":"https:\/\/webciudadana.net\/index.php?rest_route=%2Fwp%2Fv2%2Fcategories&post=60873"},{"taxonomy":"post_tag","embeddable":true,"href":"https:\/\/webciudadana.net\/index.php?rest_route=%2Fwp%2Fv2%2Ftags&post=60873"}],"curies":[{"name":"wp","href":"https:\/\/api.w.org\/{rel}","templated":true}]}}