{"id":60890,"date":"2025-04-10T09:06:32","date_gmt":"2025-04-10T07:06:32","guid":{"rendered":"https:\/\/ticker-noticiasep.microcontenidos.com\/NoticiaRSS.vbhtml?user=FRND562DLP&amp;cod=20250410090632"},"modified":"2025-04-10T09:06:32","modified_gmt":"2025-04-10T07:06:32","slug":"sociedad-asanec-senala-seis-retos-a-los-que-la-efyc-se-enfrenta-para-mejorar-la-atencion-primaria","status":"publish","type":"post","link":"https:\/\/webciudadana.net\/?p=60890","title":{"rendered":"Sociedad: Asanec se\u00f1ala seis retos a los que la EFyC se enfrenta para mejorar la Atenci\u00f3n Primaria"},"content":{"rendered":"\n<div><img decoding=\"async\" src=\"https:\/\/img.europapress.es\/fotoweb\/fotonoticia_20250410090632_300.jpg\" class=\"ff-og-image-inserted\"><\/div>\n<p>(Informaci\u00f3n remitida por la empresa firmante)<\/p>\n<p>\nEn el D\u00eda Internacional de la Atenci\u00f3n Primaria, la asociaci\u00f3n ASANEC reconoce que la atenci\u00f3n a los pacientes puede mejorar fortaleciendo la promoci\u00f3n de la salud, adecuando las plantilla, ampliando las competencias de las enfermeras en un modelo de trabajo en equipo, mejorando la coordinaci\u00f3n sociosanitaria e implantado de forma efectiva la tecnolog\u00eda digital<\/p>\n<p>\nSevilla, 10 de abril de 2025.-Con motivo del D\u00eda Internacional de la Atenci\u00f3n Primaria, ASANEC como sociedad cient\u00edfica cuyo objetivo es alcanzar la mejora de la calidad asistencial de los pacientes, pone el foco en seis retos inminentes que vive la atenci\u00f3n primaria con el fin de ofrecer la mejor atenci\u00f3n a los pacientes. En primer lugar, exponen que el sistema requiere de la adecuaci\u00f3n de las plantillas de Enfermeras de Familia y Comunitaria en los servicios de salud y la incorporaci\u00f3n de especialistas. El aumento de los pacientes cr\u00f3nicos y de los mayores genera \u201cuna atenci\u00f3n m\u00e1s intensa y continuada por parte de las enfermeras de familia, especialmente en la prevenci\u00f3n, en la educaci\u00f3n sanitaria, el seguimiento domiciliario y el control del paciente polimedicado\u201d, explica Mar\u00eda Dolores Ruiz, presidenta de ASANEC.<\/p>\n<p> Por otro lado, el fortalecimiento del modelo de promoci\u00f3n y fomento de la salud sustentado en la participaci\u00f3n comunitaria y en la educaci\u00f3n para la salud. En esta l\u00ednea, ASANEC subraya la necesidad de mejorar la coordinaci\u00f3n sociosanitaria y el trabajo en equipo. Ruiz incide en que \u201cel trabajo en equipo multidisciplinares e interdisciplinares puede optimizar la Atenci\u00f3n Primaria\u201d. Para ello, desde ASANEC manifiestan los beneficios de \u201cincrementar el trabajo colaborativo entre los distintos profesionales de los equipos, incentivando modelos de liderazgo participativos con el fin de permitir que distintos perfiles profesionales asumen responsabilidades en funci\u00f3n de sus capacidades y competencias\u201d.<\/p>\n<p> De hecho, desde la Asociaci\u00f3n Andaluza de Enfermer\u00eda Familiar y Comunitaria exponen que las enfermeras puedan desarrollar competencias para las que se han formado. Ruiz pone en valor los conocimientos de los profesionales del sector fuera de Espa\u00f1a: \u201cnuestras enfermeras de familia y comunitaria son muy bien acogidas en otros pa\u00edses por el nivel de competencias y la formaci\u00f3n que han adquirido en el grado, postgrado y formaci\u00f3n sanitaria especializada\u201d, indica la presidenta de la asociaci\u00f3n. Este motivo deriva el fomento del desarrollo de competencias de las enfermeras de familia para que alcancen a ser finalistas de procesos en los centros sanitarios, al igual que en otros pa\u00edses.<\/p>\n<p> As\u00ed mismo, desde la asociaci\u00f3n no se olvidan de la integraci\u00f3n efectiva de la tecnolog\u00eda digital. La Estrategia de Salud Digital del Sistema Nacional de Salud mantiene unas directrices claras que han de implantarse en la Atenci\u00f3n Primaria. Desde la asociaci\u00f3n se requiere una mayor implicaci\u00f3n de los profesionales en los sistemas electr\u00f3nicos, acceso a historias cl\u00ednicas digitales y la telemonitorizaci\u00f3n domiciliar\u00eda\u201d.<\/p>\n<p> Las enfermedades m\u00e1s habituales en Atenci\u00f3n Primaria<\/p>\n<p>\nEn los \u00faltimos a\u00f1os se est\u00e1 detectando un aumento del malestar emocional, especialmente afectando en la calidad de vida de los j\u00f3venes, es por ello, por lo que la asociaci\u00f3n exige recursos para la prevenci\u00f3n y el tratamiento. Por otro lado, se est\u00e1 detectando entre la poblaci\u00f3n joven, el aumento de las enfermedades de transmisi\u00f3n sexual y el consumo del alcohol, el tabaquismo y otras drogas qu\u00edmicas. As\u00ed mismo exponen que el envejecimiento de la poblaci\u00f3n, con patolog\u00edas cr\u00f3nicas precisan cuidados en entornos domiciliarios, con alta dependencia y discapacidad. Por \u00faltimo, la Asanec quiere manifestar el incremento de las desigualdades y de la accesibilidad al sistema sanitario existente entre los colectivos vulnerables.<\/p>\n<p>\nLa actuaci\u00f3n de los profesionales del sector sanitario ha vivido una evoluci\u00f3n, especialmente tras la pandemia. Fue en ese momento cuando se impulsaron cambios significativos, generando protocolos \u201cm\u00e1s din\u00e1micos, flexibles y orientados a la comunidad\u201d. Sin embargo, desde ASANEC inciden en que \u201caunque algunos procesos han mejorado sustancialmente a\u00fan persisten ciertos desaf\u00edos relacionados con recursos y personal que condicionan la plena implementaci\u00f3n de dichos protocolos\u201d, indica Ruiz. La labor de ASANEC, totalmente ligada a la escucha activa y a la observaci\u00f3n de las patolog\u00edas de la ciudadan\u00eda, hace un llamamiento reiterado sobre el aumento de la ratio de las enfermeras y la incorporaci\u00f3n de las especialistas de Enfermer\u00eda Familiar y Comunitaria a los centros de Atenci\u00f3n Primaria.<\/p>\n<p> XVI Edici\u00f3n del Congreso de ASANEC<\/p>\n<p>\nLa visi\u00f3n global por parte de ASANEC deriva de la labor diaria de los grupos de trabajo y del congreso que lleva su nombre. El congreso de ASANEC es \u201cun evento clave en la comunidad cient\u00edfica sanitaria a nivel nacional e internacional con el fin de compartir experiencias entre los profesionales y fortalecer la comunidad de quienes trabajan en la atenci\u00f3n primaria\u201d, manifiesta su presidenta.<\/p>\n<p>\nLos pr\u00f3ximos 28, 29 y 30 de mayo la ciudad de C\u00e1diz ser\u00e1 la encargada de facilitar el intercambio cient\u00edfico, fomentar la comunicaci\u00f3n entre profesionales sanitarios, investigadores, docentes, residentes, tutores y estudiantes mediante mesas redondas, talleres, ponencias y presentaci\u00f3n de trabajos cient\u00edficos para mostrar el rigor profesional y seguir tomando el pulso a las necesidades sanitarias de la ciudadan\u00eda.<\/p>\n<p> Sobre Asanec<\/p>\n<p>\nAsanec es la Asociaci\u00f3n Andaluza de Enfermer\u00eda Familiar y Comunitaria formada por enfermeras y enfermeros de toda la geograf\u00eda andaluza que, sin \u00e1nimo de lucro, trabajan por y para el desarrollo de la profesi\u00f3n. Asanec, como sociedad cient\u00edfica, persigue la mejora de la calidad asistencial en el \u00e1mbito comunitario desde la defensa de la sanidad p\u00fablica, influyendo y dialogando con las Administraciones. Entre sus fines se encuentra brindar formaci\u00f3n e investigaci\u00f3n en la pr\u00e1ctica de la enfermer\u00eda para ofrecer cuidados de calidad a la comunidad, as\u00ed como colaborar con otras sociedades cient\u00edficas y asociaciones para el mejor desarrollo de la profesi\u00f3n.<\/p>\n<p> Contacto de Prensa:<\/p>\n<p>\nLeopoldo Eduardo Alonso Llofriu<\/p>\n<p>\n722 78 40 41<\/p>\n<p>\nleopoldoalonso@europapress.es<\/p>\n<p>\nSandra Delgado<\/p>\n<p>\n679 17 79 45<\/p>\n<p>\nsandradelgado@europapress.es<\/p>\n","protected":false},"excerpt":{"rendered":"<p>(Informaci\u00f3n remitida por la empresa firmante) En el D\u00eda Internacional de la Atenci\u00f3n Primaria, la asociaci\u00f3n ASANEC reconoce que la atenci\u00f3n a los pacientes puede mejorar fortaleciendo la promoci\u00f3n de la salud, adecuando las plantilla, ampliando las competencias de las enfermeras en un modelo de trabajo en equipo, mejorando la coordinaci\u00f3n sociosanitaria e implantado de [&hellip;]<\/p>\n","protected":false},"author":1,"featured_media":0,"comment_status":"closed","ping_status":"closed","sticky":false,"template":"","format":"standard","meta":{"footnotes":""},"categories":[2],"tags":[],"class_list":["post-60890","post","type-post","status-publish","format-standard","hentry","category-noticias"],"_links":{"self":[{"href":"https:\/\/webciudadana.net\/index.php?rest_route=\/wp\/v2\/posts\/60890","targetHints":{"allow":["GET"]}}],"collection":[{"href":"https:\/\/webciudadana.net\/index.php?rest_route=\/wp\/v2\/posts"}],"about":[{"href":"https:\/\/webciudadana.net\/index.php?rest_route=\/wp\/v2\/types\/post"}],"author":[{"embeddable":true,"href":"https:\/\/webciudadana.net\/index.php?rest_route=\/wp\/v2\/users\/1"}],"replies":[{"embeddable":true,"href":"https:\/\/webciudadana.net\/index.php?rest_route=%2Fwp%2Fv2%2Fcomments&post=60890"}],"version-history":[{"count":0,"href":"https:\/\/webciudadana.net\/index.php?rest_route=\/wp\/v2\/posts\/60890\/revisions"}],"wp:attachment":[{"href":"https:\/\/webciudadana.net\/index.php?rest_route=%2Fwp%2Fv2%2Fmedia&parent=60890"}],"wp:term":[{"taxonomy":"category","embeddable":true,"href":"https:\/\/webciudadana.net\/index.php?rest_route=%2Fwp%2Fv2%2Fcategories&post=60890"},{"taxonomy":"post_tag","embeddable":true,"href":"https:\/\/webciudadana.net\/index.php?rest_route=%2Fwp%2Fv2%2Ftags&post=60890"}],"curies":[{"name":"wp","href":"https:\/\/api.w.org\/{rel}","templated":true}]}}