{"id":60892,"date":"2025-04-10T11:29:48","date_gmt":"2025-04-10T09:29:48","guid":{"rendered":"https:\/\/ticker-noticiasep.microcontenidos.com\/NoticiaRSS.vbhtml?user=FRND562DLP&amp;cod=20250410112948"},"modified":"2025-04-10T11:29:48","modified_gmt":"2025-04-10T09:29:48","slug":"se-anuncia-el-nuevo-museo-dedicado-a-la-inmigracion-en-alemania","status":"publish","type":"post","link":"https:\/\/webciudadana.net\/?p=60892","title":{"rendered":"Se anuncia el nuevo museo dedicado a la inmigraci\u00f3n en Alemania"},"content":{"rendered":"\n<div><img decoding=\"async\" src=\"https:\/\/img.europapress.es\/fotoweb\/fotonoticia_20250410112948_300.jpg\" class=\"ff-og-image-inserted\"><\/div>\n<p>(Informaci\u00f3n remitida por la empresa firmante)<\/p>\n<p>\nNEWS AKTUELL \/\/ Cologne, Germany 10.04.2025 \u2013 Las nuevas instalaciones se abrir\u00e1n al p\u00fablico en la ciudad de Colonia a partir de 2029: el Museum Selma mostrar\u00e1 c\u00f3mo la inmigraci\u00f3n ha conformado la sociedad del pa\u00eds germano. La exposici\u00f3n, instalada en una antigua nave industrial, ha sido concebida como una experiencia de flujo libre y se basa en m\u00e1s de 150 000 documentos hist\u00f3ricos pertenecientes a la historia de la inmigraci\u00f3n en Alemania. Es el resultado de una iniciativa que empez\u00f3 como una organizaci\u00f3n de inmigrantes autogestionada. Ahora puede llevarse a cabo gracias a la concesi\u00f3n de fondos p\u00fablicos que ascienden a un total de 44,26 millones de euros, y, por ello, ATELIER BR\u00dcCKNER gestionar\u00e1 las instalaciones y la exhibici\u00f3n de forma sostenible.<\/p>\n<p> Todo comenz\u00f3 en 1990 en Essen. El mismo a\u00f1o que el pa\u00eds celebraba la reunificaci\u00f3n entre Alemania Occidental y Alemania Oriental, un grupo de inmigrantes fundaba su propia asociaci\u00f3n con el fin de visibilizar la larga historia y la presencia de la inmigraci\u00f3n en el pa\u00eds germano con un museo dedicado a ella. Pasar\u00edan 30 a\u00f1os antes de que el estado alem\u00e1n se decidiese a financiar el proyecto. Entretanto, la asociaci\u00f3n fue recopilando documentos hist\u00f3ricos relativos a la inmigraci\u00f3n en Alemania, creando la mayor colecci\u00f3n del pa\u00eds. El vestido de una mujer exiliada de Togo, una balanza alimentaria de inmigrantes italianos de clase trabajadora, los guantes de boxeo de un inmigrante de Mostar (Bosnia y Herzegovina). La mayor\u00eda de los objetos son concesiones de propietarios particulares y todos ellos giran en torno a la misma idea: mi historia es la historia de Alemania.<\/p>\n<p> La influencia de la inmigraci\u00f3n desde el per\u00edodo de posguerra hasta la actualidad podr\u00e1 verse a gran escala a partir de 2029, a\u00f1o en el que se inaugurar\u00e1 el Museum Selma en Colonia, en pleno coraz\u00f3n de Europa. Le dar\u00e1 cabida una antigua nave industrial reconvertida. La financiaci\u00f3n para la planificaci\u00f3n general ha sido adjudicada al estudio ATELIER BR\u00dcCKNER, situado en la ciudad de Stuttgart, un reconocido estudio que se ha encargado ya de las exposiciones del Gran Museo de Egipto y del Museo Infantil del Louvre Abu Dhabi. El dise\u00f1o arquitect\u00f3nico del Museum Selma conserva la estructura de soporte de la nave, de m\u00e1s de 100 a\u00f1os de antig\u00fcedad, y la acondicionar\u00e1 con estructuras de madera sostenibles.<\/p>\n<p> En una superficie de unos 10 000 m2 se erigir\u00e1 un museo moderno, que se abrir\u00e1 al trabajo con comunidades, poblaciones urbanas y grupos marginalizados tanto desde el punto de vista arquitect\u00f3nico como conceptual. Combinar\u00e1 salas de exposici\u00f3n con superficies polivalentes, una sala de cine, un laboratorio digital, una zona infantil, espacios de almacenamiento y una biblioteca.<\/p>\n<p>\n*Con el Museum Selma cubrimos un hueco en la oferta muse\u00edstica alemana* afirma Robert Fuchs, director de la organizaci\u00f3n sin \u00e1nimo de lucro DOMiD gGmbH: *M\u00e1s de 21 millones de personas en Alemania provienen de un trasfondo migratorio o su historia familiar tiene componentes de inmigraci\u00f3n. Con frecuencia no se tienen en cuenta sus perspectivas y trayectorias vitales. Con este museo queremos ofrecer un espacio en el que plantear debates democr\u00e1ticos, desmontar prejuicios y crecer todos juntos como sociedad*.<\/p>\n<p> www.museum-selma.de\/en <\/p>\n<p>\nContacto de prensa del Museum Selma<\/p>\n<p>\nTimo Glatz<\/p>\n<p>\nDOMiD gGmbH \u2013 Dokumentationszentrum und Museum \u00fcber die Migration in Deutschland (Centro de documentaci\u00f3n y museo de la inmigraci\u00f3n en Alemania)<\/p>\n<p>\nVenloer Stra*e 419, 50825 Colonia (Alemania)<\/p>\n<p>\nCorreo electr\u00f3nico: presse@domid.org \/\/ Tel.: +49 (0) 22129494484 <\/p>\n<p>\nSala de prensa (en ingl\u00e9s y alem\u00e1n): https:\/\/www.museum-selma.de\/en\/press<\/p>\n","protected":false},"excerpt":{"rendered":"<p>(Informaci\u00f3n remitida por la empresa firmante) NEWS AKTUELL \/\/ Cologne, Germany 10.04.2025 \u2013 Las nuevas instalaciones se abrir\u00e1n al p\u00fablico en la ciudad de Colonia a partir de 2029: el Museum Selma mostrar\u00e1 c\u00f3mo la inmigraci\u00f3n ha conformado la sociedad del pa\u00eds germano. La exposici\u00f3n, instalada en una antigua nave industrial, ha sido concebida como [&hellip;]<\/p>\n","protected":false},"author":1,"featured_media":0,"comment_status":"closed","ping_status":"closed","sticky":false,"template":"","format":"standard","meta":{"footnotes":""},"categories":[2],"tags":[],"class_list":["post-60892","post","type-post","status-publish","format-standard","hentry","category-noticias"],"_links":{"self":[{"href":"https:\/\/webciudadana.net\/index.php?rest_route=\/wp\/v2\/posts\/60892","targetHints":{"allow":["GET"]}}],"collection":[{"href":"https:\/\/webciudadana.net\/index.php?rest_route=\/wp\/v2\/posts"}],"about":[{"href":"https:\/\/webciudadana.net\/index.php?rest_route=\/wp\/v2\/types\/post"}],"author":[{"embeddable":true,"href":"https:\/\/webciudadana.net\/index.php?rest_route=\/wp\/v2\/users\/1"}],"replies":[{"embeddable":true,"href":"https:\/\/webciudadana.net\/index.php?rest_route=%2Fwp%2Fv2%2Fcomments&post=60892"}],"version-history":[{"count":0,"href":"https:\/\/webciudadana.net\/index.php?rest_route=\/wp\/v2\/posts\/60892\/revisions"}],"wp:attachment":[{"href":"https:\/\/webciudadana.net\/index.php?rest_route=%2Fwp%2Fv2%2Fmedia&parent=60892"}],"wp:term":[{"taxonomy":"category","embeddable":true,"href":"https:\/\/webciudadana.net\/index.php?rest_route=%2Fwp%2Fv2%2Fcategories&post=60892"},{"taxonomy":"post_tag","embeddable":true,"href":"https:\/\/webciudadana.net\/index.php?rest_route=%2Fwp%2Fv2%2Ftags&post=60892"}],"curies":[{"name":"wp","href":"https:\/\/api.w.org\/{rel}","templated":true}]}}