{"id":60902,"date":"2025-04-10T16:58:54","date_gmt":"2025-04-10T14:58:54","guid":{"rendered":"https:\/\/ticker-noticiasep.microcontenidos.com\/NoticiaRSS.vbhtml?user=FRND562DLP&amp;cod=20250410165854"},"modified":"2025-04-10T16:58:54","modified_gmt":"2025-04-10T14:58:54","slug":"sociedad-svpc-la-salud-mental-no-puede-ser-moneda-de-cambio-politica-ni-victima-de-atajos-populistas","status":"publish","type":"post","link":"https:\/\/webciudadana.net\/?p=60902","title":{"rendered":"Sociedad: SVPC: \u201cLa salud mental no puede ser moneda de cambio pol\u00edtica ni v\u00edctima de atajos populistas\u201d"},"content":{"rendered":"\n<div><img decoding=\"async\" src=\"https:\/\/img.europapress.es\/fotoweb\/fotonoticia_20250410165854_300.jpg\" class=\"ff-og-image-inserted\"><\/div>\n<p>(Informaci\u00f3n remitida por la empresa firmante)<\/p>\n<p> Valencia, 10 de abril de 2025. <\/p>\n<p> La Sociedad Valenciana de Psicolog\u00eda Cl\u00ednica (SVPC-AVAPIR) quiere alertar p\u00fablicamente, con la m\u00e1xima contundencia, de la gravedad que entra\u00f1a la propuesta presentada por VOX en Les Corts Valencianes para crear la figura estatutaria de Psic\u00f3logo General Sanitario (PGS) dentro del sistema p\u00fablico de salud.<\/p>\n<p> Y denuncia que esta iniciativa, \u201cadem\u00e1s de ser ilegal, supone un atentado contra la calidad asistencial y la seguridad de los pacientes\u201d.<\/p>\n<p> De salir adelante esta medida, \u201cno solo se estar\u00eda quebrantando el marco legal vigente, sino que se pondr\u00eda en serio peligro la calidad asistencial y la seguridad de los pacientes de salud mental en nuestra comunidad.<\/p>\n<p> No podemos permitir que, por intereses ajenos a la salud p\u00fablica, se deval\u00fae la cualificaci\u00f3n del profesional que atiende los problemas de salud mental en el Sistema Nacional de Salud\u201d, subraya la SVPC.<\/p>\n<p> En este sentido, advierte de que crear una figura de Psic\u00f3logo General Sanitario (PGS) en el sistema p\u00fablico de salud con el mismo nivel A1 que los Psic\u00f3logos Cl\u00ednicos Especialistas (PIR), con el argumento de suplir la escasez de estos \u00faltimos, conlleva riesgos muy importantes y numerosos errores t\u00e9cnicos, legales y profesionales.<\/p>\n<p> En esencia, esta iniciativa supone: Una medida que deval\u00faa la atenci\u00f3n psicol\u00f3gica p\u00fablica y pone en riesgo a los pacientes.<\/p>\n<p> La SVPC recuerda que el Psic\u00f3logo Especialista en Psicolog\u00eda Cl\u00ednica (PIR) es el \u00fanico profesional que garantiza una formaci\u00f3n intensiva, supervisada, altamente especializada y con experiencia directa en la red p\u00fablica.<\/p>\n<p> Por lo que \u201csustituir o equiparar esta figura por profesionales que no han superado la exigente formaci\u00f3n sanitaria especializada significa condenar a los pacientes a recibir una atenci\u00f3n de menor calidad, menos rigurosa y sin las competencias cl\u00ednicas que requieren los casos m\u00e1s graves y complejos\u201d.<\/p>\n<p> Una amenaza directa a la seguridad jur\u00eddica y sanitaria del sistema.<\/p>\n<p> La SVPC denuncia que \u201ccrear plazas A1 para Psic\u00f3logos Generales Sanitarios, que no son especialistas reconocidos por la ley, vulnera la Constituci\u00f3n; la Ley 44\/2003, de 21 de noviembre, de Ordenaci\u00f3n de las Profesiones Sanitarias (LOPS) y las normativas que regulan el acceso al empleo p\u00fablico\u201d.<\/p>\n<p> En ese marco, la Psicolog\u00eda Cl\u00ednica es una especialidad sanitaria reconocida por el Estado, y s\u00f3lo puede obtenerse a trav\u00e9s del sistema PIR (v\u00eda residencia).<\/p>\n<p> Por el contrario, el Psic\u00f3logo General Sanitario no es un profesional sanitario especialista, seg\u00fan la LOPS, y no puede ejercer como tal en el SNS.<\/p>\n<p> \u201cCualquier intento de crear una figura A1 \u2018paralela\u2019 vulnerar\u00eda esta ley\u201d.<\/p>\n<p> Por lo tanto, \u201ceste atajo pol\u00edtico expone al sistema a un aluvi\u00f3n de recursos judiciales e impugnaciones que generar\u00e1n una grav\u00edsima inseguridad jur\u00eddica y administrativa\u201d.<\/p>\n<p> Un desprecio a los principios de equidad, m\u00e9rito y capacidad.<\/p>\n<p> Seg\u00fan la SVPC, \u201cequiparar a quien ha cursado un m\u00e1ster habilitante \u2014previsto \u00fanicamente para el ejercicio en el \u00e1mbito privado\u2014 con quienes han superado un proceso nacional altamente competitivo como es el PIR, es un insulto al esfuerzo de miles de profesionales y una burla al paciente, que merece ser atendido por especialistas plenamente cualificados\u201d.&nbsp; Una invasi\u00f3n de competencias estatales que puede derivar en inconstitucionalidad.<\/p>\n<p> La formaci\u00f3n sanitaria especializada es competencia exclusiva del Estado.<\/p>\n<p> \u201cNinguna comunidad aut\u00f3noma puede, de forma unilateral, inventar figuras sanitarias que distorsionen el mapa de las profesiones reguladas\u201d, subraya la SVPC.<\/p>\n<p> DESPROP\u00d3SITO JUR\u00cdDICO Y TEMERIDAD SANITARIA &nbsp;Por todo ello, desde la Sociedad Valenciana de Psicolog\u00eda Cl\u00ednica denuncian que la propuesta de creaci\u00f3n de la categor\u00eda estatutaria de Psic\u00f3logo General Sanitario en el sistema valenciano de salud, registrada por Vox como una de las enmiendas a la ley de Acompa\u00f1amiento a los Presupuestos de la Generalitat para 2025, y que cuenta con el benepl\u00e1cito de la Direcci\u00f3n General de Salud Mental liderada por Bartolom\u00e9 P\u00e9rez, \u201cno solo es un desprop\u00f3sito jur\u00eddico, sino tambi\u00e9n una temeridad sanitaria que degradar\u00eda la atenci\u00f3n psicol\u00f3gica en el sistema p\u00fablico, comprometiendo la salud de las personas m\u00e1s vulnerables\u201d.<\/p>\n<p> Para la SVPC \u201cel riesgo es inaceptable\u201d.<\/p>\n<p> Por lo que exigen \u201cresponsabilidad a los representantes p\u00fablicos para frenar de inmediato este intento de desprofesionalizaci\u00f3n del sistema sanitario\u201d.<\/p>\n<p> \u201cLa salud mental no puede ser moneda de cambio pol\u00edtica ni v\u00edctima de atajos populistas.<\/p>\n<p> La ciudadan\u00eda merece garant\u00edas, no recortes encubiertos en la calidad asistencial\u201d.<\/p>\n<p> Respecto a la carencia de psic\u00f3logos cl\u00ednicos, la SVPC present\u00f3 recientemente a Bartolom\u00e9 P\u00e9rez una serie de propuestas para aliviar la situaci\u00f3n, y que el responsable de Salud Mental se comprometi\u00f3 a estudiar, pero que, \u201cfinalmente, y a la luz de los acontecimientos, han ca\u00eddo en saco roto\u201d.<\/p>\n<p> Por ello, la Sociedad Valenciana de Psicolog\u00eda Cl\u00ednica anuncia que va a emprender todas las medidas legales a su alcance para parar esta iniciativa, as\u00ed como a impulsar las movilizaciones necesarias en el colectivo de profesionales de la salud mental en la sanidad p\u00fablica valenciana, y las actuaciones que se considere convenientes para lograr la concienciaci\u00f3n y sensibilizaci\u00f3n de la sociedad en general.<\/p>\n<p> La Sociedad Valenciana de Psicolog\u00eda Cl\u00ednica (SVPC-AVAPIR) es la delegaci\u00f3n de ANPIR en la Comunitat Valenciana.<\/p>\n<p> ANPIR es la&nbsp;principal sociedad cient\u00edfica de la Psicolog\u00eda Cl\u00ednica&nbsp;a nivel nacional y aglutina a m\u00e1s de 1700 profesionales, la mayor\u00eda de ellos en el Sistema Nacional Salud.<\/p>\n<p> Sus objetivos son velar por la excelencia de la formaci\u00f3n PIR (Psic\u00f3logo Interno Residente), la consolidaci\u00f3n de la Psicolog\u00eda Cl\u00ednica como especialidad sanitaria en el sistema p\u00fablico de salud y establecer los mecanismos de comunicaci\u00f3n y cooperaci\u00f3n con las instituciones que permitan&nbsp;mejorar el acceso a tratamientos psicol\u00f3gicos de calidad&nbsp;para las personas con problemas de&nbsp;salud mental.<\/p>\n<p>\nEmisor: Sociedad Valenciana de Psicolog\u00eda Cl\u00ednica<\/p>\n<p>\nContacto: Julia Fortea 669987169 jfortea@acteacyd.com<\/p>\n","protected":false},"excerpt":{"rendered":"<p>(Informaci\u00f3n remitida por la empresa firmante) Valencia, 10 de abril de 2025. La Sociedad Valenciana de Psicolog\u00eda Cl\u00ednica (SVPC-AVAPIR) quiere alertar p\u00fablicamente, con la m\u00e1xima contundencia, de la gravedad que entra\u00f1a la propuesta presentada por VOX en Les Corts Valencianes para crear la figura estatutaria de Psic\u00f3logo General Sanitario (PGS) dentro del sistema p\u00fablico de [&hellip;]<\/p>\n","protected":false},"author":1,"featured_media":0,"comment_status":"closed","ping_status":"closed","sticky":false,"template":"","format":"standard","meta":{"footnotes":""},"categories":[2],"tags":[],"class_list":["post-60902","post","type-post","status-publish","format-standard","hentry","category-noticias"],"_links":{"self":[{"href":"https:\/\/webciudadana.net\/index.php?rest_route=\/wp\/v2\/posts\/60902","targetHints":{"allow":["GET"]}}],"collection":[{"href":"https:\/\/webciudadana.net\/index.php?rest_route=\/wp\/v2\/posts"}],"about":[{"href":"https:\/\/webciudadana.net\/index.php?rest_route=\/wp\/v2\/types\/post"}],"author":[{"embeddable":true,"href":"https:\/\/webciudadana.net\/index.php?rest_route=\/wp\/v2\/users\/1"}],"replies":[{"embeddable":true,"href":"https:\/\/webciudadana.net\/index.php?rest_route=%2Fwp%2Fv2%2Fcomments&post=60902"}],"version-history":[{"count":0,"href":"https:\/\/webciudadana.net\/index.php?rest_route=\/wp\/v2\/posts\/60902\/revisions"}],"wp:attachment":[{"href":"https:\/\/webciudadana.net\/index.php?rest_route=%2Fwp%2Fv2%2Fmedia&parent=60902"}],"wp:term":[{"taxonomy":"category","embeddable":true,"href":"https:\/\/webciudadana.net\/index.php?rest_route=%2Fwp%2Fv2%2Fcategories&post=60902"},{"taxonomy":"post_tag","embeddable":true,"href":"https:\/\/webciudadana.net\/index.php?rest_route=%2Fwp%2Fv2%2Ftags&post=60902"}],"curies":[{"name":"wp","href":"https:\/\/api.w.org\/{rel}","templated":true}]}}