{"id":60905,"date":"2025-04-10T16:31:49","date_gmt":"2025-04-10T14:31:49","guid":{"rendered":"https:\/\/ticker-noticiasep.microcontenidos.com\/NoticiaRSS.vbhtml?user=FRND562DLP&amp;cod=20250410163149"},"modified":"2025-04-10T16:31:49","modified_gmt":"2025-04-10T14:31:49","slug":"lidl-redefine-la-moda-presentando-en-una-pasarela-inclusiva-su-coleccion-primavera-verano-de-esmara","status":"publish","type":"post","link":"https:\/\/webciudadana.net\/?p=60905","title":{"rendered":"Lidl redefine la moda presentando en una pasarela inclusiva su colecci\u00f3n primavera-verano de Esmara"},"content":{"rendered":"\n<div><img decoding=\"async\" src=\"https:\/\/img.europapress.es\/fotoweb\/fotonoticia_20250410163149_300.jpg\" class=\"ff-og-image-inserted\"><\/div>\n<p>(Informaci\u00f3n remitida por la empresa firmante)<\/p>\n<p>\nLa top model Judit Masc\u00f3, escogida como embajadora de Esmara para este a\u00f1o, se ha unido a la estilista Mayte de la Iglesia para invitar a las mujeres a lucir su propio estilo sin complejos<\/p>\n<p>\nMadrid, 10 de abril de 2025.- La moda va mucho m\u00e1s all\u00e1 de la est\u00e9tica: es una forma de expresi\u00f3n, una declaraci\u00f3n de identidad y una herramienta para reivindicar la libertad personal. Con esa filosof\u00eda, Lidl ha presentado en Madrid su nueva colecci\u00f3n primavera-verano 2025 de Esmara, en un evento que ha reunido a la ic\u00f3nica modelo Judit Masc\u00f3 \u2014nueva embajadora de la marca\u2014 y a la estilista Mayte de la Iglesia, junto a un elenco de modelos que representan la pluralidad real: distintos cuerpos, edades y estilos que demuestran que la moda no entiende de l\u00edmites.<\/p>\n<p> Por primera vez, Lidl ha apostado por un formato pasarela para mostrar el esp\u00edritu de sus colecciones c\u00e1psula: Modern Neutrals, Caribbean Summer, Lino e Ibiza Feelings. Prendas dise\u00f1adas para adaptarse al ritmo diario de la mujer contempor\u00e1nea, pensadas para acompa\u00f1arla en todas sus facetas, reflejando su personalidad y su estilo sin renunciar a la comodidad ni al dise\u00f1o.<\/p>\n<p> Esta propuesta no solo reivindica una moda accesible, sino tambi\u00e9n inclusiva y consciente. Las colecciones est\u00e1n disponibles en tallas que van desde la 34 hasta la 48 (seg\u00fan prenda), y han sido confeccionadas con tejidos sostenibles como viscosa LENZING\u2122 EcoVero\u2122, algod\u00f3n de la iniciativa Cotton Made in Africa y poli\u00e9ster reciclado certificado con el Global Recycled Standard. Un compromiso con el entorno y con las personas, sin renunciar a la asequibilidad: las prendas est\u00e1n disponibles desde 3,99\u20ac, con total looks por menos de 19\u20ac.<\/p>\n<p> Cuatro c\u00e1psulas, cuatro formas de vivir la moda<\/p>\n<p>\n*Cada colecci\u00f3n est\u00e1 inspirada en un universo distinto, pero todas comparten una misma esencia: libertad, autenticidad y versatilidad.<\/p>\n<p>\n\u2022** Modern Neutrals: Una l\u00ednea de b\u00e1sicos atemporales en tonos suaves como camel, crudo o azul marino. Piezas f\u00e1ciles de combinar que elevan el fondo de armario y se adaptan a cualquier ocasi\u00f3n, apostando por una elegancia sin esfuerzo.<\/p>\n<p>\n*<\/p>\n<p>\n\u2022** Lino: Prendas ligeras y frescas confeccionadas con tejidos sostenibles. Con colores como coral, verde o estampados florales, esta colecci\u00f3n conecta con la tendencia arty de la temporada, ofreciendo combinaciones llenas de vitalidad para los d\u00edas de primavera.<\/p>\n<p>\n*<\/p>\n<p>\n\u2022** Caribbean Summer: Una explosi\u00f3n de color y estampado. Con rojos vibrantes y prints tribales en blanco y negro, esta l\u00ednea permite jugar con contrastes, crear looks monocrom\u00e1ticos o explorar combinaciones m\u00e1s atrevidas. Una oda al verano m\u00e1s expresivo y en\u00e9rgico.<\/p>\n<p>\n*<\/p>\n<p>\n\u2022** Ibiza Feelings: De esp\u00edritu boho chic, esta propuesta respira verano por cada costura. Predominan los tonos tierra, crudos y blancos, que resaltan el bronceado y evocan el estilo relajado y sofisticado de la isla. Los tejidos de punto y los cortes fluidos dan vida a looks desenfadados con un toque chic.<\/p>\n<p>\n*<\/p>\n<p>\nModa que empodera, moda para todas<\/p>\n<p>\n*La elecci\u00f3n de Judit Masc\u00f3 como embajadora de Esmara pone de relieve el compromiso de Lidl con una moda democr\u00e1tica. Seg\u00fan la modelo, la diversidad de tallas, la accesibilidad econ\u00f3mica y la calidad deben ir de la mano para que todas las mujeres puedan disfrutar de la moda y sentirse bien consigo mismas. En esta misma l\u00ednea, la estilista Mayte de la Iglesia ha creado una selecci\u00f3n de looks con prendas de las cuatro colecciones, pensados para inspirar a mujeres reales a vestirse sin etiquetas ni normas.<\/p>\n<p> Esmara vuelve a demostrar que el estilo no tiene por qu\u00e9 estar re\u00f1ido con el precio, ni con la comodidad, ni con el compromiso. Una propuesta que invita a todas las mujeres a vestirse con libertad y a reivindicar su identidad a trav\u00e9s de la moda.<\/p>\n<p> Las colecciones estar\u00e1n disponibles progresivamente en las m\u00e1s de 700 tiendas Lidl en Espa\u00f1a y en su tienda online lidl.es.<\/p>\n<p> Emisor: Lidl<\/p>\n<p>\nContacto<\/p>\n<p>\nNombre contacto: Laura Ag\u00fceros<\/p>\n<p>\nDescripci\u00f3n contacto: MARCO<\/p>\n<p>\nTel\u00e9fono de contacto: 689965642<\/p>\n","protected":false},"excerpt":{"rendered":"<p>(Informaci\u00f3n remitida por la empresa firmante) La top model Judit Masc\u00f3, escogida como embajadora de Esmara para este a\u00f1o, se ha unido a la estilista Mayte de la Iglesia para invitar a las mujeres a lucir su propio estilo sin complejos Madrid, 10 de abril de 2025.- La moda va mucho m\u00e1s all\u00e1 de la [&hellip;]<\/p>\n","protected":false},"author":1,"featured_media":0,"comment_status":"closed","ping_status":"closed","sticky":false,"template":"","format":"standard","meta":{"footnotes":""},"categories":[2],"tags":[],"class_list":["post-60905","post","type-post","status-publish","format-standard","hentry","category-noticias"],"_links":{"self":[{"href":"https:\/\/webciudadana.net\/index.php?rest_route=\/wp\/v2\/posts\/60905","targetHints":{"allow":["GET"]}}],"collection":[{"href":"https:\/\/webciudadana.net\/index.php?rest_route=\/wp\/v2\/posts"}],"about":[{"href":"https:\/\/webciudadana.net\/index.php?rest_route=\/wp\/v2\/types\/post"}],"author":[{"embeddable":true,"href":"https:\/\/webciudadana.net\/index.php?rest_route=\/wp\/v2\/users\/1"}],"replies":[{"embeddable":true,"href":"https:\/\/webciudadana.net\/index.php?rest_route=%2Fwp%2Fv2%2Fcomments&post=60905"}],"version-history":[{"count":0,"href":"https:\/\/webciudadana.net\/index.php?rest_route=\/wp\/v2\/posts\/60905\/revisions"}],"wp:attachment":[{"href":"https:\/\/webciudadana.net\/index.php?rest_route=%2Fwp%2Fv2%2Fmedia&parent=60905"}],"wp:term":[{"taxonomy":"category","embeddable":true,"href":"https:\/\/webciudadana.net\/index.php?rest_route=%2Fwp%2Fv2%2Fcategories&post=60905"},{"taxonomy":"post_tag","embeddable":true,"href":"https:\/\/webciudadana.net\/index.php?rest_route=%2Fwp%2Fv2%2Ftags&post=60905"}],"curies":[{"name":"wp","href":"https:\/\/api.w.org\/{rel}","templated":true}]}}