{"id":60911,"date":"2025-04-11T08:24:03","date_gmt":"2025-04-11T06:24:03","guid":{"rendered":"https:\/\/ticker-noticiasep.microcontenidos.com\/NoticiaRSS.vbhtml?user=FRND562DLP&amp;cod=20250411082403"},"modified":"2025-04-11T08:24:03","modified_gmt":"2025-04-11T06:24:03","slug":"mundo-el-premio-sunhak-de-la-paz-2025-destaca-a-los-defensores-del-cambio-global","status":"publish","type":"post","link":"https:\/\/webciudadana.net\/?p=60911","title":{"rendered":"Mundo: El Premio Sunhak de la Paz 2025 destaca a los defensores del cambio global"},"content":{"rendered":"\n<div><img decoding=\"async\" src=\"https:\/\/img.europapress.es\/fotoweb\/fotonoticia_20250411082403_300.jpg\" class=\"ff-og-image-inserted\"><\/div>\n<p>(Informaci\u00f3n remitida por la empresa firmante)<\/p>\n<p>\nCelebrando 10 a\u00f1os de honrar el liderazgo excepcional en sostenibilidad, ciudadan\u00eda global y educaci\u00f3n<\/p>\n<p>\nSE\u00daL, Corea del sur, 11 de abril de 2025 \/PRNewswire\/ &#8212; La Ceremonia de Entrega del Premio Sunhak de la Paz se celebr\u00f3 el viernes 11 de abril en el Sal\u00f3n Crystal del Lotte Hotel World de Se\u00fal, con la asistencia de m\u00e1s de 750 invitados internacionales, entre ellos l\u00edderes mundiales, exjefes de Estado y destacados representantes de la sociedad civil. En su d\u00e9cimo aniversario, el Premio honr\u00f3 a tres destacados l\u00edderes por sus importantes contribuciones a la sostenibilidad ambiental, la ciudadan\u00eda global y la innovaci\u00f3n educativa.<\/p>\n<p> Wanjira Mathai, de Kenia, fue reconocida por su destacado liderazgo ambiental, en particular a trav\u00e9s de la iniciativa AFR100 y el Movimiento Cintur\u00f3n Verde. Su dedicaci\u00f3n ha contribuido significativamente a la restauraci\u00f3n ambiental, con la plantaci\u00f3n de m\u00e1s de 51 millones de \u00e1rboles para rehabilitar paisajes degradados en toda \u00c1frica.<\/p>\n<p> Hugh Evans, de Australia, cofundador y consejero delegado de Global Citizen, recibi\u00f3 el premio por su excepcional compromiso con la ciudadan\u00eda global. Gracias a su liderazgo, Global Citizen moviliz\u00f3 m\u00e1s de 43.000 millones de d\u00f3lares, mejorando directamente la vida de m\u00e1s de 1.300 millones de personas en todo el mundo al abordar la pobreza, la salud, la educaci\u00f3n y el acceso a servicios esenciales.<\/p>\n<p> Patrick Awuah Jr., fundador de la Universidad Ashesi en Ghana, fue galardonado por transformar la educaci\u00f3n superior africana. Su liderazgo visionario introdujo planes de estudio innovadores que destacan la \u00e9tica, la igualdad de g\u00e9nero, el pensamiento cr\u00edtico y el liderazgo. La Universidad Ashesi es ahora reconocida como una instituci\u00f3n pionera que forma graduados capacitados para liderar un cambio social positivo en \u00c1frica y m\u00e1s all\u00e1.<\/p>\n<p> El Premio de los Fundadores se entreg\u00f3 al expresidente nigeriano Goodluck Jonathan por su contribuci\u00f3n a las transiciones democr\u00e1ticas pac\u00edficas y la buena gobernanza, y a Samuel Radebe, de Sud\u00e1frica, por su dedicaci\u00f3n a la armon\u00eda interreligiosa y la paz comunitaria en \u00c1frica. Mientras tanto, la entrega del Premio de los Fundadores a Xanana Gusm\u00e3o, primer ministro de Timor Oriental, se pospuso debido a circunstancias inevitables.<\/p>\n<p> En sus palabras de felicitaci\u00f3n, el exsecretario general de la ONU, Ban Ki-moon, declar\u00f3: \u00abEn su d\u00e9cimo aniversario, el Premio Sunhak de la Paz contin\u00faa destacando las contribuciones vitales de h\u00e9roes an\u00f3nimos a la paz y la solidaridad mundiales. Felicito profundamente a los premiados por su inspiradora dedicaci\u00f3n y agradezco profundamente a la fundadora, la doctora Hak Ja Han Moon, por su liderazgo visionario y su inquebrantable apoyo a los esfuerzos por la paz mundial\u00bb.<\/p>\n<p> Para obtener m\u00e1s informaci\u00f3n, visite www.sunhakpeaceprize.org o contacte con:<\/p>\n<p>\nSunhak Peace Prize Secretariat<\/p>\n<p>\nsunhakprize@gmail.com<\/p>\n<p>\nFoto &#8212; https:\/\/mma.prnewswire.com\/media\/2662608\/Image.jpg<\/p>\n<p> View original content:https:\/\/www.prnewswire.com\/news-releases\/el-premio-sunhak-de-la-paz-2025-destaca-a-los-defensores-del-cambio-global-302426395.html<\/p>\n","protected":false},"excerpt":{"rendered":"<p>(Informaci\u00f3n remitida por la empresa firmante) Celebrando 10 a\u00f1os de honrar el liderazgo excepcional en sostenibilidad, ciudadan\u00eda global y educaci\u00f3n SE\u00daL, Corea del sur, 11 de abril de 2025 \/PRNewswire\/ &#8212; La Ceremonia de Entrega del Premio Sunhak de la Paz se celebr\u00f3 el viernes 11 de abril en el Sal\u00f3n Crystal del Lotte Hotel [&hellip;]<\/p>\n","protected":false},"author":1,"featured_media":0,"comment_status":"closed","ping_status":"closed","sticky":false,"template":"","format":"standard","meta":{"footnotes":""},"categories":[2],"tags":[],"class_list":["post-60911","post","type-post","status-publish","format-standard","hentry","category-noticias"],"_links":{"self":[{"href":"https:\/\/webciudadana.net\/index.php?rest_route=\/wp\/v2\/posts\/60911","targetHints":{"allow":["GET"]}}],"collection":[{"href":"https:\/\/webciudadana.net\/index.php?rest_route=\/wp\/v2\/posts"}],"about":[{"href":"https:\/\/webciudadana.net\/index.php?rest_route=\/wp\/v2\/types\/post"}],"author":[{"embeddable":true,"href":"https:\/\/webciudadana.net\/index.php?rest_route=\/wp\/v2\/users\/1"}],"replies":[{"embeddable":true,"href":"https:\/\/webciudadana.net\/index.php?rest_route=%2Fwp%2Fv2%2Fcomments&post=60911"}],"version-history":[{"count":0,"href":"https:\/\/webciudadana.net\/index.php?rest_route=\/wp\/v2\/posts\/60911\/revisions"}],"wp:attachment":[{"href":"https:\/\/webciudadana.net\/index.php?rest_route=%2Fwp%2Fv2%2Fmedia&parent=60911"}],"wp:term":[{"taxonomy":"category","embeddable":true,"href":"https:\/\/webciudadana.net\/index.php?rest_route=%2Fwp%2Fv2%2Fcategories&post=60911"},{"taxonomy":"post_tag","embeddable":true,"href":"https:\/\/webciudadana.net\/index.php?rest_route=%2Fwp%2Fv2%2Ftags&post=60911"}],"curies":[{"name":"wp","href":"https:\/\/api.w.org\/{rel}","templated":true}]}}