{"id":60914,"date":"2025-04-11T08:54:23","date_gmt":"2025-04-11T06:54:23","guid":{"rendered":"https:\/\/ticker-noticiasep.microcontenidos.com\/NoticiaRSS.vbhtml?user=FRND562DLP&amp;cod=20250411085423"},"modified":"2025-04-11T08:54:23","modified_gmt":"2025-04-11T06:54:23","slug":"temu-es-reconocida-en-espana-por-su-innovacion-en-comercio-electronico","status":"publish","type":"post","link":"https:\/\/webciudadana.net\/?p=60914","title":{"rendered":"Temu es reconocida en Espa\u00f1a por su innovaci\u00f3n en comercio electr\u00f3nico"},"content":{"rendered":"\n<div><img decoding=\"async\" src=\"https:\/\/img.europapress.es\/fotoweb\/fotonoticia_20250411085423_300.jpg\" class=\"ff-og-image-inserted\"><\/div>\n<p>(Informaci\u00f3n remitida por la empresa firmante)<\/p>\n<p> Barcelona, 11 de abril de 2025. <\/p>\n<p> La plataforma fue elegida como eCommerce del A\u00f1o durante el eShow 2025 en Barcelona Temu ha sido reconocida con el premio \u00abeCommerce del A\u00f1o\u00bb de los eAwards 2025 por su excelencia en innovaci\u00f3n, dise\u00f1o, estrategia y resultados.<\/p>\n<p> La ceremonia se llev\u00f3 a cabo el 10 de abril en el eShow Next 2025 en la Fira de Barcelona, un evento anual que destaca a las mejores empresas, estrategias y ejecutivos en los sectores de comercio electr\u00f3nico y marketing digital.<\/p>\n<p> Los eAwards reconocen innovaciones desarrolladas por empresas l\u00edderes en Espa\u00f1a, as\u00ed como su excelencia, profesionalidad y compromiso con la investigaci\u00f3n y el desarrollo, todo ello orientado a mejorar la experiencia de compra de los usuarios.<\/p>\n<p> La popularidad de Temu ha ido creciendo desde su aparici\u00f3n entre los consumidores europeos hace dos a\u00f1os.<\/p>\n<p> Seg\u00fan un estudio reciente de IPSOS encargado por Temu, m\u00e1s del 90&nbsp;% de los consumidores de Temu en Espa\u00f1a dicen que la plataforma ofrece una excelente relaci\u00f3n calidad-precio.<\/p>\n<p> El informe tambi\u00e9n muestra que el 89&nbsp;% de los encuestados espa\u00f1oles creen que los precios m\u00e1s altos no significan necesariamente mejor calidad y citan la asequibilidad, la variedad y las experiencias positivas como los principales motivos para recomendar Temu.<\/p>\n<p> \u00abTemu ofrece a los consumidores espa\u00f1oles la posibilidad de elegir productos asequibles sin dejar de lado la calidad\u00bb dijo un portavoz de la compa\u00f1\u00eda.<\/p>\n<p> \u00abAdem\u00e1s, estamos recibiendo a m\u00e1s vendedores locales en nuestra plataforma, lo que ampliar\u00e1 la opci\u00f3n de elegir productos locales y permitir\u00e1 una entrega m\u00e1s r\u00e1pida\u00bb.<\/p>\n<p> Temu apareci\u00f3 por primera vez en los mercados europeos hace dos a\u00f1os y ha ganado popularidad entre los consumidores gracias a sus productos asequibles y de calidad, un resultado posible gracias a que conectan a los consumidores directamente con fabricantes y distribuidores.<\/p>\n<p> La compa\u00f1\u00eda espera que el 80&nbsp;% de sus ventas en Europa se lleven a cabo bajo su modelo de local a local y as\u00ed apoyar a los vendedores locales a crecer en nuevos mercados a trav\u00e9s de su plataforma.<\/p>\n<p> Sobre Temu Temu es una plataforma de comercio electr\u00f3nico internacional que conecta a consumidores con millones de fabricantes, marcas y socios empresariales.<\/p>\n<p> Presente en m\u00e1s de 90 mercados de todo el mundo, Temu se compromete a ofrecer productos asequibles de buena calidad, que permitan a los consumidores vivir vidas mejores.&nbsp;<\/p>\n<p>\nEmisor: Temu<\/p>\n<p>\nContacto: Ana Aguirre +49 177 2463221 ana.aguirre.ext@tonka-pr.com<\/p>\n","protected":false},"excerpt":{"rendered":"<p>(Informaci\u00f3n remitida por la empresa firmante) Barcelona, 11 de abril de 2025. La plataforma fue elegida como eCommerce del A\u00f1o durante el eShow 2025 en Barcelona Temu ha sido reconocida con el premio \u00abeCommerce del A\u00f1o\u00bb de los eAwards 2025 por su excelencia en innovaci\u00f3n, dise\u00f1o, estrategia y resultados. La ceremonia se llev\u00f3 a cabo [&hellip;]<\/p>\n","protected":false},"author":1,"featured_media":0,"comment_status":"closed","ping_status":"closed","sticky":false,"template":"","format":"standard","meta":{"footnotes":""},"categories":[2],"tags":[],"class_list":["post-60914","post","type-post","status-publish","format-standard","hentry","category-noticias"],"_links":{"self":[{"href":"https:\/\/webciudadana.net\/index.php?rest_route=\/wp\/v2\/posts\/60914","targetHints":{"allow":["GET"]}}],"collection":[{"href":"https:\/\/webciudadana.net\/index.php?rest_route=\/wp\/v2\/posts"}],"about":[{"href":"https:\/\/webciudadana.net\/index.php?rest_route=\/wp\/v2\/types\/post"}],"author":[{"embeddable":true,"href":"https:\/\/webciudadana.net\/index.php?rest_route=\/wp\/v2\/users\/1"}],"replies":[{"embeddable":true,"href":"https:\/\/webciudadana.net\/index.php?rest_route=%2Fwp%2Fv2%2Fcomments&post=60914"}],"version-history":[{"count":0,"href":"https:\/\/webciudadana.net\/index.php?rest_route=\/wp\/v2\/posts\/60914\/revisions"}],"wp:attachment":[{"href":"https:\/\/webciudadana.net\/index.php?rest_route=%2Fwp%2Fv2%2Fmedia&parent=60914"}],"wp:term":[{"taxonomy":"category","embeddable":true,"href":"https:\/\/webciudadana.net\/index.php?rest_route=%2Fwp%2Fv2%2Fcategories&post=60914"},{"taxonomy":"post_tag","embeddable":true,"href":"https:\/\/webciudadana.net\/index.php?rest_route=%2Fwp%2Fv2%2Ftags&post=60914"}],"curies":[{"name":"wp","href":"https:\/\/api.w.org\/{rel}","templated":true}]}}