{"id":60928,"date":"2025-04-11T19:17:28","date_gmt":"2025-04-11T17:17:28","guid":{"rendered":"https:\/\/ticker-noticiasep.microcontenidos.com\/NoticiaRSS.vbhtml?user=FRND562DLP&amp;cod=20250411191728"},"modified":"2025-04-11T19:17:28","modified_gmt":"2025-04-11T17:17:28","slug":"mundo-la-federacion-de-empresarios-de-ucrania-pide-profundizar-la-integracion-economica-entre-la-ue-y-ucrania","status":"publish","type":"post","link":"https:\/\/webciudadana.net\/?p=60928","title":{"rendered":"Mundo: La Federaci\u00f3n de Empresarios de Ucrania pide profundizar la integraci\u00f3n econ\u00f3mica entre la UE y Ucrania"},"content":{"rendered":"\n<p>(Informaci\u00f3n remitida por la empresa firmante)<\/p>\n<p>\n&#8211;La Federaci\u00f3n de Empresarios de Ucrania pide profundizar la integraci\u00f3n econ\u00f3mica entre la Uni\u00f3n Europea y Ucrania <\/p>\n<p>\nKIEV, Ucrania, 11 de abril de 2025 \/PRNewswire\/ &#8212; La Federaci\u00f3n de Empresarios de Ucrania ha instado a los l\u00edderes de Europa a acelerar la integraci\u00f3n de Ucrania con la UE en respuesta a la creciente tensi\u00f3n geopol\u00edtica. La organizaci\u00f3n advierte que las campa\u00f1as de los grupos de presi\u00f3n y otros grupos de inter\u00e9s han distorsionado el debate al presentar al sector agr\u00edcola ucraniano como una amenaza existencial para los agricultores europeos.<\/p>\n<p> Tras la d\u00e9cima reuni\u00f3n del Consejo de Asociaci\u00f3n UE-Ucrania en Bruselas, Mykhailo Bno-Airiian, representante comercial especial de la Federaci\u00f3n de Empresarios de Ucrania, inst\u00f3 a los l\u00edderes europeos a denunciar la imagen falsa y enga\u00f1osa que presentan los grupos de presi\u00f3n.<\/p>\n<p> \u00abNecesitamos un cambio radical para cambiar la narrativa establecida que ha enmarcado el debate general sobre las relaciones econ\u00f3micas bilaterales entre la UE y Ucrania, centr\u00e1ndola en el tema de la competencia en la agricultura. Este reduccionismo no solo distorsiona la realidad, sino que obstaculiza una asociaci\u00f3n econ\u00f3mica m\u00e1s profunda de la que ambas partes se beneficiar\u00e1n enormemente\u00bb.<\/p>\n<p> Estrechar los v\u00ednculos econ\u00f3micos, de seguridad y culturales con Ucrania es, sin duda, la mejor opci\u00f3n para los responsables pol\u00edticos europeos en respuesta a la creciente tensi\u00f3n geopol\u00edtica entre el Este y el Oeste. Profundizar la integraci\u00f3n econ\u00f3mica con Ucrania no solo reforzar\u00e1 el orden basado en normas, sino que tambi\u00e9n ofrece enormes oportunidades para que la UE mejore su competitividad internacional en un mercado cada vez m\u00e1s complejo. En un mundo saturado de tensiones geopol\u00edticas, no debemos olvidar nuestros objetivos comunes. En este momento, es especialmente importante que la UE establezca sus prioridades y recuerde permanecer unida en defensa de nuestros intereses econ\u00f3micos y pol\u00edticos estrat\u00e9gicos compartidos.\u00bb<\/p>\n<p> \u00abLa guerra ha integrado a\u00fan m\u00e1s profundamente a Ucrania en los contornos del espacio econ\u00f3mico com\u00fan europeo, y la UE tiene un inter\u00e9s institucional y moral en mantener un acceso abierto y predecible para los productos ucranianos, que es la base para una mayor integraci\u00f3n econ\u00f3mica y el fortalecimiento conjunto del mercado \u00fanico. No podemos permitir que la presi\u00f3n de grupos de inter\u00e9s, muchos de los cuales simpatizan con el presidente Putin, siga retrasando la integraci\u00f3n de Ucrania en la UE. \u00ab<\/p>\n<p> View original content:https:\/\/www.prnewswire.com\/news-releases\/la-federacion-de-empresarios-de-ucrania-pide-profundizar-la-integracion-economica-entre-la-ue-y-ucrania-302426713.html<\/p>\n","protected":false},"excerpt":{"rendered":"<p>(Informaci\u00f3n remitida por la empresa firmante) &#8211;La Federaci\u00f3n de Empresarios de Ucrania pide profundizar la integraci\u00f3n econ\u00f3mica entre la Uni\u00f3n Europea y Ucrania KIEV, Ucrania, 11 de abril de 2025 \/PRNewswire\/ &#8212; La Federaci\u00f3n de Empresarios de Ucrania ha instado a los l\u00edderes de Europa a acelerar la integraci\u00f3n de Ucrania con la UE en [&hellip;]<\/p>\n","protected":false},"author":1,"featured_media":0,"comment_status":"closed","ping_status":"closed","sticky":false,"template":"","format":"standard","meta":{"footnotes":""},"categories":[2],"tags":[],"class_list":["post-60928","post","type-post","status-publish","format-standard","hentry","category-noticias"],"_links":{"self":[{"href":"https:\/\/webciudadana.net\/index.php?rest_route=\/wp\/v2\/posts\/60928","targetHints":{"allow":["GET"]}}],"collection":[{"href":"https:\/\/webciudadana.net\/index.php?rest_route=\/wp\/v2\/posts"}],"about":[{"href":"https:\/\/webciudadana.net\/index.php?rest_route=\/wp\/v2\/types\/post"}],"author":[{"embeddable":true,"href":"https:\/\/webciudadana.net\/index.php?rest_route=\/wp\/v2\/users\/1"}],"replies":[{"embeddable":true,"href":"https:\/\/webciudadana.net\/index.php?rest_route=%2Fwp%2Fv2%2Fcomments&post=60928"}],"version-history":[{"count":0,"href":"https:\/\/webciudadana.net\/index.php?rest_route=\/wp\/v2\/posts\/60928\/revisions"}],"wp:attachment":[{"href":"https:\/\/webciudadana.net\/index.php?rest_route=%2Fwp%2Fv2%2Fmedia&parent=60928"}],"wp:term":[{"taxonomy":"category","embeddable":true,"href":"https:\/\/webciudadana.net\/index.php?rest_route=%2Fwp%2Fv2%2Fcategories&post=60928"},{"taxonomy":"post_tag","embeddable":true,"href":"https:\/\/webciudadana.net\/index.php?rest_route=%2Fwp%2Fv2%2Ftags&post=60928"}],"curies":[{"name":"wp","href":"https:\/\/api.w.org\/{rel}","templated":true}]}}