{"id":60929,"date":"2025-04-13T00:02:16","date_gmt":"2025-04-12T22:02:16","guid":{"rendered":"https:\/\/ticker-noticiasep.microcontenidos.com\/NoticiaRSS.vbhtml?user=FRND562DLP&amp;cod=20250413000216"},"modified":"2025-04-13T00:02:16","modified_gmt":"2025-04-12T22:02:16","slug":"mundo-mas-de-3-millones-de-ninos-murieron-por-infecciones-relacionadas-con-la-ram-en-2022","status":"publish","type":"post","link":"https:\/\/webciudadana.net\/?p=60929","title":{"rendered":"Mundo: M\u00e1s de 3 millones de ni\u00f1os murieron por infecciones relacionadas con la RAM en 2022"},"content":{"rendered":"\n<p>(Informaci\u00f3n remitida por la empresa firmante)<\/p>\n<p>\n&#8212; M\u00e1s de 3 millones de ni\u00f1os murieron por infecciones relacionadas con la RAM en 2022, seg\u00fan un importante estudio<\/p>\n<p>\nUn estudio hist\u00f3rico presentado hoy en ESCMID Global 2025 ha revelado que m\u00e1s de 3 millones de ni\u00f1os en todo el mundo perdieron la vida en 2022 debido a infecciones relacionadas con la resistencia a los antimicrobianos (RAM).<\/p>\n<p> VIENA, 12 de abril de 2025 \/PRNewswire\/ &#8212; El estudio subraya la urgente necesidad de estrategias regionales y globales para controlar la RAM pedi\u00e1trica, en particular en zonas con alta incidencia, como el Sudeste Asi\u00e1tico y \u00c1frica. La RAM representa una amenaza cr\u00edtica para los ni\u00f1os, quienes son altamente vulnerables a las infecciones. El acceso a nuevas formulaciones de antibi\u00f3ticos suele ser mucho m\u00e1s limitado para los ni\u00f1os debido a los retrasos en el desarrollo de productos.<\/p>\n<p> Los datos del estudio revelaron que, solo en 2022, m\u00e1s de 752.000 ni\u00f1os en el Sudeste Asi\u00e1tico y 659.000 ni\u00f1os en \u00c1frica murieron por complicaciones asociadas a la RAM. Muchas de estas muertes se relacionaron con el uso de antibi\u00f3ticos de vigilancia (medicamentos con alto riesgo de resistencia) y antibi\u00f3ticos de reserva (tratamientos de \u00faltimo recurso para infecciones graves y multirresistentes).<\/p>\n<p> Los antibi\u00f3ticos de vigilancia y reserva no est\u00e1n destinados al tratamiento de primera l\u00ednea y su uso debe limitarse \u00fanicamente a quienes los necesitan para preservar su eficacia y reducir el desarrollo de resistencias.<\/p>\n<p> Entre 2019 y 2021, el uso de antibi\u00f3ticos de vigilancia aument\u00f3 un 160 % en el Sudeste Asi\u00e1tico y un 126 % en \u00c1frica. Durante el mismo per\u00edodo, el uso de antibi\u00f3ticos de reserva aument\u00f3 un 45 % en el Sudeste Asi\u00e1tico y un 125 % en \u00c1frica.<\/p>\n<p> A nivel mundial, de las m\u00e1s de 3 millones de muertes infantiles, 2 millones se asociaron con el uso de antibi\u00f3ticos de vigilancia y reserva.<\/p>\n<p> \u00abSi bien el aumento en el uso de antibi\u00f3ticos de vigilancia y reserva puede ser necesario en respuesta al aumento simult\u00e1neo de infecciones farmacorresistentes, el dr\u00e1stico aumento en el uso de estos f\u00e1rmacos presenta varios riesgos graves a largo plazo\u00bb, coment\u00f3 el profesor Joseph Harwell, coautor del estudio. \u00abSu uso creciente, especialmente sin una supervisi\u00f3n rigurosa, eleva el riesgo de resistencia y limita las futuras opciones de tratamiento. Si las bacterias desarrollan resistencia a estos antibi\u00f3ticos, habr\u00e1 pocas alternativas, o ninguna, para tratar las infecciones multirresistentes a f\u00e1rmacos\u00bb.<\/p>\n<p> Diversos factores contribuyen a la gravedad de la RAM en pa\u00edses de ingresos bajos y medios, como la saturaci\u00f3n de los hospitales, las malas condiciones sanitarias y las deficientes medidas de prevenci\u00f3n de infecciones que facilitan la propagaci\u00f3n de pat\u00f3genos resistentes en los centros de salud y las comunidades.<\/p>\n<p> El profesor Harwell a\u00f1adi\u00f3: \u00abLas tasas de mortalidad, que ya son alarmantemente altas, seguir\u00e1n aumentando significativamente, sobre todo en los pa\u00edses de ingresos bajos y medios, donde el acceso a tratamientos alternativos e intervenciones m\u00e9dicas avanzadas puede ser limitado. Abordar este problema requiere una acci\u00f3n urgente y coordinada tanto a nivel regional como mundial\u00bb.<\/p>\n<p> View original content:https:\/\/www.prnewswire.com\/news-releases\/mas-de-3-millones-de-ninos-murieron-por-infecciones-relacionadas-con-la-ram-en-2022-302420706.html<\/p>\n","protected":false},"excerpt":{"rendered":"<p>(Informaci\u00f3n remitida por la empresa firmante) &#8212; M\u00e1s de 3 millones de ni\u00f1os murieron por infecciones relacionadas con la RAM en 2022, seg\u00fan un importante estudio Un estudio hist\u00f3rico presentado hoy en ESCMID Global 2025 ha revelado que m\u00e1s de 3 millones de ni\u00f1os en todo el mundo perdieron la vida en 2022 debido a [&hellip;]<\/p>\n","protected":false},"author":1,"featured_media":0,"comment_status":"closed","ping_status":"closed","sticky":false,"template":"","format":"standard","meta":{"footnotes":""},"categories":[2],"tags":[],"class_list":["post-60929","post","type-post","status-publish","format-standard","hentry","category-noticias"],"_links":{"self":[{"href":"https:\/\/webciudadana.net\/index.php?rest_route=\/wp\/v2\/posts\/60929","targetHints":{"allow":["GET"]}}],"collection":[{"href":"https:\/\/webciudadana.net\/index.php?rest_route=\/wp\/v2\/posts"}],"about":[{"href":"https:\/\/webciudadana.net\/index.php?rest_route=\/wp\/v2\/types\/post"}],"author":[{"embeddable":true,"href":"https:\/\/webciudadana.net\/index.php?rest_route=\/wp\/v2\/users\/1"}],"replies":[{"embeddable":true,"href":"https:\/\/webciudadana.net\/index.php?rest_route=%2Fwp%2Fv2%2Fcomments&post=60929"}],"version-history":[{"count":0,"href":"https:\/\/webciudadana.net\/index.php?rest_route=\/wp\/v2\/posts\/60929\/revisions"}],"wp:attachment":[{"href":"https:\/\/webciudadana.net\/index.php?rest_route=%2Fwp%2Fv2%2Fmedia&parent=60929"}],"wp:term":[{"taxonomy":"category","embeddable":true,"href":"https:\/\/webciudadana.net\/index.php?rest_route=%2Fwp%2Fv2%2Fcategories&post=60929"},{"taxonomy":"post_tag","embeddable":true,"href":"https:\/\/webciudadana.net\/index.php?rest_route=%2Fwp%2Fv2%2Ftags&post=60929"}],"curies":[{"name":"wp","href":"https:\/\/api.w.org\/{rel}","templated":true}]}}