{"id":60942,"date":"2025-04-14T13:50:35","date_gmt":"2025-04-14T11:50:35","guid":{"rendered":"https:\/\/ticker-noticiasep.microcontenidos.com\/NoticiaRSS.vbhtml?user=FRND562DLP&amp;cod=20250414135035"},"modified":"2025-04-14T13:50:35","modified_gmt":"2025-04-14T11:50:35","slug":"sevilla-valladolid-y-cadiz-las-provincias-con-gasto-medio-mas-elevado-en-semana-santa-segun-atrapalo","status":"publish","type":"post","link":"https:\/\/webciudadana.net\/?p=60942","title":{"rendered":"Sevilla, Valladolid y C\u00e1diz, las provincias con gasto medio m\u00e1s elevado en Semana Santa, seg\u00fan ATR\u00c1PALO"},"content":{"rendered":"\n<div><img decoding=\"async\" src=\"https:\/\/img.europapress.es\/fotoweb\/fotonoticia_20250414135035_300.jpg\" class=\"ff-og-image-inserted\"><\/div>\n<p>(Informaci\u00f3n remitida por la empresa firmante)<\/p>\n<p>\nEl atractivo de las procesiones y una oferta con arraigo tradicional sit\u00faan a Valladolid como el destino con mayor estancia media (2,9 noches).<\/p>\n<p> La provincia con mayor antelaci\u00f3n en la reserva es C\u00e1diz (58,4 d\u00edas), seguida de Sevilla (45,55 d\u00edas), lo que refleja un alto nivel de planificaci\u00f3n y demanda.<\/p>\n<p> Barcelona, 14 de abril 2025. Las provincias de Sevilla, Valladolid y C\u00e1diz se encuentran entre los destinos m\u00e1s demandados y con gasto medio m\u00e1s elevado de Espa\u00f1a en Semana Santa, seg\u00fan datos de del portal de reservas ATR\u00c1PALO. Sevilla se sit\u00faa, con diferencia, como la provincia con un precio medio m\u00e1s elevado por habitaci\u00f3n, 423,80euro, y 192,28euro por noche. Valladolid y C\u00e1diz le siguen con precios por habitaci\u00f3n que superan los 370 euro.<\/p>\n<p> Las tres provincias superan el precio medio nacional por habitaci\u00f3n, que en Semana Santa se sit\u00faa en 272,62euro, con un precio medio por noche de 144,38euro.<\/p>\n<p> El atractivo de las procesiones y la oferta con arraigo tradicional, colocan a estas provincias como las que generan mayor inter\u00e9s durante estas fechas. Valladolid es el destino con m\u00e1s estancia (2,99 d\u00edas), superando la estancia media de otros destinos del pa\u00eds que es de aproximadamente dos noches (1,99 d\u00edas). De cerca le sigue C\u00e1diz con 2,67 noches.<\/p>\n<p> Toledo, Granada, C\u00f3rdoba, M\u00e1laga, Ciudad Real, Salamanca y Soria, lugares donde tambi\u00e9n destacan sus procesiones y actos religiosos, se encuentran entre los destinos con m\u00e1s reservas en Semana Santa.<\/p>\n<p>\nReservas con anticipaci\u00f3n.<\/p>\n<p> La tendencia en los \u00faltimos a\u00f1os es no dejar las reservas para \u00faltima hora. As\u00ed lo reflejan tambi\u00e9n los datos de ATR\u00c1PALO en Semana Santa. Los espa\u00f1oles planifican las vacaciones de estos d\u00edas con tiempo. En este sentido, la provincia con mayor antelaci\u00f3n en la reserva es C\u00e1diz (58,4 d\u00edas), seguida de Sevilla (45,55 d\u00edas).<\/p>\n<p> ATR\u00c1PALO, fundada en el a\u00f1o 2.000 y con sede en Barcelona, es una plataforma online dedicada a promocionar ofertas de viajes y experiencias. ATR\u00c1PALO ofrece entradas, hoteles, viajes, vuelos, trenes, escapadas, cruceros, actividades, alquiler de coches y cuenta con una divisi\u00f3n de viajes para empresas. Con m\u00e1s de 8 millones de usuarios y una facturaci\u00f3n superior a los 250 Meuro, ATR\u00c1PALO tiene presencia en Espa\u00f1a, Chile, Colombia, Per\u00fa y Argentina.<\/p>\n<p>\nPara m\u00e1s informaci\u00f3n y gesti\u00f3n de entrevistas:<\/p>\n<p>\n\u00c0gata Sala \/ Rub\u00e9n Marcos<\/p>\n<p>\nEuropa Press Comunicaci\u00f3n<\/p>\n<p>\nagatasala@europapress.es \/ rubenmarcos@europapress.es<\/p>\n<p>\n600 90 55 38 \/ 600 90 54 74<\/p>\n","protected":false},"excerpt":{"rendered":"<p>(Informaci\u00f3n remitida por la empresa firmante) El atractivo de las procesiones y una oferta con arraigo tradicional sit\u00faan a Valladolid como el destino con mayor estancia media (2,9 noches). La provincia con mayor antelaci\u00f3n en la reserva es C\u00e1diz (58,4 d\u00edas), seguida de Sevilla (45,55 d\u00edas), lo que refleja un alto nivel de planificaci\u00f3n y [&hellip;]<\/p>\n","protected":false},"author":1,"featured_media":0,"comment_status":"closed","ping_status":"closed","sticky":false,"template":"","format":"standard","meta":{"footnotes":""},"categories":[2],"tags":[],"class_list":["post-60942","post","type-post","status-publish","format-standard","hentry","category-noticias"],"_links":{"self":[{"href":"https:\/\/webciudadana.net\/index.php?rest_route=\/wp\/v2\/posts\/60942","targetHints":{"allow":["GET"]}}],"collection":[{"href":"https:\/\/webciudadana.net\/index.php?rest_route=\/wp\/v2\/posts"}],"about":[{"href":"https:\/\/webciudadana.net\/index.php?rest_route=\/wp\/v2\/types\/post"}],"author":[{"embeddable":true,"href":"https:\/\/webciudadana.net\/index.php?rest_route=\/wp\/v2\/users\/1"}],"replies":[{"embeddable":true,"href":"https:\/\/webciudadana.net\/index.php?rest_route=%2Fwp%2Fv2%2Fcomments&post=60942"}],"version-history":[{"count":0,"href":"https:\/\/webciudadana.net\/index.php?rest_route=\/wp\/v2\/posts\/60942\/revisions"}],"wp:attachment":[{"href":"https:\/\/webciudadana.net\/index.php?rest_route=%2Fwp%2Fv2%2Fmedia&parent=60942"}],"wp:term":[{"taxonomy":"category","embeddable":true,"href":"https:\/\/webciudadana.net\/index.php?rest_route=%2Fwp%2Fv2%2Fcategories&post=60942"},{"taxonomy":"post_tag","embeddable":true,"href":"https:\/\/webciudadana.net\/index.php?rest_route=%2Fwp%2Fv2%2Ftags&post=60942"}],"curies":[{"name":"wp","href":"https:\/\/api.w.org\/{rel}","templated":true}]}}