{"id":60946,"date":"2025-04-14T16:12:15","date_gmt":"2025-04-14T14:12:15","guid":{"rendered":"https:\/\/ticker-noticiasep.microcontenidos.com\/NoticiaRSS.vbhtml?user=FRND562DLP&amp;cod=20250414161215"},"modified":"2025-04-14T16:12:15","modified_gmt":"2025-04-14T14:12:15","slug":"mundo-20-ministros-de-todo-el-mundo-se-reunen-en-riad-como-parte-de-la-iniciativa-de-capacidades-humanas-hci","status":"publish","type":"post","link":"https:\/\/webciudadana.net\/?p=60946","title":{"rendered":"Mundo: 20 ministros de todo el mundo se re\u00fanen en Riad como parte de la Iniciativa de Capacidades Humanas (HCI)"},"content":{"rendered":"\n<div><img decoding=\"async\" src=\"https:\/\/img.europapress.es\/fotoweb\/fotonoticia_20250414161215_300.jpg\" class=\"ff-og-image-inserted\"><\/div>\n<p>(Informaci\u00f3n remitida por la empresa firmante)<\/p>\n<p>\n20 ministros de todo el mundo se re\u00fanen en Riad para una mesa redonda ministerial sobre el desarrollo de capacidades humanas como parte de la Iniciativa de Capacidades Humanas (HCI)<\/p>\n<p>\nRIAD, Arabia Saudita, 14 de abril de 2025 \/PRNewswire\/ &#8212; El Programa de Desarrollo de las Capacidades Humanas (HCDP), un Programa de Realizaci\u00f3n de la Visi\u00f3n Saud\u00ed 2030 convoc\u00f3 una mesa redonda ministerial el primer d\u00eda de la segunda edici\u00f3n de la conferencia de la Iniciativa de Capacidades Humanas (HCI). La conferencia de la HCI se celebra bajo el patrocinio de Su Alteza Real el Pr\u00edncipe Mohammed bin Salman bin Abdulaziz Al Saud, Pr\u00edncipe Heredero, primer ministro y presidente del HCDP, los d\u00edas 13 y 14 de abril de 2025 en el Centro Internacional de Conferencias Rey Abdulaziz bajo el lema #BeyondReadiness<\/p>\n<p>\nLa mesa redonda ministerial, a puerta cerrada, se centr\u00f3 en \u00abAlfabetizaci\u00f3n en IA para todos: Promoviendo el acceso equitativo para capacidades resilientes\u00bb y cont\u00f3 con la participaci\u00f3n de 20 ministros de todo el mundo, as\u00ed como de expertos locales e internacionales en educaci\u00f3n y tecnolog\u00eda, incluyendo representantes de la Comisi\u00f3n Saud\u00ed para la Evaluaci\u00f3n de la Educaci\u00f3n y la Formaci\u00f3n, la Autoridad Saud\u00ed de Datos e Inteligencia Artificial (SDAIA), el Banco Mundial y la Organizaci\u00f3n para la Cooperaci\u00f3n y el Desarrollo Econ\u00f3micos (OCDE).<\/p>\n<p> La mesa redonda explor\u00f3 la necesidad crucial de integrar las competencias digitales como piedra angular del desarrollo de las capacidades humanas y examin\u00f3 el papel central de la alfabetizaci\u00f3n en IA para garantizar el \u00e9xito de las personas en una econom\u00eda impulsada por la IA.<\/p>\n<p> La reuni\u00f3n tambi\u00e9n destac\u00f3 la necesidad de establecer estrategias inclusivas que promuevan la educaci\u00f3n digital, as\u00ed como la importancia de integrar las habilidades de IA en los planes de estudio y fortalecer la colaboraci\u00f3n internacional para descubrir soluciones escalables que permitan un acceso equitativo a las herramientas de IA y la formaci\u00f3n digital en todo el mundo.<\/p>\n<p> Los participantes en la mesa redonda acordaron emitir una declaraci\u00f3n conjunta tras la reuni\u00f3n, en la que se destacaron los aspectos clave del debate y se expusieron sus principales recomendaciones sobre los pr\u00f3ximos pasos a seguir, que son los siguientes: <\/p>\n<p>\nLa mesa redonda refuerza el compromiso del Reino de liderar los esfuerzos globales en el desarrollo de capacidades humanas, en consonancia con la Visi\u00f3n Saud\u00ed 2030, impulsado por su reconocimiento del papel central del desarrollo de capacidades humanas para lograr un crecimiento econ\u00f3mico sostenible a nivel mundial. Los participantes globales en la mesa redonda identificaron soluciones innovadoras y concretas para garantizar que los pa\u00edses puedan mantener su competitividad y lograr un crecimiento sostenible en diversos sectores, permitiendo que personas e instituciones triunfen en un mundo impulsado por la IA.<\/p>\n<p> Para m\u00e1s informaci\u00f3n, contacte con el Equipo de Prensa de la Conferencia HCI:media@humancapabilityinitiative.org<\/p>\n<p>\nAcceso al sitio web de la Conferencia HCI:https:\/\/humancapabilityinitiative.org\/en\/<\/p>\n<p>\nFoto &#8212; https:\/\/mma.prnewswire.com\/media\/2663390\/20_Global_Ministers.jpg<\/p>\n<p> View original content:https:\/\/www.prnewswire.com\/es\/comunicados-de-prensa\/20-ministros-de-todo-el-mundo-se-reunen-en-riad-como-parte-de-la-iniciativa-de-capacidades-humanas-hci-302427688.html<\/p>\n","protected":false},"excerpt":{"rendered":"<p>(Informaci\u00f3n remitida por la empresa firmante) 20 ministros de todo el mundo se re\u00fanen en Riad para una mesa redonda ministerial sobre el desarrollo de capacidades humanas como parte de la Iniciativa de Capacidades Humanas (HCI) RIAD, Arabia Saudita, 14 de abril de 2025 \/PRNewswire\/ &#8212; El Programa de Desarrollo de las Capacidades Humanas (HCDP), [&hellip;]<\/p>\n","protected":false},"author":1,"featured_media":0,"comment_status":"closed","ping_status":"closed","sticky":false,"template":"","format":"standard","meta":{"footnotes":""},"categories":[2],"tags":[],"class_list":["post-60946","post","type-post","status-publish","format-standard","hentry","category-noticias"],"_links":{"self":[{"href":"https:\/\/webciudadana.net\/index.php?rest_route=\/wp\/v2\/posts\/60946","targetHints":{"allow":["GET"]}}],"collection":[{"href":"https:\/\/webciudadana.net\/index.php?rest_route=\/wp\/v2\/posts"}],"about":[{"href":"https:\/\/webciudadana.net\/index.php?rest_route=\/wp\/v2\/types\/post"}],"author":[{"embeddable":true,"href":"https:\/\/webciudadana.net\/index.php?rest_route=\/wp\/v2\/users\/1"}],"replies":[{"embeddable":true,"href":"https:\/\/webciudadana.net\/index.php?rest_route=%2Fwp%2Fv2%2Fcomments&post=60946"}],"version-history":[{"count":0,"href":"https:\/\/webciudadana.net\/index.php?rest_route=\/wp\/v2\/posts\/60946\/revisions"}],"wp:attachment":[{"href":"https:\/\/webciudadana.net\/index.php?rest_route=%2Fwp%2Fv2%2Fmedia&parent=60946"}],"wp:term":[{"taxonomy":"category","embeddable":true,"href":"https:\/\/webciudadana.net\/index.php?rest_route=%2Fwp%2Fv2%2Fcategories&post=60946"},{"taxonomy":"post_tag","embeddable":true,"href":"https:\/\/webciudadana.net\/index.php?rest_route=%2Fwp%2Fv2%2Ftags&post=60946"}],"curies":[{"name":"wp","href":"https:\/\/api.w.org\/{rel}","templated":true}]}}