{"id":60947,"date":"2025-04-14T15:45:05","date_gmt":"2025-04-14T13:45:05","guid":{"rendered":"https:\/\/ticker-noticiasep.microcontenidos.com\/NoticiaRSS.vbhtml?user=FRND562DLP&amp;cod=20250414154505"},"modified":"2025-04-14T15:45:05","modified_gmt":"2025-04-14T13:45:05","slug":"mundo-asko-lanza-electrodomesticos-innovadores-en-la-semana-del-diseno-de-milan","status":"publish","type":"post","link":"https:\/\/webciudadana.net\/?p=60947","title":{"rendered":"Mundo: ASKO lanza electrodom\u00e9sticos innovadores en la Semana del Dise\u00f1o de Mil\u00e1n"},"content":{"rendered":"\n<div><img decoding=\"async\" src=\"https:\/\/img.europapress.es\/fotoweb\/fotonoticia_20250414154505_300.jpg\" class=\"ff-og-image-inserted\"><\/div>\n<p>(Informaci\u00f3n remitida por la empresa firmante)<\/p>\n<p>\n&#8212; Celebrando 75 a\u00f1os de innovaci\u00f3n escandinava: ASKO lanza electrodom\u00e9sticos innovadores en la Semana del Dise\u00f1o de Mil\u00e1n<\/p>\n<p>\nMIL\u00c1N, 14 de abril de 2025\/PRNewswire\/ &#8212; ASKO, la marca escandinava de electrodom\u00e9sticos pr\u00e9mium para cocina, lavander\u00eda y profesionales, celebra 75 a\u00f1os de innovaci\u00f3n desde el lanzamiento de su primera lavadora con una exposici\u00f3n interactiva en la Semana del Dise\u00f1o de Mil\u00e1n, del 8 al 13 de abril, junto con el lanzamiento de sus \u00faltimas innovaciones. Siguiendo su tradici\u00f3n de combinar tecnolog\u00eda de vanguardia con un dise\u00f1o atemporal, ASKO presenta en Mil\u00e1n sus galardonados hornos NYACRAFT con tecnolog\u00eda Celsius\u00b0Cooking\u2122, el sistema de refrigeraci\u00f3n Nordic Fresh 2.0 y el sistema Scandinavian Laundry Care 2.0, en instalaciones \u00fanicas creadas en colaboraci\u00f3n con Marmo Arredo.<\/p>\n<p> Para conmemorar sus 75 a\u00f1os de innovaci\u00f3n desde que un joven agricultor sueco invent\u00f3 su primera lavadora, ASKO ha colaborado con VOGUE Adria en un art\u00edculo editorial exclusivo que explora la nueva gama de lavadoras de ASKO. Creada con el reconocido fot\u00f3grafo Branislav Simonc\u00edk, la sesi\u00f3n fotogr\u00e1fica se realiz\u00f3 en el hist\u00f3rico Castillo de L\u00e4ck\u00f6, cerca de Lidk\u00f6ping, Suecia, donde se invent\u00f3 la primera lavadora ASKO. Aparecer\u00e1 en el n\u00famero inaugural de la revista VOGUE LIVING, que se presentar\u00e1 en la Semana del Dise\u00f1o de Mil\u00e1n y se exhibir\u00e1 en la exposici\u00f3n de ASKO.<\/p>\n<p> Desde sistemas de lavander\u00eda energ\u00e9ticamente eficientes hasta innovadoras soluciones de cocina, ASKO ha marcado continuamente nuevos est\u00e1ndares en funcionalidad y dise\u00f1o. Su exposici\u00f3n en la Semana del Dise\u00f1o de Mil\u00e1n muestra el enfoque de dise\u00f1o de ASKO, centrado en la atenci\u00f3n al detalle, que combina una artesan\u00eda meticulosa con innovaciones vanguardistas para crear productos que son a la vez est\u00e9ticos y altamente funcionales.<\/p>\n<p> Repletos de innovaciones y funciones inteligentes, los electrodom\u00e9sticos de cocina y lavander\u00eda de ASKO est\u00e1n dise\u00f1ados con aut\u00e9ntica artesan\u00eda escandinava, mejorando la vida cotidiana con su est\u00e9tica minimalista y su nivel superior de acabado en cada detalle.<\/p>\n<p> Las tres nuevas grandes plataformas de lavander\u00eda, refrigeraci\u00f3n y hornos que ASKO trae a la Semana del Dise\u00f1o de Mil\u00e1n han ganado cada una de ellas los prestigiosos premios iF Design Awards en 2025.<\/p>\n<p> ASKO Scandinavian Laundry Care 2.0, con la lavadora Steel Seal\u2122, muestra c\u00f3mo la empresa contin\u00faa liderando en el cuidado de la ropa con innovaciones que priorizan la higiene y la sostenibilidad.<\/p>\n<p> Los electrodom\u00e9sticos de refrigeraci\u00f3n integrados e independientes de ASKO est\u00e1n dise\u00f1ados para ser tan elegantes como funcionales, con un enfoque especial en las caracter\u00edsticas de instalaci\u00f3n Kitchen Fit de la gama independiente de ASKO.<\/p>\n<p> Los hornos NYACRAFT de la gama Celsius de ASKO ofrecen la combinaci\u00f3n perfecta de precisi\u00f3n y versatilidad. Con un conjunto de funciones avanzadas, est\u00e1n disponibles con marco y con vidrio.<\/p>\n<p> La exposici\u00f3n ASKO: Historia de la Innovaci\u00f3n recibe visitantes diariamente del 8 al 13 de abril, de 10.00 a 17.00 h. Se encuentra en Via delle Erbe 2a, Mil\u00e1n, en el distrito de Dise\u00f1o de Brera.<\/p>\n<p> Acerca de ASKO<\/p>\n<p>\nDurante m\u00e1s de 75 a\u00f1os, ASKO ha combinado el dise\u00f1o tradicional escandinavo con tecnolog\u00eda de vanguardia e innovaci\u00f3n para crear productos de alta calidad que no solo mejoran la vida, sino que tambi\u00e9n benefician la salud de las personas y el planeta. Este enfoque en la calidad, el dise\u00f1o, la innovaci\u00f3n y el medio ambiente ha llevado a ASKO a un inspirador viaje lleno de logros incre\u00edbles, innovaciones pioneras a nivel mundial y numerosos hitos memorables, desde la invenci\u00f3n de la primera lavadora hasta la obtenci\u00f3n de prestigiosos premios de dise\u00f1o y medio ambiente por su tecnolog\u00eda de cocina inteligente y sus dise\u00f1os sostenibles.<\/p>\n<p> Foto &#8211; https:\/\/mma.prnewswire.com\/media\/2663489\/image_ASKO_Launches_Groundbreaking_Home_Appliances_at_Milan_Design_Week.jpg<\/p>\n<p>\nFoto &#8212; https:\/\/mma.prnewswire.com\/media\/2663490\/photo_ASKO_Launches_Groundbreaking_Home_Appliances_at_Milan_Design_Week.jpg<\/p>\n<p> View original content:https:\/\/www.prnewswire.com\/news-releases\/asko-lanza-electrodomesticos-innovadores-en-la-semana-del-diseno-de-milan-302427666.html<\/p>\n","protected":false},"excerpt":{"rendered":"<p>(Informaci\u00f3n remitida por la empresa firmante) &#8212; Celebrando 75 a\u00f1os de innovaci\u00f3n escandinava: ASKO lanza electrodom\u00e9sticos innovadores en la Semana del Dise\u00f1o de Mil\u00e1n MIL\u00c1N, 14 de abril de 2025\/PRNewswire\/ &#8212; ASKO, la marca escandinava de electrodom\u00e9sticos pr\u00e9mium para cocina, lavander\u00eda y profesionales, celebra 75 a\u00f1os de innovaci\u00f3n desde el lanzamiento de su primera lavadora [&hellip;]<\/p>\n","protected":false},"author":1,"featured_media":0,"comment_status":"closed","ping_status":"closed","sticky":false,"template":"","format":"standard","meta":{"footnotes":""},"categories":[2],"tags":[],"class_list":["post-60947","post","type-post","status-publish","format-standard","hentry","category-noticias"],"_links":{"self":[{"href":"https:\/\/webciudadana.net\/index.php?rest_route=\/wp\/v2\/posts\/60947","targetHints":{"allow":["GET"]}}],"collection":[{"href":"https:\/\/webciudadana.net\/index.php?rest_route=\/wp\/v2\/posts"}],"about":[{"href":"https:\/\/webciudadana.net\/index.php?rest_route=\/wp\/v2\/types\/post"}],"author":[{"embeddable":true,"href":"https:\/\/webciudadana.net\/index.php?rest_route=\/wp\/v2\/users\/1"}],"replies":[{"embeddable":true,"href":"https:\/\/webciudadana.net\/index.php?rest_route=%2Fwp%2Fv2%2Fcomments&post=60947"}],"version-history":[{"count":0,"href":"https:\/\/webciudadana.net\/index.php?rest_route=\/wp\/v2\/posts\/60947\/revisions"}],"wp:attachment":[{"href":"https:\/\/webciudadana.net\/index.php?rest_route=%2Fwp%2Fv2%2Fmedia&parent=60947"}],"wp:term":[{"taxonomy":"category","embeddable":true,"href":"https:\/\/webciudadana.net\/index.php?rest_route=%2Fwp%2Fv2%2Fcategories&post=60947"},{"taxonomy":"post_tag","embeddable":true,"href":"https:\/\/webciudadana.net\/index.php?rest_route=%2Fwp%2Fv2%2Ftags&post=60947"}],"curies":[{"name":"wp","href":"https:\/\/api.w.org\/{rel}","templated":true}]}}