{"id":60974,"date":"2025-04-15T17:27:05","date_gmt":"2025-04-15T15:27:05","guid":{"rendered":"https:\/\/ticker-noticiasep.microcontenidos.com\/NoticiaRSS.vbhtml?user=FRND562DLP&amp;cod=20250415172705"},"modified":"2025-04-15T17:27:05","modified_gmt":"2025-04-15T15:27:05","slug":"mundo-la-fundacion-vantage-visita-aldeas-infantiles-sos-portugal-combatir-el-abandono-y-romper-el-ciclo","status":"publish","type":"post","link":"https:\/\/webciudadana.net\/?p=60974","title":{"rendered":"Mundo: La Fundaci\u00f3n Vantage visita Aldeas Infantiles SOS Portugal: Combatir el abandono y romper el ciclo"},"content":{"rendered":"\n<div><img decoding=\"async\" src=\"https:\/\/img.europapress.es\/fotoweb\/fotonoticia_20250415172705_300.jpg\" class=\"ff-og-image-inserted\"><\/div>\n<p>(Informaci\u00f3n remitida por la empresa firmante)<\/p>\n<p>\nLISBOA, Portugal, 15 de abril de 2025 \/PRNewswire\/ &#8212; La desatenci\u00f3n es una de las amenazas m\u00e1s generalizadas, aunque ignorada, para el bienestar de los ni\u00f1os. A diferencia del abandono, la negligencia suele pasar desapercibida, dejando a los ni\u00f1os atrapados en ciclos de da\u00f1o emocional cr\u00f3nico, confianza rota y dificultades de desarrollo a largo plazo.<\/p>\n<p> Durante una reciente visita a Aldeas Infantiles SOS Portugal en Lisboa, la Fundaci\u00f3n Vantage se reuni\u00f3 con la Coordinadora Corporativa de Recaudaci\u00f3n de Fondos, Teresa Concei\u00e7\u00e3o, y el responsable de Marca y Comunicaci\u00f3n, Emerson Marques, para hablar del compromiso de 60 a\u00f1os de la organizaci\u00f3n con la protecci\u00f3n de los ni\u00f1os que han sufrido negligencia, abandono o abuso.<\/p>\n<p> En Portugal, cada 10 minutos, un ni\u00f1o crece sin el apoyo que necesita para desarrollarse, y muchos se enfrentan a un abandono que puede durar generaciones. Como el abandono es menos visible que otras formas de da\u00f1o, a menudo escapa a la intervenci\u00f3n, dejando que los ni\u00f1os sufran traumas silenciosos y duraderos. Aldeas Infantiles SOS Portugal trabaja para romper este ciclo a trav\u00e9s de la prevenci\u00f3n, la protecci\u00f3n y la defensa, garantizando que ning\u00fan ni\u00f1o se quede atr\u00e1s.<\/p>\n<p> El abandono es algo m\u00e1s que la ausencia de cuidados: es una erosi\u00f3n cr\u00f3nica de la confianza, con efectos devastadores en la salud mental y el desarrollo. Los ni\u00f1os que sufren abandono suelen padecer trastornos emocionales, problemas de apego y dificultades para establecer relaciones sanas. Sin intervenci\u00f3n, el ciclo del abandono contin\u00faa, atrapando a las familias en una lucha generacional.<\/p>\n<p> Aldeas Infantiles SOS Portugal aborda el abandono de ra\u00edz fortaleciendo a las familias mediante la educaci\u00f3n, el apoyo a la salud mental y la ayuda de emergencia. Al abordar los retos sist\u00e9micos en una fase temprana, ayudan a prevenir las rupturas familiares y a reducir la necesidad de acogimiento fuera del hogar familiar.<\/p>\n<p> Cuando la separaci\u00f3n familiar es inevitable, la organizaci\u00f3n garantiza que los ni\u00f1os reciban una atenci\u00f3n de alta calidad en un entorno enriquecedor. Esto incluye mantener a los hermanos juntos, adaptar los cuidados a las necesidades individuales y proporcionar a los cuidadores formaci\u00f3n especializada en pr\u00e1cticas informadas sobre traumas. Tambi\u00e9n abogan por reforzar la protecci\u00f3n jur\u00eddica de los j\u00f3venes que abandonan el sistema de acogida, garantizando que tengan las herramientas necesarias para construir una vida independiente.<\/p>\n<p> La Fundaci\u00f3n Vantage reconoce que para acabar con el abandono es necesaria la colaboraci\u00f3n. Trabajando con organizaciones como Aldeas Infantiles SOS, las empresas, los responsables pol\u00edticos y las comunidades pueden amplificar las voces de los ni\u00f1os en situaciones vulnerables y ayudar a romper el ciclo del abandono en las familias.<\/p>\n<p> \u00abEl abandono infantil es un problema profundo, invisible y devastador\u00bb, destac\u00f3 Emerson Marques, responsable de marca y comunicaci\u00f3n de Aldeas Infantiles SOS Portugal. \u00abCuanto m\u00e1s silencioso es, m\u00e1s peligroso resulta. Compartir este mensaje es esencial para romper el ciclo: necesitamos que m\u00e1s gente conozca, se preocupe y se una a esta causa. S\u00f3lo as\u00ed podremos garantizar que ning\u00fan ni\u00f1o crezca sin el amor, el respeto y la seguridad que merece\u00bb.<\/p>\n<p> \u00abEl trabajo de Aldeas Infantiles SOS Portugal es realmente inspirador\u00bb, explic\u00f3 Steven, director ejecutivo de la Fundaci\u00f3n Vantage. \u00abEs un testimonio de lo que es posible cuando damos prioridad al futuro de los ni\u00f1os y reforzamos la importancia de la acci\u00f3n colectiva. El abandono es una crisis silenciosa, pero juntos podemos sacarla de las sombras y crear un cambio real\u00bb.<\/p>\n<p> Si nos enfrentamos al abandono, podremos construir un mundo en el que todos los ni\u00f1os crezcan con amor, respeto y seguridad.<\/p>\n<p> Esta iniciativa forma parte del compromiso permanente de la Fundaci\u00f3n Vantage con el empoderamiento de las comunidades vulnerables. Para saber m\u00e1s sobre Aldeas Infantiles SOS Portugal, visite https:\/\/www.aldeias-sos.org\/.<\/p>\n<p> Acerca de la Fundaci\u00f3n Vantage<\/p>\n<p>\nLa Fundaci\u00f3n Vantage es una organizaci\u00f3n ben\u00e9fica independiente creada en el Centro Tecnol\u00f3gico McLaren del Reino Unido en 2023. La fundaci\u00f3n se ha asociado con organizaciones de todo el mundo, como Grab Indonesia, la Fundaci\u00f3n iREDE de Nigeria, Teach For Malaysia y el Instituto Claret de Brasil, para impulsar iniciativas sociales de gran impacto.<\/p>\n<p> Si desea m\u00e1s informaci\u00f3n visite www.vantage.foundation<\/p>\n<p>\nFoto &#8212; https:\/\/mma.prnewswire.com\/media\/2664835\/Vantage_Foundation_Visits_SOS_Children_s_Villages_Portugal_Addressing_Neglect_Breaking.jpg<\/p>\n<p>\nFoto &#8212; https:\/\/mma.prnewswire.com\/media\/2664836\/Vantage_Foundation_Visits_SOS_Children_s_Villages_Portugal_Addressing_Neglect_Breaking_1.jpg<\/p>\n<p>\nLogo &#8212; https:\/\/mma.prnewswire.com\/media\/2299654\/Vantage_Foundation_Logo.jpg<\/p>\n<p> View original content:https:\/\/www.prnewswire.com\/news-releases\/la-fundacion-vantage-visita-aldeas-infantiles-sos-portugal-combatir-el-abandono-y-romper-el-ciclo-302429195.html<\/p>\n","protected":false},"excerpt":{"rendered":"<p>(Informaci\u00f3n remitida por la empresa firmante) LISBOA, Portugal, 15 de abril de 2025 \/PRNewswire\/ &#8212; La desatenci\u00f3n es una de las amenazas m\u00e1s generalizadas, aunque ignorada, para el bienestar de los ni\u00f1os. A diferencia del abandono, la negligencia suele pasar desapercibida, dejando a los ni\u00f1os atrapados en ciclos de da\u00f1o emocional cr\u00f3nico, confianza rota y [&hellip;]<\/p>\n","protected":false},"author":1,"featured_media":0,"comment_status":"closed","ping_status":"closed","sticky":false,"template":"","format":"standard","meta":{"footnotes":""},"categories":[2],"tags":[],"class_list":["post-60974","post","type-post","status-publish","format-standard","hentry","category-noticias"],"_links":{"self":[{"href":"https:\/\/webciudadana.net\/index.php?rest_route=\/wp\/v2\/posts\/60974","targetHints":{"allow":["GET"]}}],"collection":[{"href":"https:\/\/webciudadana.net\/index.php?rest_route=\/wp\/v2\/posts"}],"about":[{"href":"https:\/\/webciudadana.net\/index.php?rest_route=\/wp\/v2\/types\/post"}],"author":[{"embeddable":true,"href":"https:\/\/webciudadana.net\/index.php?rest_route=\/wp\/v2\/users\/1"}],"replies":[{"embeddable":true,"href":"https:\/\/webciudadana.net\/index.php?rest_route=%2Fwp%2Fv2%2Fcomments&post=60974"}],"version-history":[{"count":0,"href":"https:\/\/webciudadana.net\/index.php?rest_route=\/wp\/v2\/posts\/60974\/revisions"}],"wp:attachment":[{"href":"https:\/\/webciudadana.net\/index.php?rest_route=%2Fwp%2Fv2%2Fmedia&parent=60974"}],"wp:term":[{"taxonomy":"category","embeddable":true,"href":"https:\/\/webciudadana.net\/index.php?rest_route=%2Fwp%2Fv2%2Fcategories&post=60974"},{"taxonomy":"post_tag","embeddable":true,"href":"https:\/\/webciudadana.net\/index.php?rest_route=%2Fwp%2Fv2%2Ftags&post=60974"}],"curies":[{"name":"wp","href":"https:\/\/api.w.org\/{rel}","templated":true}]}}