{"id":61000,"date":"2025-04-16T19:22:46","date_gmt":"2025-04-16T17:22:46","guid":{"rendered":"https:\/\/ticker-noticiasep.microcontenidos.com\/NoticiaRSS.vbhtml?user=FRND562DLP&amp;cod=20250416192246"},"modified":"2025-04-16T19:22:46","modified_gmt":"2025-04-16T17:22:46","slug":"mundo-la-virgil-abloh-foundation-nombra-a-athi-selvendran-como-director-creativo","status":"publish","type":"post","link":"https:\/\/webciudadana.net\/?p=61000","title":{"rendered":"Mundo: La Virgil Abloh Foundation nombra a Athi Selvendran como director creativo"},"content":{"rendered":"\n<p>(Informaci\u00f3n remitida por la empresa firmante)<\/p>\n<p>\nCHICAGO, 16 de abril de 2025 \/PRNewswire\/ &#8212; Athiththan Selvendran, antiguo jefe de gabinete de Virgil Abloh y actual director de operaciones de Virgil Abloh Securities (VAS), ha sido nombrado director creativo de la Virgil Abloh Foundation. El anuncio, realizado por Shannon Abloh, marca una ampliaci\u00f3n del cargol de Selvendran y su influencia como creador y estratega.<\/p>\n<p> En su doble funci\u00f3n, Selvendran (conocido como \u00abAthi\u00bb) continuar\u00e1 supervisando las operaciones diarias de VAS, el centro neur\u00e1lgico de todos los proyectos creativos, organizaciones y marcas propiedad de Shannon Abloh. La Virgil Abloh Foundation (VAF) act\u00faa como el brazo filantr\u00f3pico de VAS.<\/p>\n<p> Selvendran se une a Dana Loatman, quien fue anunciada como directora ejecutiva de la fundaci\u00f3n en febrero de 2025. Como director creativo de la fundaci\u00f3n, Athi ser\u00e1 responsable de la preservaci\u00f3n, catalogaci\u00f3n y lanzamiento de los Archivos Virgil Abloh. Tambi\u00e9n liderar\u00e1 el dise\u00f1o creativo y la implementaci\u00f3n de iniciativas globales y programas de impacto como ABLOH AIR, y codirigir\u00e1 colaboraciones y alianzas con marcas dise\u00f1adas para aumentar la visibilidad y las oportunidades para creativos aspirantes, l\u00edderes culturales y promotores de comunidades. Shannon Abloh fund\u00f3 VAF en 2022 para continuar la labor filantr\u00f3pica que les apasionaba a ella y a Virgil y para preservar el legado de Virgil como dise\u00f1ador, visionario y pionero cultural.<\/p>\n<p> \u00abVer a Athi crecer como creativo mientras ayudaba a construir la Virgil Abloh Foundation ha sido realmente extraordinario. Su trayectoria ha estado marcada por una dedicaci\u00f3n inquebrantable a superar los l\u00edmites, fomentar la innovaci\u00f3n y asegurar que la \u00e9tica visionaria de Virgil perdure. Tras a\u00f1os trabajando junto a Virgil, Athi ha desarrollado una profunda comprensi\u00f3n de lo que significa romper barreras y redefinir las industrias creativas. Su talento innato, sus agudos instintos creativos y su capacidad para conectar profundamente con la gente lo convierten en la persona ideal para este puesto\u00bb, coment\u00f3 Shannon Abloh.<\/p>\n<p> A partir de 2016, Selvendran desempe\u00f1\u00f3 un papel fundamental en las numerosas entidades, proyectos y operaciones de Virgil Abloh, entre ellas Off-White, Louis Vuitton y ALASKAALASKA, el estudio de investigaci\u00f3n y dise\u00f1o fundado por Abloh en 2017. Tras el fallecimiento de Abloh, Selvendran trabaj\u00f3 junto a Shannon Abloh en proyectos aclamados internacionalmente que honran el legado y el impacto de Virgil, entre ellos Figures of Speech at the Brooklyn Museum (2022), Nike Inc. ? Virgil Abloh: The Codes of Architecture y The Annual Skate Invitational en Miami (2022, 2023, 2024), y el desarrollo inicial de la Virgil Abloh Foundation.<\/p>\n<p> Selvendran coment\u00f3, \u00abAl asumir este cargo de director creativo, mi ambici\u00f3n y motivaci\u00f3n impulsan mi compromiso de preservar el legado de Virgil Abloh, compartiendo su filosof\u00eda, ret\u00f3rica y metodolog\u00eda con el mundo, junto con Shannon Abloh y el equipo de la fundaci\u00f3n. Mi deseo es construir caminos que permitan a todos los j\u00f3venes so\u00f1ar, buscar y creer en sus visiones, gui\u00e1ndolos para que desarrollen confianza a medida que crecen y sienten que sus ideas son bienvenidas y que pertenecen a todos los espacios, con el objetivo final de la autoexpresi\u00f3n en cualquier disciplina, sin limitaciones. Espero seguir inmerso en este trabajo y aplicar un marco ideol\u00f3gico que re\u00fana a personas con su propia experiencia y trayectorias creativas para intercambiar ideas, colaborar y crear un di\u00e1logo continuo. Creo que, junto con todos nuestros amigos, familiares y colaboradores, brindaremos acceso a la pr\u00f3xima generaci\u00f3n de j\u00f3venes creativos, abri\u00e9ndoles puertas, fomentando su energ\u00eda creativa a trav\u00e9s de la exposici\u00f3n y creando oportunidades fruct\u00edferas para que formen parte de la narrativa futura de la creatividad.\u00bb<\/p>\n<p>\nNacido en Jamaica, Queens, Nueva York, Selvendran es Licenciado en Artes por Beloit College con especializaci\u00f3n en Relaciones Internacionales y Emprendimiento. Ha completado cursos de certificaci\u00f3n en el Fashion Institute of Technology, la Parsons School of Design, el Pratt Institute y Central Saint Martins. Adem\u00e1s, cursa un Master Global en Administraci\u00f3n de Empresas y un Master en Ciencias.<\/p>\n<p> Virgil Abloh Foundation<\/p>\n<p>\nLa Virgil Abloh Foundation es una organizaci\u00f3n sin \u00e1nimo de lucro 501(c)(3) que act\u00faa como el brazo filantr\u00f3pico de Virgil Abloh Securities, el centro creativo que defiende la pr\u00e1ctica, las ense\u00f1anzas y la filosof\u00eda de gran alcance del difunto visionario creativo Virgil Abloh. Virgil Abloh transform\u00f3 fundamentalmente nuestra percepci\u00f3n de la creatividad y del mundo que nos rodea. Como figura multifac\u00e9tica por excelencia, transform\u00f3 industrias, cre\u00f3 marcas que marcaron categor\u00edas y promovi\u00f3 la equidad, la colaboraci\u00f3n y la inclusi\u00f3n en todas las disciplinas. A trav\u00e9s de sus alianzas locales e internacionales, programas educativos con una misi\u00f3n clara y mentor\u00eda, la Fundaci\u00f3n busca impulsar un cambio sist\u00e9mico y duradero en las industrias creativas, creando espacios m\u00e1s equitativos e inclusivos para j\u00f3venes creativos subrepresentados, l\u00edderes culturales y creadores de cambios en busca de un futuro creativo sin l\u00edmites.<\/p>\n<p> Contactos:<\/p>\n<p>\npress@thevirgilablohfoundation.com<\/p>\n<p>\nLogo &#8212; https:\/\/mma.prnewswire.com\/media\/2626674\/VAF_Logo.jpg<\/p>\n<p> View original content:https:\/\/www.prnewswire.com\/news-releases\/la-virgil-abloh-foundation-nombra-a-athi-selvendran-como-director-creativo-302430670.html<\/p>\n","protected":false},"excerpt":{"rendered":"<p>(Informaci\u00f3n remitida por la empresa firmante) CHICAGO, 16 de abril de 2025 \/PRNewswire\/ &#8212; Athiththan Selvendran, antiguo jefe de gabinete de Virgil Abloh y actual director de operaciones de Virgil Abloh Securities (VAS), ha sido nombrado director creativo de la Virgil Abloh Foundation. El anuncio, realizado por Shannon Abloh, marca una ampliaci\u00f3n del cargol de [&hellip;]<\/p>\n","protected":false},"author":1,"featured_media":0,"comment_status":"closed","ping_status":"closed","sticky":false,"template":"","format":"standard","meta":{"footnotes":""},"categories":[2],"tags":[],"class_list":["post-61000","post","type-post","status-publish","format-standard","hentry","category-noticias"],"_links":{"self":[{"href":"https:\/\/webciudadana.net\/index.php?rest_route=\/wp\/v2\/posts\/61000","targetHints":{"allow":["GET"]}}],"collection":[{"href":"https:\/\/webciudadana.net\/index.php?rest_route=\/wp\/v2\/posts"}],"about":[{"href":"https:\/\/webciudadana.net\/index.php?rest_route=\/wp\/v2\/types\/post"}],"author":[{"embeddable":true,"href":"https:\/\/webciudadana.net\/index.php?rest_route=\/wp\/v2\/users\/1"}],"replies":[{"embeddable":true,"href":"https:\/\/webciudadana.net\/index.php?rest_route=%2Fwp%2Fv2%2Fcomments&post=61000"}],"version-history":[{"count":0,"href":"https:\/\/webciudadana.net\/index.php?rest_route=\/wp\/v2\/posts\/61000\/revisions"}],"wp:attachment":[{"href":"https:\/\/webciudadana.net\/index.php?rest_route=%2Fwp%2Fv2%2Fmedia&parent=61000"}],"wp:term":[{"taxonomy":"category","embeddable":true,"href":"https:\/\/webciudadana.net\/index.php?rest_route=%2Fwp%2Fv2%2Fcategories&post=61000"},{"taxonomy":"post_tag","embeddable":true,"href":"https:\/\/webciudadana.net\/index.php?rest_route=%2Fwp%2Fv2%2Ftags&post=61000"}],"curies":[{"name":"wp","href":"https:\/\/api.w.org\/{rel}","templated":true}]}}