{"id":61053,"date":"2025-04-22T10:01:06","date_gmt":"2025-04-22T08:01:06","guid":{"rendered":"https:\/\/ticker-noticiasep.microcontenidos.com\/NoticiaRSS.vbhtml?user=FRND562DLP&amp;cod=20250422100106"},"modified":"2025-04-22T10:01:06","modified_gmt":"2025-04-22T08:01:06","slug":"mundo-pere-mane-nuevo-ceo-de-suanfarma","status":"publish","type":"post","link":"https:\/\/webciudadana.net\/?p=61053","title":{"rendered":"Mundo: Pere Ma\u00f1\u00e9, nuevo CEO de Suanfarma"},"content":{"rendered":"\n<div><img decoding=\"async\" src=\"https:\/\/img.europapress.es\/fotoweb\/fotonoticia_20250422100106_300.jpg\" class=\"ff-og-image-inserted\"><\/div>\n<p>(Informaci\u00f3n remitida por la empresa firmante)<\/p>\n<p>\nMADRID, 22 de abril de 2025 \/PRNewswire\/ &#8212; Suanfarma, compa\u00f1\u00eda global especializada en el desarrollo, producci\u00f3n y comercializaci\u00f3n de ingredientes farmac\u00e9uticos activos y servicios CDMO de alto valor para la industria de la salud, anuncia el nombramiento de Pere Ma\u00f1\u00e9 Godina como su nuevo CEO. Su incorporaci\u00f3n marca el inicio de una nueva etapa para la compa\u00f1\u00eda, centrada en la consolidaci\u00f3n industrial, la innovaci\u00f3n sostenible y la expansi\u00f3n global.<\/p>\n<p> Con una carrera de m\u00e1s de 30 a\u00f1os, Pere ha ocupado cargos t\u00e9cnicos y directivos estrat\u00e9gicos en destacadas compa\u00f1\u00edas farmac\u00e9uticas como Uquifa, Boehringer Ingelheim y Esteve Qu\u00edmica. Su experiencia abarca desde funciones t\u00e9cnicas y operativas hasta posiciones ejecutivas como General Manager y Group Chief Industrial Operations Officer.<\/p>\n<p> Recientemente, Pere desempe\u00f1\u00f3 un papel clave en la transformaci\u00f3n industrial de Esteve, posicionando su divisi\u00f3n qu\u00edmica como un referente internacional. Bajo su liderazgo, la compa\u00f1\u00eda fue reconocida como CDMO del A\u00f1o \u2013 Small Molecules en los Leadership Awards del DCAT 2025, uno de los premios m\u00e1s prestigiosos del sector.<\/p>\n<p> Este nombramiento se alinea con la visi\u00f3n estrat\u00e9gica a largo plazo de Suanfarma. Carlos Alonso, CEO interino desde octubre de 2024, garantizar\u00e1 una transici\u00f3n fluida y continuar\u00e1 en la compa\u00f1\u00eda como Presidente Ejecutivo:<\/p>\n<p> \u00abEstamos convencidos de que el profundo conocimiento del sector, la visi\u00f3n estrat\u00e9gica y la experiencia de liderazgo de Pere ser\u00e1n fundamentales para reforzar la posici\u00f3n de Suanfarma en el mercado y seguir ofreciendo soluciones de alto valor a nuestros clientes y socios.\u00bb<\/p>\n<p>\nLa llegada de Pere impulsa de forma decisiva la trayectoria de crecimiento de Suanfarma. Su enfoque en la excelencia operativa, las capacidades avanzadas de CDMO y las alianzas estrat\u00e9gicas guiar\u00e1n a la compa\u00f1\u00eda en su pr\u00f3xima etapa para:<\/p>\n<p>\nOptimizar las operaciones industriales e integrar nuevas tecnolog\u00edas<\/p>\n<p>\nFortalecer las relaciones con clientes globales y proveedores clave<\/p>\n<p>\nAcelerar la expansi\u00f3n internacional<\/p>\n<p>\nFomentar una cultura de innovaci\u00f3n y sostenibilidad<\/p>\n<p>\nEn palabras de Pere Ma\u00f1\u00e9, \u00abSuanfarma cuenta con todos los elementos para liderar el futuro del sector: una base s\u00f3lida, una buena plataforma industrial y una red internacional de gran valor con un equipo excepcional. Estoy entusiasmado por comenzar esta nueva etapa y trabajar juntos para seguir ofreciendo soluciones innovadoras, eficientes y sostenibles a nuestros clientes.\u00bb<\/p>\n<p>\nSobre Suanfarma<\/p>\n<p>\nFundada en 1993, Suanfarma es una empresa B2B de ciencias de la vida que desarrolla, fabrica y distribuye ingredientes farmac\u00e9uticos. Presente en 70 pa\u00edses, forma parte desde 2021 de Archimed, una firma de inversi\u00f3n especializada en el sector salud.<\/p>\n<p> Foto : https:\/\/mma.prnewswire.com\/media\/2669173\/Suanfarma.jpg<\/p>\n<p>\nLogo: https:\/\/mma.prnewswire.com\/media\/2666505\/SUANFARMA_Logo.jpg<\/p>\n<p> View original content:https:\/\/www.prnewswire.com\/news-releases\/pere-mane-nuevo-ceo-de-suanfarma-302433521.html<\/p>\n","protected":false},"excerpt":{"rendered":"<p>(Informaci\u00f3n remitida por la empresa firmante) MADRID, 22 de abril de 2025 \/PRNewswire\/ &#8212; Suanfarma, compa\u00f1\u00eda global especializada en el desarrollo, producci\u00f3n y comercializaci\u00f3n de ingredientes farmac\u00e9uticos activos y servicios CDMO de alto valor para la industria de la salud, anuncia el nombramiento de Pere Ma\u00f1\u00e9 Godina como su nuevo CEO. Su incorporaci\u00f3n marca el [&hellip;]<\/p>\n","protected":false},"author":1,"featured_media":0,"comment_status":"closed","ping_status":"closed","sticky":false,"template":"","format":"standard","meta":{"footnotes":""},"categories":[2],"tags":[],"class_list":["post-61053","post","type-post","status-publish","format-standard","hentry","category-noticias"],"_links":{"self":[{"href":"https:\/\/webciudadana.net\/index.php?rest_route=\/wp\/v2\/posts\/61053","targetHints":{"allow":["GET"]}}],"collection":[{"href":"https:\/\/webciudadana.net\/index.php?rest_route=\/wp\/v2\/posts"}],"about":[{"href":"https:\/\/webciudadana.net\/index.php?rest_route=\/wp\/v2\/types\/post"}],"author":[{"embeddable":true,"href":"https:\/\/webciudadana.net\/index.php?rest_route=\/wp\/v2\/users\/1"}],"replies":[{"embeddable":true,"href":"https:\/\/webciudadana.net\/index.php?rest_route=%2Fwp%2Fv2%2Fcomments&post=61053"}],"version-history":[{"count":0,"href":"https:\/\/webciudadana.net\/index.php?rest_route=\/wp\/v2\/posts\/61053\/revisions"}],"wp:attachment":[{"href":"https:\/\/webciudadana.net\/index.php?rest_route=%2Fwp%2Fv2%2Fmedia&parent=61053"}],"wp:term":[{"taxonomy":"category","embeddable":true,"href":"https:\/\/webciudadana.net\/index.php?rest_route=%2Fwp%2Fv2%2Fcategories&post=61053"},{"taxonomy":"post_tag","embeddable":true,"href":"https:\/\/webciudadana.net\/index.php?rest_route=%2Fwp%2Fv2%2Ftags&post=61053"}],"curies":[{"name":"wp","href":"https:\/\/api.w.org\/{rel}","templated":true}]}}