{"id":61072,"date":"2025-04-22T18:50:30","date_gmt":"2025-04-22T16:50:30","guid":{"rendered":"https:\/\/ticker-noticiasep.microcontenidos.com\/NoticiaRSS.vbhtml?user=FRND562DLP&amp;cod=20250422185030"},"modified":"2025-04-22T18:50:30","modified_gmt":"2025-04-22T16:50:30","slug":"mundo-engwe-anuncia-un-ajuste-global-de-precios-ante-los-desafios-arancelarios","status":"publish","type":"post","link":"https:\/\/webciudadana.net\/?p=61072","title":{"rendered":"Mundo: ENGWE anuncia un ajuste global de precios ante los desaf\u00edos arancelarios"},"content":{"rendered":"\n<p>(Informaci\u00f3n remitida por la empresa firmante)<\/p>\n<p>\n&#8211;ENGWE anuncia un ajuste global de precios ante los desaf\u00edos arancelarios y fortalece la estrategia de marca a largo plazo<\/p>\n<p>\nNUEVA YORK, 22 de abril de 2025 \/PRNewswire\/ &#8212; ENGWE, una marca l\u00edder en el sector de las bicicletas el\u00e9ctricas, ha anunciado un ajuste estrat\u00e9gico en su estructura de precios omnicanal, vigente a partir de mayo de 2025. Este cambio se aplicar\u00e1 a toda la l\u00ednea de productos en respuesta a la evoluci\u00f3n de las pol\u00edticas comerciales internacionales.<\/p>\n<p> Los desaf\u00edos arancelarios impulsan un reequilibrio estrat\u00e9gico<\/p>\n<p>\nDado que componentes clave como bater\u00edas de iones de litio, motores de buje sin escobillas, controladores y sistemas de suspensi\u00f3n est\u00e1n experimentando fuertes aumentos de costes debido a los aranceles, algunos de hasta un 25%, ENGWE reconoce la necesidad de adaptarse. \u00abHemos trabajado arduamente para compensar estas presiones internamente, pero la calidad nunca debe verse comprometida\u00bb, afirm\u00f3 Baron, gerente de producto de ENGWE. \u00abEsta actualizaci\u00f3n de precios es una decisi\u00f3n racional tomada tras un an\u00e1lisis y una planificaci\u00f3n exhaustivos\u00bb.<\/p>\n<p> ENGWE se compromete con el progreso continuo para garantizar un futuro m\u00e1s estable<\/p>\n<p>\nMejora de la cadena de suministro: Estamos optimizando nuestra cadena de suministro y reduciendo costes, desde el abastecimiento y la producci\u00f3n hasta el almacenamiento y la entrega, a la vez que aumentamos la flexibilidad para gestionar los cambios de tarifas.<\/p>\n<p>\nMayor innovaci\u00f3n de productos: Seguimos invirtiendo en I+D e integrando las \u00faltimas tecnolog\u00edas para garantizar que cada ENGWE e-bike ofrezca una calidad, durabilidad y rendimiento excepcionales.<\/p>\n<p>\nFortalecimiento del soporte global: Estamos ampliando nuestra red de servicio posventa en los principales mercados internacionales para ofrecer una atenci\u00f3n al cliente m\u00e1s r\u00e1pida, localizada y fiable.<\/p>\n<p> Qu\u00e9 significa esto para los clientes<\/p>\n<p>\nCalidad del producto: Las bicicletas el\u00e9ctricas ENGWE seguir\u00e1n ofreciendo un excelente rendimiento, seguridad y durabilidad.<\/p>\n<p>\nValor duradero: Este ajuste fomenta la innovaci\u00f3n y el servicio continuos, garantizando la protecci\u00f3n de su inversi\u00f3n en ENGWE a largo plazo.<\/p>\n<p>\nExperiencia de compra transparente: Al eliminar los descuentos por tiempo limitado y las incertidumbres, nos centramos en ofrecer precios justos, valor duradero y un servicio superior a cada ciclista, todos los d\u00edas.<\/p>\n<p> Disfrute de los precios actuales durante la celebraci\u00f3n del 11\u00ba aniversario<\/p>\n<p>\nPara que los clientes puedan disfrutar de las ofertas vigentes, los cambios de precios de ENGWE entrar\u00e1n en vigor despu\u00e9s de la celebraci\u00f3n del 11\u00ba aniversario (del 1 al 30 de abril), que incluye la oportunidad de ganar una de cuatro bicicletas el\u00e9ctricas, una caja de regalo de ciclismo de 119 \u20ac con pedidos seleccionados y descuentos de hasta 800 \u20ac en modelos seleccionados.<\/p>\n<p> En el cambiante panorama comercial y econ\u00f3mico actual, ser proactivos y transparentes es m\u00e1s importante que nunca. Los ajustes de precios de ENGWE entrar\u00e1n en vigor en mayo de 2025. Animamos a nuestros valiosos clientes a mantenerse informados a trav\u00e9s de nuestros canales oficiales. Gracias por su confianza y apoyo continuos: juntos, superaremos estos desaf\u00edos e impulsaremos el futuro de la movilidad sostenible.<\/p>\n<p> Logo &#8211; https:\/\/mma.prnewswire.com\/media\/2341757\/ENGWE_Logo.jpg<\/p>\n<p> View original content:https:\/\/www.prnewswire.com\/news-releases\/engwe-anuncia-un-ajuste-global-de-precios-ante-los-desafios-arancelarios-302434727.html<\/p>\n","protected":false},"excerpt":{"rendered":"<p>(Informaci\u00f3n remitida por la empresa firmante) &#8211;ENGWE anuncia un ajuste global de precios ante los desaf\u00edos arancelarios y fortalece la estrategia de marca a largo plazo NUEVA YORK, 22 de abril de 2025 \/PRNewswire\/ &#8212; ENGWE, una marca l\u00edder en el sector de las bicicletas el\u00e9ctricas, ha anunciado un ajuste estrat\u00e9gico en su estructura de [&hellip;]<\/p>\n","protected":false},"author":1,"featured_media":0,"comment_status":"closed","ping_status":"closed","sticky":false,"template":"","format":"standard","meta":{"footnotes":""},"categories":[2],"tags":[],"class_list":["post-61072","post","type-post","status-publish","format-standard","hentry","category-noticias"],"_links":{"self":[{"href":"https:\/\/webciudadana.net\/index.php?rest_route=\/wp\/v2\/posts\/61072","targetHints":{"allow":["GET"]}}],"collection":[{"href":"https:\/\/webciudadana.net\/index.php?rest_route=\/wp\/v2\/posts"}],"about":[{"href":"https:\/\/webciudadana.net\/index.php?rest_route=\/wp\/v2\/types\/post"}],"author":[{"embeddable":true,"href":"https:\/\/webciudadana.net\/index.php?rest_route=\/wp\/v2\/users\/1"}],"replies":[{"embeddable":true,"href":"https:\/\/webciudadana.net\/index.php?rest_route=%2Fwp%2Fv2%2Fcomments&post=61072"}],"version-history":[{"count":0,"href":"https:\/\/webciudadana.net\/index.php?rest_route=\/wp\/v2\/posts\/61072\/revisions"}],"wp:attachment":[{"href":"https:\/\/webciudadana.net\/index.php?rest_route=%2Fwp%2Fv2%2Fmedia&parent=61072"}],"wp:term":[{"taxonomy":"category","embeddable":true,"href":"https:\/\/webciudadana.net\/index.php?rest_route=%2Fwp%2Fv2%2Fcategories&post=61072"},{"taxonomy":"post_tag","embeddable":true,"href":"https:\/\/webciudadana.net\/index.php?rest_route=%2Fwp%2Fv2%2Ftags&post=61072"}],"curies":[{"name":"wp","href":"https:\/\/api.w.org\/{rel}","templated":true}]}}