{"id":61083,"date":"2025-04-23T10:07:33","date_gmt":"2025-04-23T08:07:33","guid":{"rendered":"https:\/\/ticker-noticiasep.microcontenidos.com\/NoticiaRSS.vbhtml?user=FRND562DLP&amp;cod=20250423100733"},"modified":"2025-04-23T10:07:33","modified_gmt":"2025-04-23T08:07:33","slug":"el-faro-celebra-a-lo-grande-la-iii-edicion-de-la-primavera-cervecera-este-fin-de-semana","status":"publish","type":"post","link":"https:\/\/webciudadana.net\/?p=61083","title":{"rendered":"El Faro celebra a lo grande la III edici\u00f3n de \u2018La Primavera Cervecera\u2019 este fin de semana"},"content":{"rendered":"\n<div><img decoding=\"async\" src=\"https:\/\/img.europapress.es\/fotoweb\/fotonoticia_20250423100733_300.jpg\" class=\"ff-og-image-inserted\"><\/div>\n<p>(Informaci\u00f3n remitida por la empresa firmante)<\/p>\n<p>\nDurante los tres d\u00edas de duraci\u00f3n del festival, los asistentes podr\u00e1n degustar una selecci\u00f3n de m\u00e1s de una veintena de cervezas artesanas procedentes de Extremadura y el Alentejo portugu\u00e9s.<\/p>\n<p>\nEl evento contar\u00e1 con m\u00fasica en directo todos los d\u00edas e incluir\u00e1 una actuaci\u00f3n de DJ, premios directos, una actuaci\u00f3n infantil y la retransmisi\u00f3n de la final de la Copa del Rey en pantalla grande<\/p>\n<p>\nBadajoz, 23 de abril de 2025.- El Centro Comercial El Faro celebra desde este viernes 25 y hasta este domingo 27 de abril la tercera edici\u00f3n de su tradicional festival \u2018Primavera Cervecera\u2019. Una cita ya consolidada en el calendario anual de El Faro que este a\u00f1o contar\u00e1 con m\u00fasica en directo, y un amplio repertorio de actividades para todos los p\u00fablicos.<\/p>\n<p> Durante los tres d\u00edas de duraci\u00f3n del festival, los asistentes podr\u00e1n disfrutar de una selecci\u00f3n de m\u00e1s de una veintena de cervezas artesanas procedentes de Extremadura y del Alentejo portugu\u00e9s. Concretamente, las empresas participantes en la organizaci\u00f3n vuelven a ser Lusitania y Mr. Lynx.<\/p>\n<p> El evento arrancar\u00e1 este viernes a las 19:00 horas con una actuaci\u00f3n en directo, de la mano de M-Pop en homenaje a los grandes \u00e9xitos musicales de las d\u00e9cadas de los 80*<\/p>\n<p>\ny 90. El concierto se celebrar\u00e1 en la zona exterior del centro comercial y estar\u00e1 abierto al p\u00fablico de forma gratuita.<\/p>\n<p> El s\u00e1bado 26 actuar\u00e1 el DJ Saavedra y tendr\u00e1n lugar divertidos concursos y premios directos. Adem\u00e1s, se retransmitir\u00e1 la final de la Copa del Rey en pantalla grande, con la idea de ofrecer contenido de inter\u00e9s para los m\u00e1s \u201cfutboleros\u201d en un ambiente agradable.<\/p>\n<p> Esta jornada del s\u00e1bado 26 coincidir\u00e1 con la Marcha Solidaria organizada en los espacios de El Faro, de forma que tanto los participantes de la marcha como los visitantes podr\u00e1n disfrutar de ambos eventos en un entorno de ocio compartido.<\/p>\n<p> Como colof\u00f3n del festival, el domingo 27 de abril, a las 12:00 horas, se celebrar\u00e1 una actuaci\u00f3n infantil de la mano de Festiocio, completando as\u00ed una programaci\u00f3n dirigida tanto a adultos como a los m\u00e1s peque\u00f1os.<\/p>\n<p> Desde la gerencia de El Faro han destacado que \u201ciniciativas como la \u2018Primavera Cervecera\u2019 se han convertido en eventos tradicionales y reconocibles por nuestros visitantes\u201d. \u201cQueremos seguir siendo un punto de encuentro para la ciudadan\u00eda, ofreciendo espacios donde convivir, disfrutar y compartir experiencias de ocio m\u00e1s all\u00e1 de la actividad comercial\u201d, han a\u00f1adido.<\/p>\n<p> Sobre El Faro<\/p>\n<p>\nInaugurado en 2012, El Faro es el principal centro comercial de referencia en Badajoz. Propiedad de Castellana Properties y gestionado por Cushman &amp; Wakefield, en sus m\u00e1s de 66.000 m* de superficie comercial el centro re\u00fane una amplia y variada oferta de moda, restauraci\u00f3n, ocio y servicios, con m\u00e1s de 100 establecimientos, incluyendo marcas nacionales e internacionales de primer nivel.<\/p>\n<p> En total, el centro comercial genera un total de m\u00e1s de 1.200 puestos de trabajo directos, y acoge m\u00e1s de 8M de visitas al a\u00f1o. Ubicado junto a la A-5 y a pocos minutos del centro de Badajoz, El Faro es un espacio din\u00e1mico, moderno y accesible, que apuesta por la innovaci\u00f3n, la sostenibilidad y la experiencia del visitante. Adem\u00e1s, acoge numerosas actividades culturales, sociales y de entretenimiento a lo largo del a\u00f1o, reforzando su papel como punto de encuentro para familias, j\u00f3venes y visitantes de ambos lados de la frontera.<\/p>\n<p> Contacto<\/p>\n<p>\nEuropa Press Comunicaci\u00f3n Sevilla<\/p>\n<p>\nLeopoldo Eduardo Alonso Llofriu<\/p>\n<p>\n95 4924900<\/p>\n<p>\nEuropa Press Comunicaci\u00f3n Madrid<\/p>\n<p>\nVirginia Garc\u00eda \/\/ Sandra Delgado <\/p>\n<p>\n91 359 26 00<\/p>\n","protected":false},"excerpt":{"rendered":"<p>(Informaci\u00f3n remitida por la empresa firmante) Durante los tres d\u00edas de duraci\u00f3n del festival, los asistentes podr\u00e1n degustar una selecci\u00f3n de m\u00e1s de una veintena de cervezas artesanas procedentes de Extremadura y el Alentejo portugu\u00e9s. El evento contar\u00e1 con m\u00fasica en directo todos los d\u00edas e incluir\u00e1 una actuaci\u00f3n de DJ, premios directos, una actuaci\u00f3n [&hellip;]<\/p>\n","protected":false},"author":1,"featured_media":0,"comment_status":"closed","ping_status":"closed","sticky":false,"template":"","format":"standard","meta":{"footnotes":""},"categories":[2],"tags":[],"class_list":["post-61083","post","type-post","status-publish","format-standard","hentry","category-noticias"],"_links":{"self":[{"href":"https:\/\/webciudadana.net\/index.php?rest_route=\/wp\/v2\/posts\/61083","targetHints":{"allow":["GET"]}}],"collection":[{"href":"https:\/\/webciudadana.net\/index.php?rest_route=\/wp\/v2\/posts"}],"about":[{"href":"https:\/\/webciudadana.net\/index.php?rest_route=\/wp\/v2\/types\/post"}],"author":[{"embeddable":true,"href":"https:\/\/webciudadana.net\/index.php?rest_route=\/wp\/v2\/users\/1"}],"replies":[{"embeddable":true,"href":"https:\/\/webciudadana.net\/index.php?rest_route=%2Fwp%2Fv2%2Fcomments&post=61083"}],"version-history":[{"count":0,"href":"https:\/\/webciudadana.net\/index.php?rest_route=\/wp\/v2\/posts\/61083\/revisions"}],"wp:attachment":[{"href":"https:\/\/webciudadana.net\/index.php?rest_route=%2Fwp%2Fv2%2Fmedia&parent=61083"}],"wp:term":[{"taxonomy":"category","embeddable":true,"href":"https:\/\/webciudadana.net\/index.php?rest_route=%2Fwp%2Fv2%2Fcategories&post=61083"},{"taxonomy":"post_tag","embeddable":true,"href":"https:\/\/webciudadana.net\/index.php?rest_route=%2Fwp%2Fv2%2Ftags&post=61083"}],"curies":[{"name":"wp","href":"https:\/\/api.w.org\/{rel}","templated":true}]}}