{"id":61102,"date":"2025-04-24T03:29:38","date_gmt":"2025-04-24T01:29:38","guid":{"rendered":"https:\/\/ticker-noticiasep.microcontenidos.com\/NoticiaRSS.vbhtml?user=FRND562DLP&amp;cod=20250424032938"},"modified":"2025-04-24T03:29:38","modified_gmt":"2025-04-24T01:29:38","slug":"mundo-expo-2025-la-exposicion-eslovaca-abre-sus-puertas-en-la-expo-mundial-de-japon","status":"publish","type":"post","link":"https:\/\/webciudadana.net\/?p=61102","title":{"rendered":"Mundo: EXPO 2025: La exposici\u00f3n eslovaca abre sus puertas en la Expo Mundial de Jap\u00f3n"},"content":{"rendered":"\n<p>(Informaci\u00f3n remitida por la empresa firmante)<\/p>\n<p>\nBRATISLAVA, Eslovaquia, 23 de abril de 2025 \/PRNewswire\/ &#8212; A partir del 13 de abril, el p\u00fablico puede visitar la Exposici\u00f3n Universal de Osaka, Jap\u00f3n. Eslovaquia tambi\u00e9n est\u00e1 representada en este prestigioso evento internacional. Se espera que m\u00e1s de 28 millones de personas visiten la Exposici\u00f3n Universal, que estar\u00e1 abierta al p\u00fablico del 13 de abril al 13 de octubre.<\/p>\n<p> El tema central de la EXPO 2025 es \u00abCreando una sociedad futura para nuestras vidas\u00bb, con \u00e9nfasis en la sostenibilidad. El lema de la exposici\u00f3n nacional eslovaca durante toda la EXPO es \u00abEslovaquia, el coraz\u00f3n de la inspiraci\u00f3n\u00bb.<\/p>\n<p> \u00abQuiero agradecer a todo el equipo la preparaci\u00f3n y la presentaci\u00f3n digna y profesional de Eslovaquia\u00bb, declar\u00f3 Martin Krn\u00e1c, secretario de Estado del Ministerio de Turismo y Deportes de la Rep\u00fablica Eslovaca, durante la ceremonia de inauguraci\u00f3n de la exposici\u00f3n eslovaca en la Exposici\u00f3n Universal de Jap\u00f3n.<\/p>\n<p> Eslovaquia basar\u00e1 su exposici\u00f3n en temas que se ir\u00e1n modificando cada dos semanas. Los temas son: agua, vino, salud, innovaci\u00f3n, sabores regionales, aprendizaje l\u00fadico, deporte como motivaci\u00f3n, restauraci\u00f3n y protecci\u00f3n del patrimonio, arte y moda. El d\u00eda nacional de Eslovaquia ser\u00e1 el 10 de septiembre.<\/p>\n<p> \u00abQueremos presentar a Eslovaquia como un destino atractivo en la EXPO 2025. Nuestro objetivo es, sobre todo, inspirar y despertar la curiosidad de los visitantes de la Exposici\u00f3n Mundial, y queremos destacar la singularidad de nuestro pa\u00eds, por lo que tambi\u00e9n hemos elegido el lema &#8216;Eslovaquia: el Coraz\u00f3n de la Inspiraci\u00f3n'\u00bb, declar\u00f3 Michaela Kovacicov\u00e1, Comisaria General de la participaci\u00f3n de Eslovaquia en la Exposici\u00f3n Mundial EXPO 2025 en Jap\u00f3n.<\/p>\n<p> \u00abLa Exposici\u00f3n Mundial es una excelente plataforma para impulsar la cooperaci\u00f3n internacional. El turismo es uno de los pilares de la econom\u00eda eslovaca, y este evento, con una presentaci\u00f3n profesional, tiene un enorme potencial para impulsar el turismo receptivo y la llegada de visitantes a Eslovaquia, no solo de Asia. La segunda dimensi\u00f3n importante es la creaci\u00f3n de alianzas y el apoyo a las actividades comerciales de nuestro pa\u00eds\u00bb, declar\u00f3 Matej Fekete, director general de SLOVAKIA TRAVEL.<\/p>\n<p> SLOVAKIA TRAVEL es una organizaci\u00f3n nacional para la promoci\u00f3n del turismo en Eslovaquia. Su principal objetivo es el desarrollo del turismo en los mercados nacionales e internacionales.<\/p>\n<p> View original content:https:\/\/www.prnewswire.com\/news-releases\/expo-2025-la-exposicion-eslovaca-abre-sus-puertas-en-la-expo-mundial-de-japon-302436673.html<\/p>\n","protected":false},"excerpt":{"rendered":"<p>(Informaci\u00f3n remitida por la empresa firmante) BRATISLAVA, Eslovaquia, 23 de abril de 2025 \/PRNewswire\/ &#8212; A partir del 13 de abril, el p\u00fablico puede visitar la Exposici\u00f3n Universal de Osaka, Jap\u00f3n. Eslovaquia tambi\u00e9n est\u00e1 representada en este prestigioso evento internacional. Se espera que m\u00e1s de 28 millones de personas visiten la Exposici\u00f3n Universal, que estar\u00e1 [&hellip;]<\/p>\n","protected":false},"author":1,"featured_media":0,"comment_status":"closed","ping_status":"closed","sticky":false,"template":"","format":"standard","meta":{"footnotes":""},"categories":[2],"tags":[],"class_list":["post-61102","post","type-post","status-publish","format-standard","hentry","category-noticias"],"_links":{"self":[{"href":"https:\/\/webciudadana.net\/index.php?rest_route=\/wp\/v2\/posts\/61102","targetHints":{"allow":["GET"]}}],"collection":[{"href":"https:\/\/webciudadana.net\/index.php?rest_route=\/wp\/v2\/posts"}],"about":[{"href":"https:\/\/webciudadana.net\/index.php?rest_route=\/wp\/v2\/types\/post"}],"author":[{"embeddable":true,"href":"https:\/\/webciudadana.net\/index.php?rest_route=\/wp\/v2\/users\/1"}],"replies":[{"embeddable":true,"href":"https:\/\/webciudadana.net\/index.php?rest_route=%2Fwp%2Fv2%2Fcomments&post=61102"}],"version-history":[{"count":0,"href":"https:\/\/webciudadana.net\/index.php?rest_route=\/wp\/v2\/posts\/61102\/revisions"}],"wp:attachment":[{"href":"https:\/\/webciudadana.net\/index.php?rest_route=%2Fwp%2Fv2%2Fmedia&parent=61102"}],"wp:term":[{"taxonomy":"category","embeddable":true,"href":"https:\/\/webciudadana.net\/index.php?rest_route=%2Fwp%2Fv2%2Fcategories&post=61102"},{"taxonomy":"post_tag","embeddable":true,"href":"https:\/\/webciudadana.net\/index.php?rest_route=%2Fwp%2Fv2%2Ftags&post=61102"}],"curies":[{"name":"wp","href":"https:\/\/api.w.org\/{rel}","templated":true}]}}