{"id":61111,"date":"2025-04-24T11:33:12","date_gmt":"2025-04-24T09:33:12","guid":{"rendered":"https:\/\/ticker-noticiasep.microcontenidos.com\/NoticiaRSS.vbhtml?user=FRND562DLP&amp;cod=20250424113312"},"modified":"2025-04-24T11:33:12","modified_gmt":"2025-04-24T09:33:12","slug":"los-arcos-se-prepara-para-la-feria-de-abril-con-una-renovada-oferta-de-moda-flamenca-de-firmas-sevillanas","status":"publish","type":"post","link":"https:\/\/webciudadana.net\/?p=61111","title":{"rendered":"Los Arcos se prepara para la Feria de Abril con una renovada oferta de moda flamenca de firmas sevillanas"},"content":{"rendered":"\n<div><img decoding=\"async\" src=\"https:\/\/img.europapress.es\/fotoweb\/fotonoticia_20250424113312_300.jpg\" class=\"ff-og-image-inserted\"><\/div>\n<p>(Informaci\u00f3n remitida por la empresa firmante)<\/p>\n<p>\nSEVILLA, 24 (EUROPA PRESS)<\/p>\n<p>\nLos Arcos se prepara para la Feria de Abril con una renovada oferta de moda flamenca que destaca por la presencia de las firmas sevillanas Balbino Bernal y Flamenca.com, que ha duplicado su espacio hasta alcanzar los 100 metros cuadrados. La ampliaci\u00f3n estar\u00e1 disponible hasta el pr\u00f3ximo s\u00e1bado 10 de mayo, con el objetivo de satisfacer la demanda de los clientes en estas fechas se\u00f1aladas.<\/p>\n<p> Seg\u00fan ha explicado el gerente de Los Arcos, Luis Enrique Ruiz, \u201cla Feria de Abril es una cita clave para Sevilla y en Los Arcos queremos aportar nuestro granito de arena para mejorar la experiencia de los sevillanos en estas fechas\u201d. \u201cPerseguimos el doble objetivo de apostar por el comercio local, al tiempo que acercamos la moda flamenca a todas las personas\u201d.<\/p>\n<p> La firma Flamenca.com ofrece una amplia selecci\u00f3n de trajes, mantoncillos bordados, flores y complementos pensados para ferias y romer\u00edas. La ense\u00f1a incluye opciones \u2018low cost\u2019, sin renunciar a la calidad, y fabrica todas sus flores y complementos de forma artesanal en Sevilla. El espacio de esta firma sevillana ofrecer\u00e1 tambi\u00e9n una variada selecci\u00f3n de accesorios como pendientes, collares, peinecillos y broches, confeccionados con materiales como n\u00e1car, mostacilla, cristales, rasos, cadenas o acabados craquelados.<\/p>\n<p> Por su parte, la marca sevillana especializada en corbatas, camisas y sastrer\u00eda, Balbino Bernal, consolida un a\u00f1o m\u00e1s su presencia en Los Arcos con un cat\u00e1logo de productos de alta calidad enfocados en la moda masculina. Con m\u00e1s de diez a\u00f1os de trayectoria en el sector, la firma apuesta por una experiencia de compra centrada en el cliente, priorizando la elegancia y el estilo personal.<\/p>\n<p> FLORA, UN ESPACIO EF\u00cdMERO CON REGALOS Y SORTEOS<\/p>\n<p>\nLos Arcos tambi\u00e9n celebrar\u00e1 la llegada del mes de mayo con la puesta en marcha de un espacio ef\u00edmero, \u2018Flora\u2019. Con motivo del D\u00eda de la Madre, que se celebra el pr\u00f3ximo 4 de mayo, el centro comercial sevillano pondr\u00e1 en marcha una acci\u00f3n especial en este espacio de cara a los d\u00edas 2 y 3 de mayo, en la que se regalar\u00e1n cerca de 1.000 rosas a los miembros de Los Arcos Club. El reparto tendr\u00e1 lugar el viernes en horario de tarde, de 17:00 a 21:00 horas, y el s\u00e1bado, tanto en horario de ma\u00f1ana, de 11:30 a 14:30 horas, como de tarde.<\/p>\n<p> Adem\u00e1s, los clientes podr\u00e1n participar en el juego interactivo \u2018El match de primavera\u2019 a trav\u00e9s de la app de Los Arcos, con la posibilidad de ganar tarjetas regalo de 100, 50 y 20 euros hasta el pr\u00f3ximo 11 de mayo. Para jugar, \u00fanicamente ser\u00e1 necesario escanear el c\u00f3digo QR habilitado desde la opci\u00f3n \u2018QR Scan\u2019 dentro de la aplicaci\u00f3n m\u00f3vil.<\/p>\n<p>\nA trav\u00e9s de estas propuestas, el centro refuerza su apuesta por mejorar la experiencia de compra en un entorno cercano y participativo, impulsando la fidelizaci\u00f3n de sus clientes y celebrando fechas destacadas con acciones de valor a\u00f1adido.<\/p>\n<p> SOBRE LOS ARCOS<\/p>\n<p>\nLos Arcos, propiedad de Castellana Properties y gestionado por Cushman &amp; Wakefield, l\u00edder global en servicios inmobiliarios, desarrolla a lo largo del a\u00f1o distintas acciones sociales, ambientales y culturales a fin de mejorar su entorno. La realizaci\u00f3n en sus instalaciones de estas iniciativas forma parte de su responsabilidad social que persigue la mejora de la vida de los sevillanos.<\/p>\n<p> Contacto prensa:<\/p>\n<p>\nLeopoldo Eduardo Alonso Llofriu <\/p>\n<p>\n95 492 49 00<\/p>\n<p>\nleopoldoalonso@europapress.es<\/p>\n<p>\nSandra Delgado <\/p>\n<p>\n91 359 26 00 <\/p>\n<p>\nsandradelgado@europapress.es<\/p>\n","protected":false},"excerpt":{"rendered":"<p>(Informaci\u00f3n remitida por la empresa firmante) SEVILLA, 24 (EUROPA PRESS) Los Arcos se prepara para la Feria de Abril con una renovada oferta de moda flamenca que destaca por la presencia de las firmas sevillanas Balbino Bernal y Flamenca.com, que ha duplicado su espacio hasta alcanzar los 100 metros cuadrados. La ampliaci\u00f3n estar\u00e1 disponible hasta [&hellip;]<\/p>\n","protected":false},"author":1,"featured_media":0,"comment_status":"closed","ping_status":"closed","sticky":false,"template":"","format":"standard","meta":{"footnotes":""},"categories":[2],"tags":[],"class_list":["post-61111","post","type-post","status-publish","format-standard","hentry","category-noticias"],"_links":{"self":[{"href":"https:\/\/webciudadana.net\/index.php?rest_route=\/wp\/v2\/posts\/61111","targetHints":{"allow":["GET"]}}],"collection":[{"href":"https:\/\/webciudadana.net\/index.php?rest_route=\/wp\/v2\/posts"}],"about":[{"href":"https:\/\/webciudadana.net\/index.php?rest_route=\/wp\/v2\/types\/post"}],"author":[{"embeddable":true,"href":"https:\/\/webciudadana.net\/index.php?rest_route=\/wp\/v2\/users\/1"}],"replies":[{"embeddable":true,"href":"https:\/\/webciudadana.net\/index.php?rest_route=%2Fwp%2Fv2%2Fcomments&post=61111"}],"version-history":[{"count":0,"href":"https:\/\/webciudadana.net\/index.php?rest_route=\/wp\/v2\/posts\/61111\/revisions"}],"wp:attachment":[{"href":"https:\/\/webciudadana.net\/index.php?rest_route=%2Fwp%2Fv2%2Fmedia&parent=61111"}],"wp:term":[{"taxonomy":"category","embeddable":true,"href":"https:\/\/webciudadana.net\/index.php?rest_route=%2Fwp%2Fv2%2Fcategories&post=61111"},{"taxonomy":"post_tag","embeddable":true,"href":"https:\/\/webciudadana.net\/index.php?rest_route=%2Fwp%2Fv2%2Ftags&post=61111"}],"curies":[{"name":"wp","href":"https:\/\/api.w.org\/{rel}","templated":true}]}}