{"id":61112,"date":"2025-04-24T13:24:57","date_gmt":"2025-04-24T11:24:57","guid":{"rendered":"https:\/\/ticker-noticiasep.microcontenidos.com\/NoticiaRSS.vbhtml?user=FRND562DLP&amp;cod=20250424132457"},"modified":"2025-04-24T13:24:57","modified_gmt":"2025-04-24T11:24:57","slug":"sociedad-ceoma-propone-la-creacion-de-un-estatuto-de-las-personas-mayores-que-recoja-sus-derechos","status":"publish","type":"post","link":"https:\/\/webciudadana.net\/?p=61112","title":{"rendered":"Sociedad: CEOMA propone la creaci\u00f3n de un Estatuto de las personas mayores que recoja sus derechos"},"content":{"rendered":"\n<div><img decoding=\"async\" src=\"https:\/\/img.europapress.es\/fotoweb\/fotonoticia_20250424132457_300.jpg\" class=\"ff-og-image-inserted\"><\/div>\n<p>(Informaci\u00f3n remitida por la empresa firmante)<\/p>\n<p>\nEl presidente de la Xunta, Alfonso Rueda, llama a luchar contra el \u201cmaldito edadismo, una de las grandes enfermedades silenciosas de la sociedad\u201d<\/p>\n<p>\nEl alcalde de Vigo, Abel Caballero, reclama un \u201cpacto social contra la soledad no deseada\u201d y destaca el \u201cvalor que aportan a la sociedad las personas mayores\u201d<\/p>\n<p>\nEl presidente de CEOMA, Jos\u00e9 Luis Fern\u00e1ndez Santillana, ha pedido a los pol\u00edticos que \u201cno sean paternalistas\u201d y que pregunten a los mayores qu\u00e9 necesitan<\/p>\n<p>\nVigo, 24 de abril de 2025.-*El presidente de la Confederaci\u00f3n Espa\u00f1ola de Organizaciones de Mayores (CEOMA), Jos\u00e9 Luis Fern\u00e1ndez Santillana, ha reclamado hoy la creaci\u00f3n de un Estatuto de las personas mayores que recoja sus derechos y obligaciones, durante la inauguraci\u00f3n del XII Congreso de CEOMA, que se celebra hoy ma\u00f1ana en la sede de AFundaci\u00f3n en Vigo.<\/p>\n<p> El acto de inauguraci\u00f3n ha contado con la presencia del presidente de la Xunta de Galicia, Alfonso Rueda, el alcalde de Vigo, Abel Caballero, la conselleira de Pol\u00edtica Social e Igualdad de la Xunta, Fabiola Garc\u00eda y el presidente de la Diputaci\u00f3n de Pontevedra, Luis L\u00f3pez.<\/p>\n<p> El presidente de CEOMA ha pedido a todos los pol\u00edticos que \u201cno sean paternalistas y que pregunten a los mayores qu\u00e9 necesitan\u201d. \u201cPensar que los mayores no sabemos lo que queremos es una forma de edadismo\u201d, ha defendido Santillana. Adem\u00e1s, ha insistido en el objetivo de CEOMA de proponer, aportar y \u201ctrabajar codo con codo con las administraciones para lograr una vida m\u00e1s digna para las personas mayores\u201d.<\/p>\n<p> En su intervenci\u00f3n, el presidente de la Xunta de Galicia, Alfonso Rueda, ha llamado a luchar contra el \u201cmaldito edadismo\u201d, al que ha calificado como \u201cuna de las grandes enfermedades silenciosas de la sociedad\u201d. Asimismo, ha destacado las acciones de su gobierno dirigidas a este colectivo.<\/p>\n<p> Adem\u00e1s, ha llamado a luchar contra la soledad no deseada, una \u201csituaci\u00f3n injusta, pero presente en la sociedad\u201d. El presidente ha lamentado que haya personas \u201ccon mucho que aportar\u201d que sufran esta situaci\u00f3n \u201csilenciosa y oculta de los dem\u00e1s\u201d y ha pedido soluciones. \u201cLas administraciones tenemos mucho que decir\u201d, ha concluido el presidente gallego. En este sentido, ha pedido a los participantes del Congreso de CEOMA que les trasladen sus conclusiones y se ha comprometido a intentar aplicarlas.<\/p>\n<p> Pacto social para evitar la soledad no deseada<\/p>\n<p>\nPor su parte, el alcalde de Vigo, Abel Caballero, ha llamado durante el Congreso de CEOMA a hacer \u201cun pacto social para evitar la soledad no deseada\u201d y ha reclamado que las pensiones sean lo \u201cm\u00e1s altas posibles\u201d para poder \u201cgarantizar la autonom\u00eda econ\u00f3mica de la gente de edad\u201d.<\/p>\n<p> Caballero ha reivindicado el \u201cvalor que aportan a la sociedad las personas mayores\u201d. Adem\u00e1s, ha defendido que \u201cla edad no es una limitaci\u00f3n\u201d y que \u201clos mayores quieren seguir siendo parte integrante del proceso de toma de decisiones y de la forma de entender la sociedad\u201d. \u201cYa no somos gente mayor que estamos en casa esperando a que pase el tiempo. Somos gente mayor activa y tenemos mucho que aportar a la sociedad\u201d, ha concluido.<\/p>\n<p> Durante su intervenci\u00f3n, el presidente de la Diputaci\u00f3n de Pontevedra, Lu\u00eds L\u00f3pez, ha pedido que el cuidado de los mayores debe ser trasversal e ir m\u00e1s all\u00e1 de una pol\u00edtica social o una etiqueta. \u201cTenemos que cuidar, respetar y valorar a los mayores. Todos lo seremos alg\u00fan d\u00eda. Hag\u00e1moslo por ellos y por nosotros\u201d, ha concluido L\u00f3pez.<\/p>\n<p> Confederaci\u00f3n Espa\u00f1ola de Organizaciones de Mayores<\/p>\n<p>\nCEOMA es una entidad sin \u00e1nimo de lucro creada para la defensa de los derechos de las personas mayores. Representa a 26 organizaciones de mayores de las distintas Comunidades Aut\u00f3nomas, con m\u00e1s de 800.000 socios de base y m\u00e1s de 1.500 Asociaciones. M\u00e1s informaci\u00f3n: www.ceoma.org<\/p>\n<p>\nCelia Moreno Garrido<\/p>\n<p>\nCoordinadora General<\/p>\n<p>\nResponsable de Comunicaci\u00f3n e Imagen Institucional<\/p>\n<p>\nceliamoreno@ceoma.org<\/p>\n<p>\nC\/ Fernando el Cat\u00f3lico, 10 &#8211; Local 7 28015 MADRID<\/p>\n<p>\nM\u00f3vil: 626 170 705<\/p>\n<p>\nTel.: 91 557 25 56<\/p>\n<p>\n\u00c0gata Sala<\/p>\n<p>\nEuropa Press Comunicaci\u00f3n<\/p>\n<p>\nagatasala@europapress.es<\/p>\n","protected":false},"excerpt":{"rendered":"<p>(Informaci\u00f3n remitida por la empresa firmante) El presidente de la Xunta, Alfonso Rueda, llama a luchar contra el \u201cmaldito edadismo, una de las grandes enfermedades silenciosas de la sociedad\u201d El alcalde de Vigo, Abel Caballero, reclama un \u201cpacto social contra la soledad no deseada\u201d y destaca el \u201cvalor que aportan a la sociedad las personas [&hellip;]<\/p>\n","protected":false},"author":1,"featured_media":0,"comment_status":"closed","ping_status":"closed","sticky":false,"template":"","format":"standard","meta":{"footnotes":""},"categories":[2],"tags":[],"class_list":["post-61112","post","type-post","status-publish","format-standard","hentry","category-noticias"],"_links":{"self":[{"href":"https:\/\/webciudadana.net\/index.php?rest_route=\/wp\/v2\/posts\/61112","targetHints":{"allow":["GET"]}}],"collection":[{"href":"https:\/\/webciudadana.net\/index.php?rest_route=\/wp\/v2\/posts"}],"about":[{"href":"https:\/\/webciudadana.net\/index.php?rest_route=\/wp\/v2\/types\/post"}],"author":[{"embeddable":true,"href":"https:\/\/webciudadana.net\/index.php?rest_route=\/wp\/v2\/users\/1"}],"replies":[{"embeddable":true,"href":"https:\/\/webciudadana.net\/index.php?rest_route=%2Fwp%2Fv2%2Fcomments&post=61112"}],"version-history":[{"count":0,"href":"https:\/\/webciudadana.net\/index.php?rest_route=\/wp\/v2\/posts\/61112\/revisions"}],"wp:attachment":[{"href":"https:\/\/webciudadana.net\/index.php?rest_route=%2Fwp%2Fv2%2Fmedia&parent=61112"}],"wp:term":[{"taxonomy":"category","embeddable":true,"href":"https:\/\/webciudadana.net\/index.php?rest_route=%2Fwp%2Fv2%2Fcategories&post=61112"},{"taxonomy":"post_tag","embeddable":true,"href":"https:\/\/webciudadana.net\/index.php?rest_route=%2Fwp%2Fv2%2Ftags&post=61112"}],"curies":[{"name":"wp","href":"https:\/\/api.w.org\/{rel}","templated":true}]}}