{"id":61132,"date":"2025-04-24T21:02:56","date_gmt":"2025-04-24T19:02:56","guid":{"rendered":"https:\/\/ticker-noticiasep.microcontenidos.com\/NoticiaRSS.vbhtml?user=FRND562DLP&amp;cod=20250424210256"},"modified":"2025-04-24T21:02:56","modified_gmt":"2025-04-24T19:02:56","slug":"sociedad-su-majestad-la-reina-entrega-los-premios-sm-el-barco-de-vapor-y-gran-angular-2025","status":"publish","type":"post","link":"https:\/\/webciudadana.net\/?p=61132","title":{"rendered":"Sociedad: Su Majestad la Reina entrega los Premios SM El Barco de Vapor y Gran Angular 2025"},"content":{"rendered":"\n<div><img decoding=\"async\" src=\"https:\/\/img.europapress.es\/fotoweb\/fotonoticia_20250424210256_300.jpg\" class=\"ff-og-image-inserted\"><\/div>\n<p>(Informaci\u00f3n remitida por la empresa firmante)<\/p>\n<p>\n&#8211; Feri\u00f3polis de Ledicia Costas y Hoy honramos a los vivos de Marina Aguirre fueron las obras distinguidas.<\/p>\n<p>\n&#8211; Se cont\u00f3 con la presencia, entre otras destacadas personalidades del mundo de la cultura y la educaci\u00f3n, de la presidenta de la Comunidad de Madrid, Isabel D\u00edaz Ayuso; la ministra de Juventud e Infancia, Sira Rego; y Jos\u00e9 Manuel Cidad, presidente de SM.<\/p>\n<p>\n&#8211; Presentado por la periodista y escritora Mar\u00eda G\u00f3mez, el acto tuvo lugar en la Real Casa de Correos de Madrid.<\/p>\n<p>\n&#8211; Estos galardones, los m\u00e1s importantes de la Literatura Infantil y Juvenil en lengua castellana, fueron concebidos por la Fundaci\u00f3n SM para promover la creaci\u00f3n literaria destinada a ni\u00f1os y j\u00f3venes en 1978. Para la 47.\u00aa edici\u00f3n, se han recibido m\u00e1s de 300 manuscritos.<\/p>\n<p> Madrid, 24 de abril de 2025.- S.M. la Reina presidi\u00f3 la entrega del Premio SM El Barco de Vapor de literatura infantil a Ledicia Costas (Vigo, 1979) por el libro Feri\u00f3polis y del Premio SM Gran Angular de literatura juvenil a Marina Aguirre (Burgos, 1990) por Hoy honramos a los vivos, en el desarrollo de una ceremonia celebrada en la Real Casa de Correos de Madrid.<\/p>\n<p> Durante la gala de concesi\u00f3n de la cuadrag\u00e9sima s\u00e9ptima edici\u00f3n de los Premios SM de la Fundaci\u00f3n SM, Do\u00f1a Letizia estuvo acompa\u00f1ada por la presidenta de la Comunidad de Madrid, Isabel D\u00edaz Ayuso; la ministra de Juventud e Infancia, Sira Rego; y Jos\u00e9 Manuel Cidad, presidente de SM, entre otras autoridades de la educaci\u00f3n y la cultura.<\/p>\n<p> D\u00edaz Ayuso dio la bienvenida glosando la historia de amor tradicional \u00abcon algunos libros, con los que puede ocurrir lo que sucede con ciertos juguetes, que son nuestros y nosotros suyos desde peque\u00f1os\u00bb. Frente a \u00abla epidemia de soledad\u00bb de nuestros d\u00edas, \u00abun libro y su autor pueden ser amigos formidables, se puede llegar a tener verdadera amistad \u00edntima y de por vida con los personajes, incluso con el escritor al que se va leyendo y releyendo a\u00f1o tras a\u00f1o\u00bb, sugiri\u00f3. \u00abLos buenos libros, bien le\u00eddos, nos alimentan tambi\u00e9n para buscar la verdad, ser capaces de verla, entenderla y contarla\u00bb; y, por eso, \u00abtienen la capacidad de salvarnos de dos grandes males: la soledad y la mentira\u00bb, resumi\u00f3 la presidenta de la Comunidad de Madrid.*<\/p>\n<p>\nSu Majestad la Reina comenz\u00f3 su intervenci\u00f3n recuperando palabras del autor peruano recientemente fallecido Mario Vargas Llosa para subrayar la importancia de leer y de \u00abla lectura como protesta contra las insuficiencias de la vida\u00bb. Por ello, deber\u00eda alinearse hoy con \u00abc\u00f3mo la entienden los j\u00f3venes\u00bb seg\u00fan los recientes bar\u00f3metros espa\u00f1oles de lectura que establecen las franjas de edad comprendidas entre quince y veinticuatro a\u00f1os como las de los mayores lectores y se\u00f1alan hacia los menores de quince a\u00f1os con \u00edndices tambi\u00e9n muy altos.*<\/p>\n<p>\nDo\u00f1a Letizia present\u00f3 a Marina Aguirre como la autora \u00abque cambi\u00f3 los puentes de hormig\u00f3n por los puentes de palabras\u00bb, y destac\u00f3 el abordaje que realiza en Hoy honramos a los vivos de los temas de \u00abla guerra, la dependencia del m\u00f3vil y el bullying\u00bb as\u00ed como la circunstancia de la protagonista, de diecisiete a\u00f1os, que afronta \u00abmomentos muy dif\u00edciles en los que tiene que tomar decisiones muy serias\u00bb. Elogi\u00f3 a Ledicia Costas como \u00abescritora gallega con muchas novelas a sus espaldas\u00bb, habl\u00f3 de Feri\u00f3polis, \u00abque es un homenaje a los ni\u00f1os y las ni\u00f1as que sienten que no encajan en el mundo\u00bb, para ensalzar su universo \u00abdonde el cielo parece un batido de naranja y vainilla, caminar sobre las nubes es como tener muelles en los pies, las brujas no son lo que parecen y las estrellas hablan su propia lengua: el estrello\u00bb. Hizo menci\u00f3n especial a las ilustradoras de ambas obras, Sandra Rilova y Beatrice Blue, respectivamente.<\/p>\n<p> Por su parte, la ministra de Infancia y Juventud, Sira Rego, quiso se\u00f1alar que \u201cescribir para ni\u00f1os, ni\u00f1as, adolescentes y j\u00f3venes no es escribir en peque\u00f1o, sino una de las formas m\u00e1s serias de mirar y analizar el mundo. No se trata de ense\u00f1ar valores desde una visi\u00f3n tantas veces aquejada de adultocentrismo, sino de provocar preguntas, de abrir puertas y ventanas, de acompa\u00f1ar a quienes est\u00e1n formando su mirada sobre el mundo, conscientes de que los grandes lectores del ma\u00f1ana se construyen con los libros de hoy. Y que quienes se atreven a escribirlos est\u00e1n haciendo una labor social y cultural esencial, a veces invisible, pero profundamente transformadora\u201d. Lanz\u00f3 \u201cun mensaje claro, como instituci\u00f3n que cree en la educaci\u00f3n, en la lectura y en la cultura popular como derecho y motor de desarrollo: las librer\u00edas son espacios de resistencia cultural y de comunidad. Y no podemos permitirnos su desaparici\u00f3n\u201d. En sus palabras, \u201capoyarlas es tambi\u00e9n apoyar a nuestros escritores, a nuestras editoriales, a nuestros docentes, a nuestras familias lectoras. Es defender una manera de estar en el mundo, de construir barrios y comunidades\u201d.<\/p>\n<p> Concluy\u00f3 el presidente de SM, Jos\u00e9 Manuel Cidad con el apunte de que, \u201cal contrario de lo que sucede con muchas de las plataformas digitales, que nos van enfocando y sesgando la mirada, la lectura nos abre, nos hace profundizar y llena de matices nuestra realidad\u201d. En resumen, \u201clos matices nos expanden el mundo\u201d, y por eso, \u201cen SM pensamos que es tiempo de matices. La realidad es compleja y no debi\u00e9ramos ceder a la simplificaci\u00f3n de la polarizaci\u00f3n. Esto nos exige un esfuerzo por buscar con serenidad esa verdad que nos hace libres\u201d. De ah\u00ed, afirm\u00f3, \u201cla importancia de los matices para educar el pensamiento cr\u00edtico de nuestros ni\u00f1os y j\u00f3venes, teniendo en cuenta su diversidad y el reto que supone la necesaria personalizaci\u00f3n\u201d.<\/p>\n<p> Premios SM El Barco de Vapor y Gran Angular*<\/p>\n<p>\nEl jurado del Premio SM El Barco de Vapor 2025 ha elegido Feri\u00f3polis de Ledicia Costas como mejor obra de literatura infantil \u201cpor proponernos un viaje en una monta\u00f1a rusa que transita desde la inquietud hacia la empat\u00eda y la esperanza, pasando por un camino lleno de emociones y personajes inolvidables; una historia que crea un universo fant\u00e1stico donde se da voz al mundo interior de los ni\u00f1os en toda su complejidad, ofreci\u00e9ndoles un refugio\u201d.<\/p>\n<p> Por su parte, el jurado ha otorgado el Premio SM Gran Angular 2025 a la obra de literatura juvenil Hoy honramos a los vivos de Marina Aguirre porque \u201cte invita a hacer un viaje de autoconocimiento desde la muerte a la esperanza y a descubrir el valor de la familia, la amistad y el servicio a los dem\u00e1s, con una voz muy actual que conectar\u00e1 con los adolescentes de hoy d\u00eda\u201d. Terminado el acto, qued\u00f3 abierta la convocatoria de la 48.\u00aa edici\u00f3n de los Premios SM El Barco de Vapor y Gran Angular, cuyos ganadores se conocer\u00e1n en 2026. Estos galardones, dotados con 35 000 euros cada uno, son los m\u00e1s relevantes del mundo en el \u00e1mbito de la literatura infantil y juvenil en castellano, lo que contribuye a la recepci\u00f3n de un gran n\u00famero de originales procedentes de toda Espa\u00f1a y varios pa\u00edses de Am\u00e9rica Latina.<\/p>\n<p> Emisor: SM Espa\u00f1a<\/p>\n<p>\nComunicaci\u00f3n SM Espa\u00f1a<\/p>\n<p>\ncomunicacionsm@info.grupo-sm.com*<\/p>\n<p>\nCarmen Palomino &#8211; (34) 649 454 680<\/p>\n<p>\nMargarita Mart\u00edn &#8211; (34) *617 721 845 www.grupo-sm.com\/es<\/p>\n","protected":false},"excerpt":{"rendered":"<p>(Informaci\u00f3n remitida por la empresa firmante) &#8211; Feri\u00f3polis de Ledicia Costas y Hoy honramos a los vivos de Marina Aguirre fueron las obras distinguidas. &#8211; Se cont\u00f3 con la presencia, entre otras destacadas personalidades del mundo de la cultura y la educaci\u00f3n, de la presidenta de la Comunidad de Madrid, Isabel D\u00edaz Ayuso; la ministra [&hellip;]<\/p>\n","protected":false},"author":1,"featured_media":0,"comment_status":"closed","ping_status":"closed","sticky":false,"template":"","format":"standard","meta":{"footnotes":""},"categories":[2],"tags":[],"class_list":["post-61132","post","type-post","status-publish","format-standard","hentry","category-noticias"],"_links":{"self":[{"href":"https:\/\/webciudadana.net\/index.php?rest_route=\/wp\/v2\/posts\/61132","targetHints":{"allow":["GET"]}}],"collection":[{"href":"https:\/\/webciudadana.net\/index.php?rest_route=\/wp\/v2\/posts"}],"about":[{"href":"https:\/\/webciudadana.net\/index.php?rest_route=\/wp\/v2\/types\/post"}],"author":[{"embeddable":true,"href":"https:\/\/webciudadana.net\/index.php?rest_route=\/wp\/v2\/users\/1"}],"replies":[{"embeddable":true,"href":"https:\/\/webciudadana.net\/index.php?rest_route=%2Fwp%2Fv2%2Fcomments&post=61132"}],"version-history":[{"count":0,"href":"https:\/\/webciudadana.net\/index.php?rest_route=\/wp\/v2\/posts\/61132\/revisions"}],"wp:attachment":[{"href":"https:\/\/webciudadana.net\/index.php?rest_route=%2Fwp%2Fv2%2Fmedia&parent=61132"}],"wp:term":[{"taxonomy":"category","embeddable":true,"href":"https:\/\/webciudadana.net\/index.php?rest_route=%2Fwp%2Fv2%2Fcategories&post=61132"},{"taxonomy":"post_tag","embeddable":true,"href":"https:\/\/webciudadana.net\/index.php?rest_route=%2Fwp%2Fv2%2Ftags&post=61132"}],"curies":[{"name":"wp","href":"https:\/\/api.w.org\/{rel}","templated":true}]}}