{"id":61142,"date":"2025-04-25T11:01:28","date_gmt":"2025-04-25T09:01:28","guid":{"rendered":"https:\/\/ticker-noticiasep.microcontenidos.com\/NoticiaRSS.vbhtml?user=FRND562DLP&amp;cod=20250425110128"},"modified":"2025-04-25T11:01:28","modified_gmt":"2025-04-25T09:01:28","slug":"sociedad-el-deporte-en-todas-las-etapas-como-motor-del-aprendizaje","status":"publish","type":"post","link":"https:\/\/webciudadana.net\/?p=61142","title":{"rendered":"Sociedad: El deporte en todas las etapas como motor del aprendizaje"},"content":{"rendered":"\n<div><img decoding=\"async\" src=\"https:\/\/img.europapress.es\/fotoweb\/fotonoticia_20250425110128_300.jpg\" class=\"ff-og-image-inserted\"><\/div>\n<p>(Informaci\u00f3n remitida por la empresa firmante)<\/p>\n<p>\nNos acercamos a un proyecto educativo en el que la actividad f\u00edsica es un eje transversal<\/p>\n<p>\nSeg\u00fan la OMS el 70% de los ni\u00f1os y adolescentes no realizan la actividad m\u00ednima f\u00edsica recomendada. Se considera muy importante desde la infancia fomentar el ejercicio y la superaci\u00f3n de desaf\u00edos deportivos como base para un aprendizaje basado en el esfuerzo, la tolerancia a la frustraci\u00f3n, la adaptaci\u00f3n al cambio y la celebraci\u00f3n de los logros.<\/p>\n<p>\nEl Colegio Virgen de Europa de Madrid dedica m\u00e1s horas curriculares a la educaci\u00f3n f\u00edsica y al deporte como eje de su proyecto pedag\u00f3gico, en el que todo es importante para la formaci\u00f3n integral del alumno, no solo las \u00e1reas troncales.<\/p>\n<p>\nEste domingo 27 de abril convertir\u00e1 sus instalaciones deportivas de m\u00e1s de 28.000 m* a diferentes disciplinas en una jornada monogr\u00e1fica: El D\u00eda del Deporte. En esta sesi\u00f3n abierta al p\u00fablico se llevan a cabo las finales de las ligas deportivas y se realizan carreras y relevos, as\u00ed como partidos y competiciones entre familias y profesores.<\/p>\n<p> Madrid, 25 de abril de 2025.- \u00abMens sana in corpore sano\u00bb, una frase universal que ya desde la antigua Roma rezaba la importancia de cuidar tanto la mente como el cuerpo f\u00edsico para tener un equilibrio personal. \u00bfEn la actualidad hacen nuestros estudiantes el suficiente deporte para cumplir esta m\u00e1xima? Parece que lamentablemente no, pues seg\u00fan la Organizaci\u00f3n Mundial de la Salud (OMS), el sedentarismo en ni\u00f1os y adolescentes es un problema de salud p\u00fablica en Espa\u00f1a, porque el 70% no realiza la cantidad m\u00ednima de actividad f\u00edsica recomendada.* Y es un tema que va en aumento, pues para la Asociaci\u00f3n Espa\u00f1ola de Pediatr\u00eda, los ni\u00f1os y adolescentes espa\u00f1oles de entre 9 y 17 a\u00f1os son m\u00e1s sedentarios que las generaciones anteriores, debido, entre otras razones, al tiempo que pasan frente a las pantallas. Los pediatras advierten de que esta problem\u00e1tica se ha agravado despu\u00e9s del confinamiento por la pandemia covid-19.<\/p>\n<p> El colegio es uno de los espacios donde los ni\u00f1os y adolescentes tienen un tiempo \u201cobligado\u201d de ejercicio f\u00edsico, pero sigue siendo bajo en comparaci\u00f3n con las recomendaciones de la OMS, que sugiere al menos 60 minutos diarios de actividad f\u00edsica. En t\u00e9rminos generales, se considera que la dedicaci\u00f3n de los alumnos en la etapa escolar tampoco es suficiente. El punto de inflexi\u00f3n de la actividad f\u00edsica est\u00e1 en los 12 y 13 a\u00f1os, en el paso de Primaria a ESO y es mucho m\u00e1s llamativo en las ni\u00f1as: si el 67% de las ni\u00f1as hace ejercicio en el recreo a los 11 a\u00f1os. En el curso siguiente, con 12 a\u00f1os, solo lo har\u00e1 el 17% (Consejo Superior de Deportes).<\/p>\n<p> El caso de \u00e9xito de un colegio para el que la educaci\u00f3n f\u00edsica es muy importante<\/p>\n<p>\nUna experiencia diametralmente opuesta a estos titulares, en cuanto al desarrollo f\u00edsico de los estudiantes en Espa\u00f1a es la del Colegio Virgen de Europa.* Un centro madrile\u00f1o pionero en innovaci\u00f3n educativa y con excelentes resultados acad\u00e9micos que, desde su origen hace m\u00e1s de 65 a\u00f1os, considera el deporte uno de sus pilares educativos. Esta asignatura est\u00e1 programada verticalmente para que desde Infantil hasta 2\u00ba de Bachillerato se desarrolle paulatinamente todo el potencial f\u00edsico de los alumnos, con mucho rigor y exigencia.<\/p>\n<p> Desde 1 a\u00f1o estimulan en desarrollo motor de los ni\u00f1os a trav\u00e9s de la psicomotricidad, el movimiento libre y los primeros juegos (pelotas, aros&#8230;), y contin\u00faan trabajando el cuerpo, el movimiento, el ritmo y la coordinaci\u00f3n durante toda la etapa de Infantil.<\/p>\n<p> En Primaria la educaci\u00f3n f\u00edsica est\u00e1 presente todos los d\u00edas con pruebas diferentes y con una dificultad gradual apoyadas en aparatos o en disciplinas como el atletismo, relevos, salto&#8230;* En todas estas actividades no hay distinci\u00f3n entre ni\u00f1os y ni\u00f1as, todos aprenden al mismo ritmo y con la misma exigencia.<\/p>\n<p> Desde 3er. ciclo de Primaria se a\u00f1aden, adem\u00e1s de las horas de gimnasia deportiva otras de preparaci\u00f3n f\u00edsica y de deporte como disciplina practicando tanto atletismo, baloncesto, balonmano&#8230; y este proceso se va complicando en dificultad o en nivel exigencia hasta Bachillerato.<\/p>\n<p>\n\u201cPara nuestro colegio la educaci\u00f3n f\u00edsica y el deporte forman parte de nuestra cultura, no es un complemento, sino una base de aprendizaje en el que se fomenta el esfuerzo, se gestiona la tolerancia a la frustraci\u00f3n, se motiva desde la superaci\u00f3n de los objetivos\u201d afirma Menc\u00eda Granados, directora pedag\u00f3gica del Colegio Virgen de Europa.<\/p>\n<p> La evaluaci\u00f3n es muy completa en cuanto a la realizaci\u00f3n de las diferentes pruebas, de velocidad, de flexibilidad, de coordinaci\u00f3n y de resistencia, como el Test de Cooper (prueba de resistencia aer\u00f3bica que consiste en recorrer la m\u00e1xima distancia posible en 12 minutos a un ritmo constante).<\/p>\n<p>\n\u201cNo todos los alumnos tienen las mismas aptitudes para la actividad f\u00edsica, para algunos de ellos, de hecho, llegar a un nivel b\u00e1sico supone un gran esfuerzo y pueden rechazarlo de primeras\u201d, comenta Rafael Abad, Coordinador del departamento de Educaci\u00f3n F\u00edsica. Y a\u00f1ade, \u201cPero el gran aprendizaje del curso en nuestra materia es que con esfuerzo y constancia la evoluci\u00f3n puede ser mucho m\u00e1s r\u00e1pida de lo que creen. En nuestro colegio valoramos tanto el ejercicio perfecto o la mejor marca en tiempo como el af\u00e1n de superaci\u00f3n\u201d.<\/p>\n<p> Tal es la importancia del deporte en este colegio que le dedican, adem\u00e1s de varias ligas oficiales y competiciones deportivas, dos hitos clave en el curso escolar como son El D\u00eda del Deporte (que se celebrar\u00e1 el domingo 27 de abril) y la Clausura del Curso.<\/p>\n<p> Un colegio convertido en un gran estadio deportivo durante todo un d\u00eda<\/p>\n<p>\nLos 28.000 m* de espacios deportivos del Colegio Virgen de Europa (pista de atletismo, campo de f\u00fatbol de hierba, polideportivo, canchas de baloncesto&#8230; ) acoger\u00e1n el domingo 27 de abril un evento escolar y familiar y tiene el deporte como gran protagonista: el D\u00eda del Deporte.<\/p>\n<p> Desde las 10 de la ma\u00f1ana hasta las 15:00 se pueden disfrutar de partidos y carreras en su emblem\u00e1tica pista de atletismo o en la modalidad de campo a trav\u00e9s, para todas las edades.<\/p>\n<p> Tambi\u00e9n se disputar\u00e1n las finales de ligas de f\u00fatbol, baloncesto, balonmano, v\u00f3ley, bal\u00f3n prisionero hasta un cross exterior por la urbanizaci\u00f3n que rodea las instalaciones. Todo un marat\u00f3n deportivo con entrega de premios en todas las modalidades que es a su vez un emocionante punto de convivencia y encuentro de toda la comunidad educativa.<\/p>\n<p> Las familias son parte de la organizaci\u00f3n a trav\u00e9s del APA y pueden participar en las pruebas. Una muestra m\u00e1s de c\u00f3mo este colegio abierto y activo se apoya en toda la comunidad para llevar a cabo su compromiso por la calidad educativa y por mantenerse fiel a\u00f1o tras a\u00f1o a sus se\u00f1as de identidad.<\/p>\n<p> Si quieres visitar este evento o conocer de primera mano c\u00f3mo este colegio trabaja la educaci\u00f3n f\u00edsica como motor del aprendizaje, contacta con nosotros<\/p>\n<p>\nEMISOR: Colegio Virgen de Europa<\/p>\n<p>\nM\u00e1s informaci\u00f3n del Colegio Virgen de Europa<\/p>\n<p>\nContacto para entrevistas o para visitar el colegio<\/p>\n<p>\nTlf. 916330155<\/p>\n","protected":false},"excerpt":{"rendered":"<p>(Informaci\u00f3n remitida por la empresa firmante) Nos acercamos a un proyecto educativo en el que la actividad f\u00edsica es un eje transversal Seg\u00fan la OMS el 70% de los ni\u00f1os y adolescentes no realizan la actividad m\u00ednima f\u00edsica recomendada. Se considera muy importante desde la infancia fomentar el ejercicio y la superaci\u00f3n de desaf\u00edos deportivos [&hellip;]<\/p>\n","protected":false},"author":1,"featured_media":0,"comment_status":"closed","ping_status":"closed","sticky":false,"template":"","format":"standard","meta":{"footnotes":""},"categories":[2],"tags":[],"class_list":["post-61142","post","type-post","status-publish","format-standard","hentry","category-noticias"],"_links":{"self":[{"href":"https:\/\/webciudadana.net\/index.php?rest_route=\/wp\/v2\/posts\/61142","targetHints":{"allow":["GET"]}}],"collection":[{"href":"https:\/\/webciudadana.net\/index.php?rest_route=\/wp\/v2\/posts"}],"about":[{"href":"https:\/\/webciudadana.net\/index.php?rest_route=\/wp\/v2\/types\/post"}],"author":[{"embeddable":true,"href":"https:\/\/webciudadana.net\/index.php?rest_route=\/wp\/v2\/users\/1"}],"replies":[{"embeddable":true,"href":"https:\/\/webciudadana.net\/index.php?rest_route=%2Fwp%2Fv2%2Fcomments&post=61142"}],"version-history":[{"count":0,"href":"https:\/\/webciudadana.net\/index.php?rest_route=\/wp\/v2\/posts\/61142\/revisions"}],"wp:attachment":[{"href":"https:\/\/webciudadana.net\/index.php?rest_route=%2Fwp%2Fv2%2Fmedia&parent=61142"}],"wp:term":[{"taxonomy":"category","embeddable":true,"href":"https:\/\/webciudadana.net\/index.php?rest_route=%2Fwp%2Fv2%2Fcategories&post=61142"},{"taxonomy":"post_tag","embeddable":true,"href":"https:\/\/webciudadana.net\/index.php?rest_route=%2Fwp%2Fv2%2Ftags&post=61142"}],"curies":[{"name":"wp","href":"https:\/\/api.w.org\/{rel}","templated":true}]}}