{"id":61144,"date":"2025-04-25T15:22:20","date_gmt":"2025-04-25T13:22:20","guid":{"rendered":"https:\/\/ticker-noticiasep.microcontenidos.com\/NoticiaRSS.vbhtml?user=FRND562DLP&amp;cod=20250425152220"},"modified":"2025-04-25T15:22:20","modified_gmt":"2025-04-25T13:22:20","slug":"sociedad-las-organizaciones-de-mayores-reclaman-mas-mujeres-en-los-puestos-directivos-de-entidades-y-empresas","status":"publish","type":"post","link":"https:\/\/webciudadana.net\/?p=61144","title":{"rendered":"Sociedad: Las organizaciones de mayores reclaman m\u00e1s mujeres en los puestos directivos de entidades y empresas"},"content":{"rendered":"\n<div><img decoding=\"async\" src=\"https:\/\/img.europapress.es\/fotoweb\/fotonoticia_20250425152220_300.jpg\" class=\"ff-og-image-inserted\"><\/div>\n<p>(Informaci\u00f3n remitida por la empresa firmante)<\/p>\n<p>\nVigo, 25 de abril de 2025.-*<\/p>\n<p>\nLa presidenta de la Confederaci\u00f3n Estatal de Mayores Activos (CONFEMAC), Gloria Veiga, destaca que las mujeres ejercen liderazgos con mayor \u201cempat\u00eda, escucha y capacidad de tejer alianzas\u201d<\/p>\n<p>\nEl presidente de la Sociedad Espa\u00f1ola de Geriatr\u00eda y Gerontolog\u00eda, Jos\u00e9 Augusto Garc\u00eda, recuerda que recientes estudios sostienen que las directivas \u201ctienen mejores resultados econ\u00f3micos, crean entornos m\u00e1s seguros para expresar opiniones y cuentan con una mayor capacidad de retener talento\u201d<\/p>\n<p>\nLas organizaciones de mayores han reclamado hoy que haya m\u00e1s mujeres en los puestos directivos de entidades y empresas durante la sesi\u00f3n \u2018El papel de la mujer en la direcci\u00f3n de las organizaciones\u2019, que ha tenido lugar en el XII Congreso Nacional de Organizaciones de Mayores, impulsado por CEOMA, que hoy cierra sus puertas en AFundaci\u00f3n en Vigo.<\/p>\n<p> La presidenta de la Confederaci\u00f3n Estatal de Mayores Activos (CONFEMAC), Gloria Veiga, ha se\u00f1alado que las mujeres ejercen liderazgos con mayor \u201cempat\u00eda, escucha y capacidad de tejer alianzas\u201d. Asimismo, ha indicado que durante su trayectoria se ha enfrentado a \u201cdesaf\u00edos\u201d y que las mujeres han tenido que \u201crozar la excelencia y hablar el doble para que te escuchen la mitad\u201d.<\/p>\n<p> Veiga ha insistido en que las mujeres \u201clideran desde lo humano, inspirando y no imponiendo\u201d y \u201cponiendo a las personas en el centro\u201d. Adem\u00e1s, ha destacado su capacidad para \u201cleer las necesidades, de cuidar\u201d, lo que hace que las organizaciones no s\u00f3lo \u201cfuncionen sino que perduren y florezcan\u201d. \u201cCuando una mujer avanza abre el camino a otras mujeres\u201d y caminan juntas, ha a\u00f1adido.<\/p>\n<p> Por su parte, el presidente de la Sociedad Espa\u00f1ola de Geriatr\u00eda y Gerontolog\u00eda, Jos\u00e9 Augusto Garc\u00eda, ha recordado que recientes estudios de Forbes o Harvard indican que las directivas \u201ctienen mejores resultados econ\u00f3micos, crean entornos m\u00e1s seguros para expresar opiniones y cuentan con una mayor capacidad de retener talento joven durante una media de 5 a\u00f1os\u201d. Asimismo, \u201ctoman decisiones de forma m\u00e1s r\u00e1pida frente a problemas complejos\u201d.<\/p>\n<p> Garc\u00eda ha asegurado que las empresas \u201ctienen una concepci\u00f3n cl\u00e1sica de las organizaciones con tintes machistas y edadistas\u201d. En este sentido, ha insistido en que 8 de las empresas del Ibex 35 limitan el acceso a puestos directivos por edad y que s\u00f3lo cuatro compa\u00f1\u00edas est\u00e1n presididas por mujeres.<\/p>\n<p> El presidente de la Sociedad Espa\u00f1ola de Geriatr\u00eda y Gerontolog\u00eda ha se\u00f1alado que para que haya m\u00e1s mujeres en puestos de direcci\u00f3n hay que visualizar su escasa presencia en las organizaciones y aumentar la formaci\u00f3n en liderazgo femenino.<\/p>\n<p> Confederaci\u00f3n Espa\u00f1ola de Organizaciones de Mayores<\/p>\n<p>\nCEOMA es una entidad sin \u00e1nimo de lucro creada para la defensa de los derechos de las personas mayores. Representa a 26 organizaciones de mayores de las distintas Comunidades Aut\u00f3nomas, con m\u00e1s de 800.000 socios de base y m\u00e1s de 1.500 Asociaciones. M\u00e1s informaci\u00f3n: www.ceoma.org<\/p>\n<p>\nEmisor: CEOMA<\/p>\n<p>\nCelia Moreno Garrido*<\/p>\n<p>\nCoordinadora General*<\/p>\n<p>\nResponsable de Comunicaci\u00f3n e Imagen*<\/p>\n<p>\nceliamoreno@ceoma.org<\/p>\n<p>\nTel.: 91 557 25 56<\/p>\n<p>\n\u00c0gata Sala<\/p>\n<p>\nEuropa Press Comunicaci\u00f3n<\/p>\n<p>\nagatasala@europapress.es<\/p>\n","protected":false},"excerpt":{"rendered":"<p>(Informaci\u00f3n remitida por la empresa firmante) Vigo, 25 de abril de 2025.-* La presidenta de la Confederaci\u00f3n Estatal de Mayores Activos (CONFEMAC), Gloria Veiga, destaca que las mujeres ejercen liderazgos con mayor \u201cempat\u00eda, escucha y capacidad de tejer alianzas\u201d El presidente de la Sociedad Espa\u00f1ola de Geriatr\u00eda y Gerontolog\u00eda, Jos\u00e9 Augusto Garc\u00eda, recuerda que recientes [&hellip;]<\/p>\n","protected":false},"author":1,"featured_media":0,"comment_status":"closed","ping_status":"closed","sticky":false,"template":"","format":"standard","meta":{"footnotes":""},"categories":[2],"tags":[],"class_list":["post-61144","post","type-post","status-publish","format-standard","hentry","category-noticias"],"_links":{"self":[{"href":"https:\/\/webciudadana.net\/index.php?rest_route=\/wp\/v2\/posts\/61144","targetHints":{"allow":["GET"]}}],"collection":[{"href":"https:\/\/webciudadana.net\/index.php?rest_route=\/wp\/v2\/posts"}],"about":[{"href":"https:\/\/webciudadana.net\/index.php?rest_route=\/wp\/v2\/types\/post"}],"author":[{"embeddable":true,"href":"https:\/\/webciudadana.net\/index.php?rest_route=\/wp\/v2\/users\/1"}],"replies":[{"embeddable":true,"href":"https:\/\/webciudadana.net\/index.php?rest_route=%2Fwp%2Fv2%2Fcomments&post=61144"}],"version-history":[{"count":0,"href":"https:\/\/webciudadana.net\/index.php?rest_route=\/wp\/v2\/posts\/61144\/revisions"}],"wp:attachment":[{"href":"https:\/\/webciudadana.net\/index.php?rest_route=%2Fwp%2Fv2%2Fmedia&parent=61144"}],"wp:term":[{"taxonomy":"category","embeddable":true,"href":"https:\/\/webciudadana.net\/index.php?rest_route=%2Fwp%2Fv2%2Fcategories&post=61144"},{"taxonomy":"post_tag","embeddable":true,"href":"https:\/\/webciudadana.net\/index.php?rest_route=%2Fwp%2Fv2%2Ftags&post=61144"}],"curies":[{"name":"wp","href":"https:\/\/api.w.org\/{rel}","templated":true}]}}