{"id":61146,"date":"2025-04-25T16:02:58","date_gmt":"2025-04-25T14:02:58","guid":{"rendered":"https:\/\/ticker-noticiasep.microcontenidos.com\/NoticiaRSS.vbhtml?user=FRND562DLP&amp;cod=20250425160258"},"modified":"2025-04-25T16:02:58","modified_gmt":"2025-04-25T14:02:58","slug":"sociedad-profesionales-sociosanitarios-y-entidades-critican-la-invisibilizacion-del-maltrato-a-las-personas-mayores","status":"publish","type":"post","link":"https:\/\/webciudadana.net\/?p=61146","title":{"rendered":"Sociedad: Profesionales sociosanitarios y entidades critican la \u201cinvisibilizaci\u00f3n\u201d del maltrato a las personas mayores"},"content":{"rendered":"\n<div><img decoding=\"async\" src=\"https:\/\/img.europapress.es\/fotoweb\/fotonoticia_20250425160258_300.jpg\" class=\"ff-og-image-inserted\"><\/div>\n<p>(Informaci\u00f3n remitida por la empresa firmante)<\/p>\n<p>\nLa m\u00e9dico de familia, vocal de la Junta Directiva de SEMERGEN Catalunya y comisionada de Derechos Humanos SUPO Barcelona ONCE, Mari Carmen Mart\u00ednez, asegura que los datos de maltrato son \u201cmucho m\u00e1s elevados de los que se dan p\u00fablicamente\u201d<\/p>\n<p>\nMart\u00ednez lamenta que muchas mujeres mayores no quieran denunciar por miedo y asegura que m\u00e9dicos de familia y enfermeras \u201cpueden hacer aflorar estas situaciones\u201d<\/p>\n<p>\nLa gerontocrimin\u00f3loga Iratxe Herrero denuncia que el \u201cedadismo en la sociedad\u201d se traduce tambi\u00e9n en \u201cel desconocimiento de ese maltrato\u201d<\/p>\n<p>\nVigo, 25 de abril de 2025.- Profesionales del sector sociosanitario y entidades de personas mayores han denunciado hoy la \u201cinvisibilizaci\u00f3n\u201d del maltrato a este colectivo durante el XII Congreso Nacional de Organizaciones de Mayores, que se clausura hoy en Vigo.<\/p>\n<p> La m\u00e9dico de familia, vocal de la Junta Directiva de SEMERGEN Catalunya y comisionada de Derechos Humanos SUPO Barcelona ONCE, Mari Carmen Mart\u00ednez, ha asegurado que \u201cla mayor gravedad del tema del maltrato es que est\u00e1 oculto\u201d, a pesar de que la Organizaci\u00f3n Mundial de la Salud (OMS) lo haya calificado como \u201cun problema grave de salud por las consecuencias de mortalidad y morbilidad\u201d.<\/p>\n<p> En su intervenci\u00f3n en la mesa redonda \u2018Maltrato en la vejez: no se ve, no se oye, no se habla\u2019, Mart\u00ednez ha asegurado que en SEMERGEN han elaborado un estudio \u201cpara demostrar que los datos que se facilitan sobre maltrato a mayores son falsos porque, en realidad, son mucho m\u00e1s elevados\u201d.<\/p>\n<p> La especialista ha lamentado que en muchas ocasiones sean \u201clas personas mayores las que no quieran denunciar a su marido, a su hijo o a su vecino\u201d y les ha pedido que \u201cpierdan el miedo\u201d y \u201cal menos informen de la situaci\u00f3n a su m\u00e9dico de familia porque ellos y las enfermeras son quienes pueden hacer aflorar esos casos\u201d.<\/p>\n<p> Vulneraci\u00f3n de los derechos humanos<\/p>\n<p>\nMari Carmen Mart\u00ednez ha insistido en que las personas mayores son \u201cpoblaci\u00f3n vulnerable\u201d a la que \u201cse le est\u00e1n violando constantemente los derechos humanos por discriminaci\u00f3n de edad, sexo o discapacidad\u201d. \u201cSe vulnera el derecho a una vida digna\u201d, ha a\u00f1adido.<\/p>\n<p> En la sesi\u00f3n, tambi\u00e9n ha intervenido la gerentocrimin\u00f3loga y directora de y-Logika, Iratxe Herrero, quien ha afirmado que el \u201cedadismo de la sociedad\u201d se traduce tambi\u00e9n en \u201cese desconocimiento del maltrato en la vejez\u201d. En este sentido, ha asegurado que incluso a nivel policial \u201clas v\u00edctimas de 65 a\u00f1os o m\u00e1s despiertan menos inter\u00e9s a la hora de investigar que las m\u00e1s j\u00f3venes\u201d.<\/p>\n<p> Asimismo, ha apuntado que en muchas ocasiones se asocia el maltrato a la dependencia y los cuidados de larga duraci\u00f3n, pero \u201c\u00e9sa no es la \u00fanica realidad\u201d y \u201ca menudo se olvidan otras victimizaciones, como las mujeres mayores transexuales o sin hogar\u201d.<\/p>\n<p>\n\u201cTerapia de choque en la sociedad\u201d<\/p>\n<p>\nPor su parte, el abogado y presidente de la Asociaci\u00f3n para la investigaci\u00f3n del maltrato a las personas mayores EIMA, Jordi Mu\u00f1oz, ha reivindicado \u201cuna terapia de choque en la sociedad\u201d para que sea consciente de que \u201cmuchas personas mayores sufren abuso y malos tratos y todos somos corresponsables de ello\u201d.<\/p>\n<p> Finalmente, la directora t\u00e9cnica de EULEN Sociosanitarios, Salom\u00e9 Garc\u00eda, ha declarado que a lo largo de diez a\u00f1os han recibido quejas en su Comit\u00e9 de \u00c9tica relacionadas principalmente con el maltrato, el derecho a la autonom\u00eda de los mayores y su derecho a la informaci\u00f3n. \u201cMuchos familiares no quieren que los mayores est\u00e9n informados\u201d, ha concluido.<\/p>\n<p> Emisor: Ceoma<\/p>\n<p>\nSubvencionado por:<\/p>\n<p>\nEntidades colaboradoras:<\/p>\n<p>\nConfederaci\u00f3n Espa\u00f1ola de Organizaciones de Mayores<\/p>\n<p>\nCEOMA es una entidad sin \u00e1nimo de lucro creada para la defensa de los derechos de las personas mayores. Representa a 26 organizaciones de mayores de las distintas Comunidades Aut\u00f3nomas, con m\u00e1s de 800.000 socios de base y m\u00e1s de 1.500 Asociaciones. M\u00e1s informaci\u00f3n: www.ceoma.org<\/p>\n<p>\n*<\/p>\n<p>\nCelia Moreno Garrido<\/p>\n<p>\nCoordinadora General<\/p>\n<p>\nResponsable de Comunicaci\u00f3n e Imagen Institucional<\/p>\n<p>\nceliamoreno@ceoma.org<\/p>\n<p>\nC\/ Fernando el Cat\u00f3lico, 10 &#8211; Local 7 28015 MADRID<\/p>\n<p>\nM\u00f3vil: 626 170 705<\/p>\n<p>\nTel.: 91 557 25 56<\/p>\n<p>\n\u00c0gata Sala<\/p>\n<p>\nEuropa Press Comunicaci\u00f3n<\/p>\n<p>\nagatasala@europapress.es<\/p>\n<p>\n*<\/p>\n<p>\n*<\/p>\n<p>\n*<\/p>\n<p>\n*<\/p>\n<p>\n*<\/p>\n","protected":false},"excerpt":{"rendered":"<p>(Informaci\u00f3n remitida por la empresa firmante) La m\u00e9dico de familia, vocal de la Junta Directiva de SEMERGEN Catalunya y comisionada de Derechos Humanos SUPO Barcelona ONCE, Mari Carmen Mart\u00ednez, asegura que los datos de maltrato son \u201cmucho m\u00e1s elevados de los que se dan p\u00fablicamente\u201d Mart\u00ednez lamenta que muchas mujeres mayores no quieran denunciar por [&hellip;]<\/p>\n","protected":false},"author":1,"featured_media":0,"comment_status":"closed","ping_status":"closed","sticky":false,"template":"","format":"standard","meta":{"footnotes":""},"categories":[2],"tags":[],"class_list":["post-61146","post","type-post","status-publish","format-standard","hentry","category-noticias"],"_links":{"self":[{"href":"https:\/\/webciudadana.net\/index.php?rest_route=\/wp\/v2\/posts\/61146","targetHints":{"allow":["GET"]}}],"collection":[{"href":"https:\/\/webciudadana.net\/index.php?rest_route=\/wp\/v2\/posts"}],"about":[{"href":"https:\/\/webciudadana.net\/index.php?rest_route=\/wp\/v2\/types\/post"}],"author":[{"embeddable":true,"href":"https:\/\/webciudadana.net\/index.php?rest_route=\/wp\/v2\/users\/1"}],"replies":[{"embeddable":true,"href":"https:\/\/webciudadana.net\/index.php?rest_route=%2Fwp%2Fv2%2Fcomments&post=61146"}],"version-history":[{"count":0,"href":"https:\/\/webciudadana.net\/index.php?rest_route=\/wp\/v2\/posts\/61146\/revisions"}],"wp:attachment":[{"href":"https:\/\/webciudadana.net\/index.php?rest_route=%2Fwp%2Fv2%2Fmedia&parent=61146"}],"wp:term":[{"taxonomy":"category","embeddable":true,"href":"https:\/\/webciudadana.net\/index.php?rest_route=%2Fwp%2Fv2%2Fcategories&post=61146"},{"taxonomy":"post_tag","embeddable":true,"href":"https:\/\/webciudadana.net\/index.php?rest_route=%2Fwp%2Fv2%2Ftags&post=61146"}],"curies":[{"name":"wp","href":"https:\/\/api.w.org\/{rel}","templated":true}]}}