{"id":61147,"date":"2025-04-25T16:01:02","date_gmt":"2025-04-25T14:01:02","guid":{"rendered":"https:\/\/ticker-noticiasep.microcontenidos.com\/NoticiaRSS.vbhtml?user=FRND562DLP&amp;cod=20250425160102"},"modified":"2025-04-25T16:01:02","modified_gmt":"2025-04-25T14:01:02","slug":"mundo-dyness-esta-lista-para-presentar-soluciones-avanzadas-de-almacenamiento-de-energia-en-intersolar-europe-2025","status":"publish","type":"post","link":"https:\/\/webciudadana.net\/?p=61147","title":{"rendered":"Mundo: Dyness est\u00e1 lista para presentar soluciones avanzadas de almacenamiento de energ\u00eda en Intersolar Europe 2025"},"content":{"rendered":"\n<div><img decoding=\"async\" src=\"https:\/\/img.europapress.es\/fotoweb\/fotonoticia_20250425160102_300.jpg\" class=\"ff-og-image-inserted\"><\/div>\n<p>(Informaci\u00f3n remitida por la empresa firmante)<\/p>\n<p>\nM\u00daNICH, 25 de abril de 2025\/PRNewswire\/ &#8212; Dyness, proveedor l\u00edder mundial en soluciones de almacenamiento de energ\u00eda, se complace en anunciar su participaci\u00f3n en Intersolar Europe 2025, que tendr\u00e1 lugar del 7 al 9 de mayo en la Messe M\u00fcnchen, Alemania. Como actor destacado en la industria del almacenamiento de energ\u00eda, Dyness exhibir\u00e1 sus soluciones de vanguardia en el stand B2-131, ofreciendo a los visitantes un adelanto exclusivo del futuro del almacenamiento de energ\u00eda.<\/p>\n<p> \u00abEstamos encantados de presentar nuestras \u00faltimas innovaciones en almacenamiento de energ\u00eda a trav\u00e9s de Intersolar Europe a la comunidad global\u00bb, afirm\u00f3 Aaron Liu, consejero delegado de Dyness. \u00abCon nuestro r\u00e1pido crecimiento en el mercado europeo y una red de socios internacionales en expansi\u00f3n, mantendremos nuestro compromiso con la innovaci\u00f3n centrada en el cliente, superando continuamente nuestros l\u00edmites para ofrecer soluciones de energ\u00eda verde eficientes y fiables\u00bb.<\/p>\n<p> En Intersolar Europe, Dyness presentar\u00e1 sus soluciones integrales de almacenamiento de energ\u00eda (ESS), dise\u00f1adas para una amplia gama de aplicaciones, desde sistemas a peque\u00f1a escala hasta grandes proyectos residenciales y comerciales. Estas soluciones est\u00e1n dise\u00f1adas para integrarse a la perfecci\u00f3n con las principales marcas locales de inversores, como Kostal, SMA, Victron y otras.<\/p>\n<p> ESS para balcones: compacto, eficiente y flexible<\/p>\n<p>\nPara quienes buscan un sistema de almacenamiento de energ\u00eda (ESS) compacto e inteligente, Dyness PowerHI es el nuevo producto dise\u00f1ado espec\u00edficamente para balcones y aplicaciones energ\u00e9ticas a peque\u00f1a escala. Su instalaci\u00f3n es inmediata y se puede ampliar a 6 bater\u00edas con una capacidad m\u00e1xima de 14,4 kWh, lo que ofrece una experiencia eficiente. La funci\u00f3n de autocalentamiento garantiza un rendimiento fiable en un rango de temperatura de funcionamiento de -20 \u00b0C a 55 \u00b0C, lo que lo convierte en una opci\u00f3n vers\u00e1til para usuarios de balcones.<\/p>\n<p> ESS residencial: alto rendimiento para hogares inteligentes<\/p>\n<p>\nPara aplicaciones residenciales, Dyness exhibir\u00e1 una nueva l\u00ednea de productos dise\u00f1ada para proporcionar soluciones de almacenamiento de energ\u00eda seguras, fiables y de alto rendimiento.<\/p>\n<p> El PowerDepot G2 admite hasta 50 unidades en paralelo y ofrece un rango de capacidad escalable de 5,12 kWh a 256 kWh. Incorpora un sistema de extinci\u00f3n de incendios por aerosol que detecta y extingue incendios en tan solo 5 segundos, lo que proporciona un alto nivel de seguridad. Con una tasa de descarga de 1C, ofrece un rendimiento fiable incluso en condiciones de alta potencia. Gracias a su alto grado de protecci\u00f3n IP66, puede instalarse en exteriores sin problemas.<\/p>\n<p> Adem\u00e1s, el modelo insignia Tower Pro es f\u00e1cil de instalar por una sola persona en 15 minutos gracias a su dise\u00f1o plug-and-play. El extintor de aerosol integrado en cada m\u00f3dulo elimina el riesgo de incendio al instante. La almohadilla t\u00e9rmica garantiza el funcionamiento a temperaturas de hasta -20 \u00b0C. Tower Pro tambi\u00e9n admite carga\/descarga r\u00e1pida continua de 1 C, lo que le permite soportar cargas de alta potencia, especialmente importante durante cortes de energ\u00eda. Adem\u00e1s, gracias al balanceo inteligente de celdas, Tower Pro permite la libre combinaci\u00f3n de m\u00f3dulos durante 3 a\u00f1os para una f\u00e1cil expansi\u00f3n.<\/p>\n<p> ESS para aplicaciones comerciales e industriales <\/p>\n<p>\nDyness tambi\u00e9n exhibir\u00e1 excelentes sistemas de almacenamiento de energ\u00eda (ESS) para aplicaciones comerciales e industriales, disponibles tanto en configuraciones para interiores como para exteriores. Para soluciones comerciales e industriales en interiores, el STACK100 es ideal para peque\u00f1as aplicaciones comerciales, ya que admite hasta 12 cl\u00fasteres en paralelo con una capacidad m\u00e1xima de 921 kWh, ofreciendo flexibilidad y escalabilidad para satisfacer la creciente demanda energ\u00e9tica. Para soluciones comerciales e industriales en exteriores, el DH200Y (refrigeraci\u00f3n l\u00edquida) y el DH200F (refrigeraci\u00f3n por aire) son sistemas de almacenamiento de energ\u00eda todo en uno con nivel de protecci\u00f3n IP55 que garantizan la fiabilidad incluso en condiciones adversas. El DH200F tambi\u00e9n es compatible con sistemas de almacenamiento de energ\u00eda (STS) inteligentes, que pueden conmutar entre conexi\u00f3n a red y desconexi\u00f3n en 20 ms, lo que permite a las empresas despreocuparse del consumo el\u00e9ctrico.<\/p>\n<p> Tras excelentes actualizaciones iterativas, Dyness est\u00e1 listo para presentar nuevas soluciones de almacenamiento de energ\u00eda en Intersolar Europe. \u00danase a Dyness en el stand B2-131 para explorar estas soluciones avanzadas de almacenamiento de energ\u00eda y descubrir c\u00f3mo Dyness puede ayudarle a optimizar su consumo energ\u00e9tico, contribuyendo a un futuro sostenible. Para m\u00e1s informaci\u00f3n, visite www.dyness.com.<\/p>\n<p> Foto &#8211; https:\/\/mma.prnewswire.com\/media\/2672307\/Mark_calendars_experience_future_energy_solutions_Dyness_Intersolar_Europe_2025.jpg<\/p>\n<p> View original content:https:\/\/www.prnewswire.com\/news-releases\/dyness-esta-lista-para-presentar-soluciones-avanzadas-de-almacenamiento-de-energia-en-intersolar-europe-2025-302437495.html<\/p>\n","protected":false},"excerpt":{"rendered":"<p>(Informaci\u00f3n remitida por la empresa firmante) M\u00daNICH, 25 de abril de 2025\/PRNewswire\/ &#8212; Dyness, proveedor l\u00edder mundial en soluciones de almacenamiento de energ\u00eda, se complace en anunciar su participaci\u00f3n en Intersolar Europe 2025, que tendr\u00e1 lugar del 7 al 9 de mayo en la Messe M\u00fcnchen, Alemania. Como actor destacado en la industria del almacenamiento [&hellip;]<\/p>\n","protected":false},"author":1,"featured_media":0,"comment_status":"closed","ping_status":"closed","sticky":false,"template":"","format":"standard","meta":{"footnotes":""},"categories":[2],"tags":[],"class_list":["post-61147","post","type-post","status-publish","format-standard","hentry","category-noticias"],"_links":{"self":[{"href":"https:\/\/webciudadana.net\/index.php?rest_route=\/wp\/v2\/posts\/61147","targetHints":{"allow":["GET"]}}],"collection":[{"href":"https:\/\/webciudadana.net\/index.php?rest_route=\/wp\/v2\/posts"}],"about":[{"href":"https:\/\/webciudadana.net\/index.php?rest_route=\/wp\/v2\/types\/post"}],"author":[{"embeddable":true,"href":"https:\/\/webciudadana.net\/index.php?rest_route=\/wp\/v2\/users\/1"}],"replies":[{"embeddable":true,"href":"https:\/\/webciudadana.net\/index.php?rest_route=%2Fwp%2Fv2%2Fcomments&post=61147"}],"version-history":[{"count":0,"href":"https:\/\/webciudadana.net\/index.php?rest_route=\/wp\/v2\/posts\/61147\/revisions"}],"wp:attachment":[{"href":"https:\/\/webciudadana.net\/index.php?rest_route=%2Fwp%2Fv2%2Fmedia&parent=61147"}],"wp:term":[{"taxonomy":"category","embeddable":true,"href":"https:\/\/webciudadana.net\/index.php?rest_route=%2Fwp%2Fv2%2Fcategories&post=61147"},{"taxonomy":"post_tag","embeddable":true,"href":"https:\/\/webciudadana.net\/index.php?rest_route=%2Fwp%2Fv2%2Ftags&post=61147"}],"curies":[{"name":"wp","href":"https:\/\/api.w.org\/{rel}","templated":true}]}}