{"id":61152,"date":"2025-04-25T16:45:54","date_gmt":"2025-04-25T14:45:54","guid":{"rendered":"https:\/\/ticker-noticiasep.microcontenidos.com\/NoticiaRSS.vbhtml?user=FRND562DLP&amp;cod=20250425164554"},"modified":"2025-04-25T16:45:54","modified_gmt":"2025-04-25T14:45:54","slug":"sociedad-ceoma-pide-que-los-mayores-sean-actores-de-esta-sociedad-en-la-clausura-de-su-xii-congreso","status":"publish","type":"post","link":"https:\/\/webciudadana.net\/?p=61152","title":{"rendered":"Sociedad: CEOMA pide que los mayores sean \u201cactores de esta sociedad\u201d en la clausura de su XII congreso"},"content":{"rendered":"\n<div><img decoding=\"async\" src=\"https:\/\/img.europapress.es\/fotoweb\/fotonoticia_20250425164554_300.jpg\" class=\"ff-og-image-inserted\"><\/div>\n<p>(Informaci\u00f3n remitida por la empresa firmante)<\/p>\n<p>\nLa confederaci\u00f3n reclama que se deje \u201cde hablar de los mayores sin contar con los ellos\u201d y que haya una mayor representatividad pol\u00edtica y social del colectivo<\/p>\n<p>\nEl XII Congreso Nacional de Organizaciones de Mayores ha contado con 800 acreditados, m\u00e1s de 37 organizaciones y una veintena de directivos de empresas<\/p>\n<p>\nEl presidente de CEOMA, Jos\u00e9 Luis Fern\u00e1ndez Santillana, ha reivindicado el envejecimiento activo y ha puesto como ejemplo al Papa Francisco, que \u201cse ha ido trabajando\u201d<\/p>\n<p>\nCEOMA ha anunciado que el pr\u00f3ximo congreso se celebrar\u00e1 en dos a\u00f1os y tendr\u00e1 lugar en Santander <\/p>\n<p>\nVigo, 25 de abril de 2025.- La Confederaci\u00f3n Espa\u00f1ola de Organizaciones de Mayores (CEOMA) ha clausurado su XII Congreso Nacional, que ayer y hoy ha tenido lugar en AFundaci\u00f3n de Vigo, pidiendo que el colectivo sea \u201cactor en esta sociedad\u201d y que se deje \u201cde hablar de los mayores sin contar con ellos\u201d.<\/p>\n<p> Durante el acto de clausura se han dado lectura a las conclusiones del congreso que durante dos d\u00edas ha contado con 800 acreditados, m\u00e1s de 37 organizaciones de mayores y una veintena de directivos de empresas. Las sesiones que han tenido lugar en el congreso han reunido a profesionales del sector que han abordado cuestiones como el edadismo, el maltrato de los mayores, el talento senior, el envejecimiento activo o el trabajo m\u00e1s all\u00e1 de los 50 a\u00f1os.<\/p>\n<p> Desde CEOMA han reclamado que el colectivo tenga mayor representatividad en la pol\u00edtica y en la sociedad. Asimismo, ha pedido eliminar el paternalismo y acabar con el edadismo, que es \u201cuna enfermedad silenciosa\u201d. La confederaci\u00f3n ha insistido tambi\u00e9n en la necesidad de contar con un tratado para las personas mayores que tenga en cuenta sus derechos y con un sistema de jubilaci\u00f3n flexible que permita a las personas que quieran poder seguir trabajando.<\/p>\n<p> CEOMA ha hecho hincapi\u00e9 en la importancia del derecho a decidir de las personas mayores en lo que hace referencia a su cuidado y en la invisibilidad del maltrato tanto el institucionalizado como el que se produce en el \u00e1mbito familiar.<\/p>\n<p> La sexualidad de las personas mayores tambi\u00e9n ha sido una de las cuestiones que se han abordado en las mesas de debate, especialmente en el caso de las personas que est\u00e1n viviendo en centros o residencias. En este sentido, los especialistas reunidos en el congreso coinciden en que no se tienen en cuenta sus necesidades.<\/p>\n<p> Talento s\u00e9nior<\/p>\n<p>\nDurante su discurso de clausura, el presidente de CEOMA, Jos\u00e9 Luis Fern\u00e1ndez Santillana, ha insistido en la importancia de \u201caprovechar el talento s\u00e9nior\u201d y que se valore a las personas por su capacidad y no por su edad. En este sentido, ha apostado por el trabajo intergeneracional y por \u201cno hacer guetos de j\u00f3venes ni de mayores\u201d.<\/p>\n<p> Fern\u00e1ndez Santillana ha destacado el valor del envejecimiento activo y ha puesto como ejemplo al Papa Francisco, que \u201cse ha ido trabajando\u201d. En esta l\u00ednea, ha se\u00f1alado que para que los mayores puedan hacer ejercicio y mantenerse activo \u201ces importante contar con espacios y ciudades amigables\u201d.<\/p>\n<p> El director general de Mayores y Atenci\u00f3n Sociosanitaria, Ant\u00f3n Acebedo, ha sido el encargado de clausurar el XII Congreso y ha anunciado medidas que llevar\u00e1 a cabo la Xunta de Galicia como el impulso de una estrategia contra el edadismo, la creaci\u00f3n de dos centros sanitarios, \u201cuno de ellos el m\u00e1s grande de Europa\u201d, y una estrategia para acabar con la soledad no deseada.<\/p>\n<p> CEOMA ha anunciado que el pr\u00f3ximo congreso se celebrar\u00e1 en 2027 en Santander.<\/p>\n<p> Subvencionado por:<\/p>\n<p>\nEntidades colaboradoras:<\/p>\n<p>\nConfederaci\u00f3n Espa\u00f1ola de Organizaciones de Mayores<\/p>\n<p>\nCEOMA es una entidad sin \u00e1nimo de lucro creada para la defensa de los derechos de las personas mayores. Representa a 26 organizaciones de mayores de las distintas Comunidades Aut\u00f3nomas, con m\u00e1s de 800.000 socios de base y m\u00e1s de 1.500 Asociaciones. M\u00e1s informaci\u00f3n: www.ceoma.org<\/p>\n<p>\nCelia Moreno Garrido<\/p>\n<p>\nCoordinadora General<\/p>\n<p>\nResponsable de Comunicaci\u00f3n e Imagen Institucional<\/p>\n<p>\nceliamoreno@ceoma.org<\/p>\n<p>\nC\/ Fernando el Cat\u00f3lico, 10 &#8211; Local 7 28015 MADRID<\/p>\n<p>\nM\u00f3vil: 626 170 705<\/p>\n<p>\nTel.: 91 557 25 56<\/p>\n<p>\n\u00c0gata Sala<\/p>\n<p>\nEuropa Press Comunicaci\u00f3n<\/p>\n<p>\nagatasala@europapress.es<\/p>\n","protected":false},"excerpt":{"rendered":"<p>(Informaci\u00f3n remitida por la empresa firmante) La confederaci\u00f3n reclama que se deje \u201cde hablar de los mayores sin contar con los ellos\u201d y que haya una mayor representatividad pol\u00edtica y social del colectivo El XII Congreso Nacional de Organizaciones de Mayores ha contado con 800 acreditados, m\u00e1s de 37 organizaciones y una veintena de directivos [&hellip;]<\/p>\n","protected":false},"author":1,"featured_media":0,"comment_status":"closed","ping_status":"closed","sticky":false,"template":"","format":"standard","meta":{"footnotes":""},"categories":[2],"tags":[],"class_list":["post-61152","post","type-post","status-publish","format-standard","hentry","category-noticias"],"_links":{"self":[{"href":"https:\/\/webciudadana.net\/index.php?rest_route=\/wp\/v2\/posts\/61152","targetHints":{"allow":["GET"]}}],"collection":[{"href":"https:\/\/webciudadana.net\/index.php?rest_route=\/wp\/v2\/posts"}],"about":[{"href":"https:\/\/webciudadana.net\/index.php?rest_route=\/wp\/v2\/types\/post"}],"author":[{"embeddable":true,"href":"https:\/\/webciudadana.net\/index.php?rest_route=\/wp\/v2\/users\/1"}],"replies":[{"embeddable":true,"href":"https:\/\/webciudadana.net\/index.php?rest_route=%2Fwp%2Fv2%2Fcomments&post=61152"}],"version-history":[{"count":0,"href":"https:\/\/webciudadana.net\/index.php?rest_route=\/wp\/v2\/posts\/61152\/revisions"}],"wp:attachment":[{"href":"https:\/\/webciudadana.net\/index.php?rest_route=%2Fwp%2Fv2%2Fmedia&parent=61152"}],"wp:term":[{"taxonomy":"category","embeddable":true,"href":"https:\/\/webciudadana.net\/index.php?rest_route=%2Fwp%2Fv2%2Fcategories&post=61152"},{"taxonomy":"post_tag","embeddable":true,"href":"https:\/\/webciudadana.net\/index.php?rest_route=%2Fwp%2Fv2%2Ftags&post=61152"}],"curies":[{"name":"wp","href":"https:\/\/api.w.org\/{rel}","templated":true}]}}