{"id":61157,"date":"2025-04-28T05:25:02","date_gmt":"2025-04-28T03:25:02","guid":{"rendered":"https:\/\/ticker-noticiasep.microcontenidos.com\/NoticiaRSS.vbhtml?user=FRND562DLP&amp;cod=20250428052502"},"modified":"2025-04-28T05:25:02","modified_gmt":"2025-04-28T03:25:02","slug":"mundo-ja-solar-y-el-borussia-dortmund-anuncian-una-asociacion-y-un-importante-proyecto-conjunto","status":"publish","type":"post","link":"https:\/\/webciudadana.net\/?p=61157","title":{"rendered":"Mundo: JA SOLAR y el Borussia Dortmund anuncian una asociaci\u00f3n y un importante proyecto conjunto"},"content":{"rendered":"\n<div><img decoding=\"async\" src=\"https:\/\/img.europapress.es\/fotoweb\/fotonoticia_20250428052502_300.jpg\" class=\"ff-og-image-inserted\"><\/div>\n<p>(Informaci\u00f3n remitida por la empresa firmante)<\/p>\n<p>\nBEIJING, 28 de marzo de 2025 \/PRNewswire\/ &#8212; El fabricante de m\u00f3dulos fotovoltaicos JA SOLAR y el prestigioso club de f\u00fatbol Borussia Dortmund han llegado a un acuerdo para la instalaci\u00f3n de un nuevo sistema fotovoltaico en la cubierta del SIGNAL IDUNA PARK, creando as\u00ed el sistema fotovoltaico m\u00e1s grande del mundo sobre la cubierta de un estadio. El estadio recibe el mayor promedio de espectadores por partido en el f\u00fatbol europeo.<\/p>\n<p> Al seleccionar nuevos socios, JA SOLAR prioriza la integridad y el respeto, as\u00ed como el desarrollo de soluciones sostenibles como objetivo com\u00fan. Estos valores son fundamentales en nuestra colaboraci\u00f3n con el Borussia Dortmund. Con la nueva instalaci\u00f3n en Dortmund, JA SOLAR ofrece una calidad de producto excepcional para la descarbonizaci\u00f3n.<\/p>\n<p> En consonancia con los requisitos de sostenibilidad y el enfoque a largo plazo tanto del Borussia Dortmund como de JA SOLAR, este proyecto generar\u00e1 electricidad verde fiable durante los pr\u00f3ximos 30 a\u00f1os y unir\u00e1 a dos socios fuertes en la b\u00fasqueda de objetivos comunes. Este proyecto tambi\u00e9n es una clara expresi\u00f3n del compromiso a largo plazo de JA SOLAR con el mercado fotovoltaico europeo.<\/p>\n<p> El mundialmente famoso templo del f\u00fatbol con su legendario \u00abMuro Amarillo\u00bb. Los m\u00f3dulos Full-Black de alta eficiencia de JA SOLAR. Esta combinaci\u00f3n garantiza una energ\u00eda negra y amarilla inigualable, no solo en las gradas, sino tambi\u00e9n en la cubierta, sentando un precedente para la transici\u00f3n energ\u00e9tica. Los m\u00f3dulos negros combinan a la perfecci\u00f3n con los colores del Borussia Dortmund y se han instalado en numerosas viviendas particulares, gracias sobre todo a su atractivo dise\u00f1o. El proyecto del Borussia Dortmund demuestra que los m\u00f3dulos, al igual que otros modelos de la gama de productos de JA SOLAR, son igualmente adecuados para cubiertas de edificios comerciales. Todos los m\u00f3dulos utilizados en este proyecto cumplen con el est\u00e1ndar JA Solar ITS Supply Chain.<\/p>\n<p> Se suministrar\u00e1n m\u00e1s de 11.000 m\u00f3dulos para su instalaci\u00f3n en la cubierta del estadio. En total, la instalaci\u00f3n generar\u00e1 m\u00e1s de cuatro GWh al a\u00f1o para el consumo propio del Borussia Dortmund, sirviendo de ejemplo para otras empresas y negocios. La instalaci\u00f3n en la cubierta reducir\u00e1 las emisiones de CO del club en aproximadamente 1.800 toneladas al a\u00f1o y aumentar\u00e1 la seguridad y resiliencia energ\u00e9tica general del Borussia Dortmund. Esto significa que el Signal Iduna Park podr\u00e1 operar el sistema de iluminaci\u00f3n durante 1.000 partidos con energ\u00eda solar ecol\u00f3gica (producci\u00f3n de energ\u00eda durante un a\u00f1o).<\/p>\n<p> El inicio de las obras de instalaci\u00f3n est\u00e1 previsto para el verano de 2025. La finalizaci\u00f3n del proyecto est\u00e1 prevista para finales del mismo verano.<\/p>\n<p> Carsten Cramer, director general de Borussia Dortmund GmbH &amp; Co. KGaA: \u00abEstamos muy satisfechos con la colaboraci\u00f3n con JA SOLAR, que ya desempe\u00f1ar\u00e1 un papel fundamental en la renovaci\u00f3n planificada del sistema fotovoltaico en la cubierta del SIGNAL IDUNA PARK. Esta colaboraci\u00f3n subraya nuestro compromiso con la sostenibilidad y las tecnolog\u00edas innovadoras. Con los m\u00f3dulos solares de JA SOLAR, que se utilizar\u00e1n en el mayor sistema fotovoltaico en la cubierta de un estadio, estamos marcando el camino hacia un futuro respetuoso con el medio ambiente.\u00bb<\/p>\n<p>\nHenning Schulze, vicepresidente de JA SOLAR: \u00abCreemos que el Borussia Dortmund y JA SOLAR comparten muchos valores comunes, y estamos muy orgullosos de que nuestros m\u00f3dulos se utilicen para este proyecto en este emblem\u00e1tico estadio. En tiempos de r\u00e1pidos cambios pol\u00edticos y disrupciones del mercado, nuestra participaci\u00f3n en este proyecto es una clara declaraci\u00f3n de JA SOLAR de que estamos aqu\u00ed para quedarnos.\u00bb<\/p>\n<p>\nJA SOLAR espera recibir a clientes de todo el mundo, junto con representantes del Borussia Dortmund, en Intersolar Europe, M\u00fanich, del 7 al 9 de mayo, en el stand A2.280. Para consultas previas, cont\u00e1ctenos en info@jasolar.com.<\/p>\n<p> Acerca de JA SOLAR<\/p>\n<p>\n\u00a1Crece hacia el sol, avanza hacia nuestra meta! Desde 2005, perseguimos nuestra misi\u00f3n de hacer que la energ\u00eda solar sea accesible para el mayor n\u00famero de personas posible. Como uno de los l\u00edderes del mercado, queremos ser un modelo a seguir con un desarrollo corporativo sostenible y social. La orientaci\u00f3n al cliente, el bienestar de nuestros empleados y el aumento del valor para nuestros propietarios son algunos de nuestros valores fundamentales. Trabajando en estrecha colaboraci\u00f3n con nuestros socios globales, estamos creando un ecosistema industrial mutuamente beneficioso e impulsando el progreso en soluciones energ\u00e9ticas y medioambientales. M\u00e1s informaci\u00f3n en https:\/\/www.jasolar.com\/.<\/p>\n<p> Foto &#8211; https:\/\/mma.prnewswire.com\/media\/2651615\/JA_SOLAR_and_Borussia_Dortmund_Announce_Partnership_and_Joint_Major_Project_1.jpg<\/p>\n<p>\nFoto &#8212; https:\/\/mma.prnewswire.com\/media\/2651616\/JA_SOLAR_and_Borussia_Dortmund_Announce_Partnership_and_Joint_Major_Project2.jpg<\/p>\n<p> View original content:https:\/\/www.prnewswire.com\/news-releases\/ja-solar-y-el-borussia-dortmund-anuncian-una-asociacion-y-un-importante-proyecto-conjunto-302439291.html<\/p>\n","protected":false},"excerpt":{"rendered":"<p>(Informaci\u00f3n remitida por la empresa firmante) BEIJING, 28 de marzo de 2025 \/PRNewswire\/ &#8212; El fabricante de m\u00f3dulos fotovoltaicos JA SOLAR y el prestigioso club de f\u00fatbol Borussia Dortmund han llegado a un acuerdo para la instalaci\u00f3n de un nuevo sistema fotovoltaico en la cubierta del SIGNAL IDUNA PARK, creando as\u00ed el sistema fotovoltaico m\u00e1s [&hellip;]<\/p>\n","protected":false},"author":1,"featured_media":0,"comment_status":"closed","ping_status":"closed","sticky":false,"template":"","format":"standard","meta":{"footnotes":""},"categories":[2],"tags":[],"class_list":["post-61157","post","type-post","status-publish","format-standard","hentry","category-noticias"],"_links":{"self":[{"href":"https:\/\/webciudadana.net\/index.php?rest_route=\/wp\/v2\/posts\/61157","targetHints":{"allow":["GET"]}}],"collection":[{"href":"https:\/\/webciudadana.net\/index.php?rest_route=\/wp\/v2\/posts"}],"about":[{"href":"https:\/\/webciudadana.net\/index.php?rest_route=\/wp\/v2\/types\/post"}],"author":[{"embeddable":true,"href":"https:\/\/webciudadana.net\/index.php?rest_route=\/wp\/v2\/users\/1"}],"replies":[{"embeddable":true,"href":"https:\/\/webciudadana.net\/index.php?rest_route=%2Fwp%2Fv2%2Fcomments&post=61157"}],"version-history":[{"count":0,"href":"https:\/\/webciudadana.net\/index.php?rest_route=\/wp\/v2\/posts\/61157\/revisions"}],"wp:attachment":[{"href":"https:\/\/webciudadana.net\/index.php?rest_route=%2Fwp%2Fv2%2Fmedia&parent=61157"}],"wp:term":[{"taxonomy":"category","embeddable":true,"href":"https:\/\/webciudadana.net\/index.php?rest_route=%2Fwp%2Fv2%2Fcategories&post=61157"},{"taxonomy":"post_tag","embeddable":true,"href":"https:\/\/webciudadana.net\/index.php?rest_route=%2Fwp%2Fv2%2Ftags&post=61157"}],"curies":[{"name":"wp","href":"https:\/\/api.w.org\/{rel}","templated":true}]}}