{"id":61163,"date":"2025-04-28T09:16:43","date_gmt":"2025-04-28T07:16:43","guid":{"rendered":"https:\/\/ticker-noticiasep.microcontenidos.com\/NoticiaRSS.vbhtml?user=FRND562DLP&amp;cod=20250428091643"},"modified":"2025-04-28T09:16:43","modified_gmt":"2025-04-28T07:16:43","slug":"sociedad-zona-fp-la-red-dual-cierra-su-edicion-mas-exitosa-con-mas-de-14-000-entradas-registradas","status":"publish","type":"post","link":"https:\/\/webciudadana.net\/?p=61163","title":{"rendered":"Sociedad: Zona FP &#8211; La Red Dual cierra su edici\u00f3n m\u00e1s exitosa con m\u00e1s de 14.000 entradas registradas"},"content":{"rendered":"\n<div><img decoding=\"async\" src=\"https:\/\/img.europapress.es\/fotoweb\/fotonoticia_20250428091643_300.jpg\" class=\"ff-og-image-inserted\"><\/div>\n<p>(Informaci\u00f3n remitida por la empresa firmante)<\/p>\n<p> Madrid, 28 de abril de 2025. <\/p>\n<p> La octava edici\u00f3n de Zona FP &#8211; La Red Dual, celebrada los d\u00edas 26 y 27 de abril en el Estadio Metropolitano, ha superado todas las expectativas al superar las 14.000 entradas registradas, m\u00e1s del doble que en la edici\u00f3n anterior.<\/p>\n<p> El evento, que se consolida como la mayor feria de Formaci\u00f3n Profesional de Espa\u00f1a, ha contado con la participaci\u00f3n de m\u00e1s de 70 centros formativos, empresas l\u00edderes y una completa programaci\u00f3n de charlas, talleres pr\u00e1cticos y actividades interactivas.<\/p>\n<p> Durante dos d\u00edas, los j\u00f3venes y sus familias han podido experimentar de primera mano la diversidad de salidas profesionales que ofrece la Formaci\u00f3n Profesional, participar en simulaciones pr\u00e1cticas y recibir orientaci\u00f3n personalizada para tomar decisiones sobre su futuro educativo y laboral.<\/p>\n<p> &nbsp;Entre los asistentes, se encontraban j\u00f3venes que ya cursan Formaci\u00f3n Profesional y buscan continuar su especializaci\u00f3n, estudiantes que est\u00e1n finalizando la ESO o el Bachillerato, as\u00ed como grupos de amigos interesados en explorar sus opciones educativas y profesionales.<\/p>\n<p> La oferta de actividades ha sido muy grande con experiencias tan variadas como partidas de Fortnite dise\u00f1adas para evaluar las habilidades de los j\u00f3venes, ayud\u00e1ndoles a identificar la formaci\u00f3n profesional que mejor se adapta a su perfil; talleres de maquillaje y caracterizaci\u00f3n; mupis interactivos; demostraciones culinarias; clases deportivas; talleres de reanimaci\u00f3n; sesiones de dj en directo; charlas y encuentros; sorteos\u2026 Todo ello acompa\u00f1ado de informaci\u00f3n de alta calidad y un asesoramiento personalizado que han hecho de esta feria un punto de encuentro indispensable.<\/p>\n<p> A esta edici\u00f3n se han sumado empresas l\u00edderes como Airbus, Marriott, RTVE Instituto, Indra, Alcampo, VivaGym, Vitalia, Serveo y Capgemini para compartir con los asistentes sus experiencias y c\u00f3mo integran perfiles de FP Dual en sus equipos durante las pr\u00e1cticas.<\/p>\n<p> Este a\u00f1o, la feria ha contado con el apoyo de Eduqia, Cibervoluntarios.org, y EF (Education First) como patrocinadores reforzando el compromiso de Zona FP &#8211; La Red Dual con el acompa\u00f1amiento integral a los j\u00f3venes.<\/p>\n<p> El \u00e9xito de convocatoria confirma la creciente importancia de la Formaci\u00f3n Profesional como motor de empleabilidad y desarrollo de talento, en un contexto en el que m\u00e1s de 1,13 millones de alumnos han apostado por esta v\u00eda educativa en Espa\u00f1a, seg\u00fan los \u00faltimos datos del Ministerio de Educaci\u00f3n.<\/p>\n<p> www.zonafp.com<\/p>\n<p>\nEmisor: Sara Valbuena Lobat\u00f3n<\/p>\n<p>\nContacto: Sara Valbuena 616008863 sara.valbuena@gmail.com<\/p>\n","protected":false},"excerpt":{"rendered":"<p>(Informaci\u00f3n remitida por la empresa firmante) Madrid, 28 de abril de 2025. La octava edici\u00f3n de Zona FP &#8211; La Red Dual, celebrada los d\u00edas 26 y 27 de abril en el Estadio Metropolitano, ha superado todas las expectativas al superar las 14.000 entradas registradas, m\u00e1s del doble que en la edici\u00f3n anterior. El evento, [&hellip;]<\/p>\n","protected":false},"author":1,"featured_media":0,"comment_status":"closed","ping_status":"closed","sticky":false,"template":"","format":"standard","meta":{"footnotes":""},"categories":[2],"tags":[],"class_list":["post-61163","post","type-post","status-publish","format-standard","hentry","category-noticias"],"_links":{"self":[{"href":"https:\/\/webciudadana.net\/index.php?rest_route=\/wp\/v2\/posts\/61163","targetHints":{"allow":["GET"]}}],"collection":[{"href":"https:\/\/webciudadana.net\/index.php?rest_route=\/wp\/v2\/posts"}],"about":[{"href":"https:\/\/webciudadana.net\/index.php?rest_route=\/wp\/v2\/types\/post"}],"author":[{"embeddable":true,"href":"https:\/\/webciudadana.net\/index.php?rest_route=\/wp\/v2\/users\/1"}],"replies":[{"embeddable":true,"href":"https:\/\/webciudadana.net\/index.php?rest_route=%2Fwp%2Fv2%2Fcomments&post=61163"}],"version-history":[{"count":0,"href":"https:\/\/webciudadana.net\/index.php?rest_route=\/wp\/v2\/posts\/61163\/revisions"}],"wp:attachment":[{"href":"https:\/\/webciudadana.net\/index.php?rest_route=%2Fwp%2Fv2%2Fmedia&parent=61163"}],"wp:term":[{"taxonomy":"category","embeddable":true,"href":"https:\/\/webciudadana.net\/index.php?rest_route=%2Fwp%2Fv2%2Fcategories&post=61163"},{"taxonomy":"post_tag","embeddable":true,"href":"https:\/\/webciudadana.net\/index.php?rest_route=%2Fwp%2Fv2%2Ftags&post=61163"}],"curies":[{"name":"wp","href":"https:\/\/api.w.org\/{rel}","templated":true}]}}