{"id":61169,"date":"2025-04-28T12:06:56","date_gmt":"2025-04-28T10:06:56","guid":{"rendered":"https:\/\/ticker-noticiasep.microcontenidos.com\/NoticiaRSS.vbhtml?user=FRND562DLP&amp;cod=20250428120656"},"modified":"2025-04-28T12:06:56","modified_gmt":"2025-04-28T10:06:56","slug":"la-v-marcha-solidaria-organizada-junto-a-el-faro-alcanza-record-de-participacion-con-mas-de-600-asistentes","status":"publish","type":"post","link":"https:\/\/webciudadana.net\/?p=61169","title":{"rendered":"La V Marcha Solidaria organizada junto a El Faro alcanza r\u00e9cord de participaci\u00f3n con m\u00e1s de 600 asistentes"},"content":{"rendered":"\n<div><img decoding=\"async\" src=\"https:\/\/img.europapress.es\/fotoweb\/fotonoticia_20250428120656_300.jpg\" class=\"ff-og-image-inserted\"><\/div>\n<p>(Informaci\u00f3n remitida por la empresa firmante)<\/p>\n<p>\nBADAJOZ, 28 (EUROPA PRESS)<\/p>\n<p>\nLa V Marcha Solidaria organizada en colaboraci\u00f3n con El Faro ha alcanzado un r\u00e9cord de participaci\u00f3n con m\u00e1s de 600 asistentes. La cita, organizada por la Residencia Hern\u00e1n Cort\u00e9s de Badajoz y la Asociaci\u00f3n Oncol\u00f3gica Extreme\u00f1a (AOEX), destinar\u00e1 la recaudaci\u00f3n a beneficio del Proyecto de Oncolog\u00eda Infantil de la AOEX, demostrando un a\u00f1o m\u00e1s la implicaci\u00f3n de la ciudadan\u00eda con causas solidarias de impacto social.<\/p>\n<p> La marcha, que arranc\u00f3 pasadas las 10:00 horas del s\u00e1bado desde la propia Residencia Hern\u00e1n Cort\u00e9s, recorri\u00f3 7,5 kil\u00f3metros por diferentes calles de la ciudad hasta culminar en la zona de El Patio. La meta estuvo amenizada por las actuaciones de comparsas de Carnaval, adem\u00e1s, de la actuaci\u00f3n de un mago, un grupo de baile y la entrega de premios.<\/p>\n<p> Por parte de la gerencia de El Faro han puesto en valor \u201cel desarrollo de la jornada y la alta participaci\u00f3n registrada\u201d. \u201cEl deporte tiene una fuerza transformadora cuando se une a una causa solidaria, y esta marcha lo ha vuelto a demostrar\u201d. \u201cUn a\u00f1o m\u00e1s, El Faro vuelve a mostrar su compromiso con iniciativas solidarias que buscan mejorar la vida de las personas y fortalecer el tejido social de nuestra ciudad\u201d.<\/p>\n<p> FESTIVAL COMO COLOF\u00d3N DE LA CARRERA<\/p>\n<p>\nLa finalizaci\u00f3n de jornada solidaria coincidi\u00f3 con la celebraci\u00f3n de la tercera edici\u00f3n del festival \u2018Primavera Cervecera\u2019, una cita ya consolidada en el calendario anual de El Faro, que este a\u00f1o ha extendido su programaci\u00f3n desde el viernes 25 hasta el domingo 27 de abril. Como parte de su compromiso con la causa, los artesanos cerveceros destinaron parte del dinero recaudado por el consumo de cerveza al proyecto de la AOEX.<\/p>\n<p> Adem\u00e1s de las sesiones de m\u00fasica en directo y las diversas actividades de ocio, el festival destac\u00f3 por ofrecer una selecci\u00f3n de m\u00e1s de 20 cervezas artesanas de Extremadura y el Alentejo portugu\u00e9s, de la mano de las marcas Lusitania y Mr. Lynx.<\/p>\n<p> SOBRE EL FARO <\/p>\n<p>\nInaugurado en 2012, El Faro es el principal centro comercial de referencia en Badajoz. Propiedad de Castellana Properties y gestionado por Cushman &amp; Wakefield, en sus m\u00e1s de 66.000 m2 de superficie comercial el centro re\u00fane una amplia y variada oferta de moda, restauraci\u00f3n, ocio y servicios, con m\u00e1s de 100 establecimientos, incluyendo marcas nacionales e internacionales de primer nivel.<\/p>\n<p> En total, el centro comercial genera un total de m\u00e1s de 1.200 puestos de trabajo directos, y acoge m\u00e1s de 8M de visitas al a\u00f1o. Ubicado junto a la A-5 y a pocos minutos del centro de Badajoz, El Faro es un espacio din\u00e1mico, moderno y accesible, que apuesta por la innovaci\u00f3n, la sostenibilidad y la experiencia del visitante. Adem\u00e1s, acoge numerosas actividades culturales, sociales y de entretenimiento a lo largo del a\u00f1o, reforzando su papel como punto de encuentro para familias, j\u00f3venes y visitantes de ambos lados de la frontera.<\/p>\n<p> CONTACTO DE PRENSA:<\/p>\n<p>\nLeopoldo Eduardo Alonso Llofriu<\/p>\n<p>\nleopoldoalonso@europapress.es<\/p>\n<p>\n95 492 49 00<\/p>\n<p>\nSandra Delgado<\/p>\n<p>\nsandradelgado@europapress.es<\/p>\n<p>\nVirginia Garc\u00eda<\/p>\n<p>\nvirginiagarcia@europapress.es<\/p>\n<p>\n91 359 26 00<\/p>\n","protected":false},"excerpt":{"rendered":"<p>(Informaci\u00f3n remitida por la empresa firmante) BADAJOZ, 28 (EUROPA PRESS) La V Marcha Solidaria organizada en colaboraci\u00f3n con El Faro ha alcanzado un r\u00e9cord de participaci\u00f3n con m\u00e1s de 600 asistentes. La cita, organizada por la Residencia Hern\u00e1n Cort\u00e9s de Badajoz y la Asociaci\u00f3n Oncol\u00f3gica Extreme\u00f1a (AOEX), destinar\u00e1 la recaudaci\u00f3n a beneficio del Proyecto de [&hellip;]<\/p>\n","protected":false},"author":1,"featured_media":0,"comment_status":"closed","ping_status":"closed","sticky":false,"template":"","format":"standard","meta":{"footnotes":""},"categories":[2],"tags":[],"class_list":["post-61169","post","type-post","status-publish","format-standard","hentry","category-noticias"],"_links":{"self":[{"href":"https:\/\/webciudadana.net\/index.php?rest_route=\/wp\/v2\/posts\/61169","targetHints":{"allow":["GET"]}}],"collection":[{"href":"https:\/\/webciudadana.net\/index.php?rest_route=\/wp\/v2\/posts"}],"about":[{"href":"https:\/\/webciudadana.net\/index.php?rest_route=\/wp\/v2\/types\/post"}],"author":[{"embeddable":true,"href":"https:\/\/webciudadana.net\/index.php?rest_route=\/wp\/v2\/users\/1"}],"replies":[{"embeddable":true,"href":"https:\/\/webciudadana.net\/index.php?rest_route=%2Fwp%2Fv2%2Fcomments&post=61169"}],"version-history":[{"count":0,"href":"https:\/\/webciudadana.net\/index.php?rest_route=\/wp\/v2\/posts\/61169\/revisions"}],"wp:attachment":[{"href":"https:\/\/webciudadana.net\/index.php?rest_route=%2Fwp%2Fv2%2Fmedia&parent=61169"}],"wp:term":[{"taxonomy":"category","embeddable":true,"href":"https:\/\/webciudadana.net\/index.php?rest_route=%2Fwp%2Fv2%2Fcategories&post=61169"},{"taxonomy":"post_tag","embeddable":true,"href":"https:\/\/webciudadana.net\/index.php?rest_route=%2Fwp%2Fv2%2Ftags&post=61169"}],"curies":[{"name":"wp","href":"https:\/\/api.w.org\/{rel}","templated":true}]}}