{"id":61174,"date":"2025-04-28T14:01:25","date_gmt":"2025-04-28T12:01:25","guid":{"rendered":"https:\/\/ticker-noticiasep.microcontenidos.com\/NoticiaRSS.vbhtml?user=FRND562DLP&amp;cod=20250428140125"},"modified":"2025-04-28T14:01:25","modified_gmt":"2025-04-28T12:01:25","slug":"mundo-el-club-francais-des-brunos-et-des-chiens-courants-suisses-organiza-su-nationale-delevage-2025-en-mende","status":"publish","type":"post","link":"https:\/\/webciudadana.net\/?p=61174","title":{"rendered":"Mundo: El Club Fran\u00e7ais des Brunos et des Chiens Courants Suisses organiza su Nationale d&#8217;\u00c9levage 2025 en Mende"},"content":{"rendered":"\n<div><img decoding=\"async\" src=\"https:\/\/img.europapress.es\/fotoweb\/fotonoticia_20250428140125_300.jpg\" class=\"ff-og-image-inserted\"><\/div>\n<p>(Informaci\u00f3n remitida por la empresa firmante)<\/p>\n<p>\nORGNAC&#8211;L&#8217;AVEN, Francia, 28 de abril de 2025 \/PRNewswire\/ &#8212; El Club Fran\u00e7ais des Brunos et des Chiens Courants Suisses se enorgullece de anunciar que su Nationale d&#8217;\u00c9levage se celebrar\u00e1 el 29 de junio de 2025 en Mende en Loz\u00e8re, en el marco del Sal\u00f3n Gabalitana Chasse-P\u00eache-Cheval-Nature. Este evento ser\u00e1 una oportunidad \u00fanica para admirar los mejores ejemplares de las variedades suiza y francesa, y descubrir las iniciativas del club para preservar estas razas ancestrales.<\/p>\n<p> Para ver el comunicado multimedia, haga clic en:<\/p>\n<p>\nhttps:\/\/www.multivu.com\/club_des_brunos_et_des_ccs\/9331051-fr-organise-nationale-elevage-2025-mende<\/p>\n<p>\nUn patrimonio hist\u00f3rico \u00fanico<\/p>\n<p>\nEl Sabueso Suizo es una raza antigua cuyos primeros vestigios se remontan a la \u00e9poca romana, como lo demuestra un mosaico descubierto en Avenches. Estos perros adquirieron una reputaci\u00f3n internacional: codiciados por los italianos en el siglo XV y por los franceses en el siglo XVIII por su excepcional talento para la caza de liebres. En 1933, se estableci\u00f3 un est\u00e1ndar \u00fanico para las cuatro variedades reconocidas hoy en d\u00eda: Berna, Bruno du Jura, Lucerna y Schwyz.<\/p>\n<p> Un perro de caza vers\u00e1til<\/p>\n<p>\nEl Sabueso Suizo se utiliza para la caza y destaca por su excepcional olfato y su capacidad para cazar solo o en jaur\u00eda. Destaca en terrenos dif\u00edciles y puede ser adiestrado en una gran variedad de presas. Los Sabuesos Suizos peque\u00f1os encarnan estas cualidades en un formato m\u00e1s peque\u00f1o, adecuado para la caza de conejos y ciervos.<\/p>\n<p> Bruno du Jura: un campe\u00f3n reconocido<\/p>\n<p>\nEntre las variedades suizas, el Bruno du Jura destaca por su notable rendimiento en competici\u00f3n. Ganador de la Copa de Francia en liebre en 1994 y 2014, tambi\u00e9n obtuvo puestos de honor en 2005, 2018 y 2023. Con el auge de la caza mayor, el Bruno du Jura se ha convertido en un ejemplar imprescindible para cualquier cazador.<\/p>\n<p> El Bruno Saint-Hubert Fran\u00e7ais tiene sus or\u00edgenes en el perro de Aargau, la forma m\u00e1s grande y pesada de sabueso suizo. Francia, a trav\u00e9s de su club, cre\u00f3 un nuevo est\u00e1ndar con el nombre de Bruno Saint-Hubert Fran\u00e7ais en el a\u00f1o 2000. Excelente rastreador, es un aullador muy persistente.<\/p>\n<p> Un club dedicado a la preservaci\u00f3n y promoci\u00f3n<\/p>\n<p>\nEl Club Fran\u00e7ais des Brunos et des Chiens Courants Suisses est\u00e1 comprometido con la preservaci\u00f3n de estas razas emblem\u00e1ticas. Ofrece un foro para el intercambio de conocimientos sobre cr\u00eda y competiciones.<\/p>\n<p> Descubra m\u00e1s sobre nuestras actividades o \u00fanase a nosotros en nuestra p\u00e1gina web: www.clubdesbrunosetdesccs.org.<\/p>\n<p> Contacto para medios:<\/p>\n<p>\nMonsieur Philippe Krieg<\/p>\n<p>\nclubfrancaisdesbrunosetdesccs@gmail.com<\/p>\n<p>\nFoto &#8212; https:\/\/mma.prnewswire.com\/media\/2667537\/Ramatuelle.jpg<\/p>\n<p>\nLogo &#8212; https:\/\/mma.prnewswire.com\/media\/2667536\/Club_Francais_Brunos_Logo.jpg<\/p>\n<p> View original content:https:\/\/www.prnewswire.com\/news-releases\/el-club-francais-des-brunos-et-des-chiens-courants-suisses-organiza-su-nationale-delevage-2025-en-mende-302438238.html<\/p>\n","protected":false},"excerpt":{"rendered":"<p>(Informaci\u00f3n remitida por la empresa firmante) ORGNAC&#8211;L&#8217;AVEN, Francia, 28 de abril de 2025 \/PRNewswire\/ &#8212; El Club Fran\u00e7ais des Brunos et des Chiens Courants Suisses se enorgullece de anunciar que su Nationale d&#8217;\u00c9levage se celebrar\u00e1 el 29 de junio de 2025 en Mende en Loz\u00e8re, en el marco del Sal\u00f3n Gabalitana Chasse-P\u00eache-Cheval-Nature. Este evento ser\u00e1 [&hellip;]<\/p>\n","protected":false},"author":1,"featured_media":0,"comment_status":"closed","ping_status":"closed","sticky":false,"template":"","format":"standard","meta":{"footnotes":""},"categories":[2],"tags":[],"class_list":["post-61174","post","type-post","status-publish","format-standard","hentry","category-noticias"],"_links":{"self":[{"href":"https:\/\/webciudadana.net\/index.php?rest_route=\/wp\/v2\/posts\/61174","targetHints":{"allow":["GET"]}}],"collection":[{"href":"https:\/\/webciudadana.net\/index.php?rest_route=\/wp\/v2\/posts"}],"about":[{"href":"https:\/\/webciudadana.net\/index.php?rest_route=\/wp\/v2\/types\/post"}],"author":[{"embeddable":true,"href":"https:\/\/webciudadana.net\/index.php?rest_route=\/wp\/v2\/users\/1"}],"replies":[{"embeddable":true,"href":"https:\/\/webciudadana.net\/index.php?rest_route=%2Fwp%2Fv2%2Fcomments&post=61174"}],"version-history":[{"count":0,"href":"https:\/\/webciudadana.net\/index.php?rest_route=\/wp\/v2\/posts\/61174\/revisions"}],"wp:attachment":[{"href":"https:\/\/webciudadana.net\/index.php?rest_route=%2Fwp%2Fv2%2Fmedia&parent=61174"}],"wp:term":[{"taxonomy":"category","embeddable":true,"href":"https:\/\/webciudadana.net\/index.php?rest_route=%2Fwp%2Fv2%2Fcategories&post=61174"},{"taxonomy":"post_tag","embeddable":true,"href":"https:\/\/webciudadana.net\/index.php?rest_route=%2Fwp%2Fv2%2Ftags&post=61174"}],"curies":[{"name":"wp","href":"https:\/\/api.w.org\/{rel}","templated":true}]}}