{"id":61212,"date":"2025-04-29T17:03:24","date_gmt":"2025-04-29T15:03:24","guid":{"rendered":"https:\/\/ticker-noticiasep.microcontenidos.com\/NoticiaRSS.vbhtml?user=FRND562DLP&amp;cod=20250429170324"},"modified":"2025-04-29T17:03:24","modified_gmt":"2025-04-29T15:03:24","slug":"sociedad-ceoma-pide-un-plan-especifico-de-prevencion-para-personas-mayores-y-que-la-ume-actue-antes-en-emergencias","status":"publish","type":"post","link":"https:\/\/webciudadana.net\/?p=61212","title":{"rendered":"Sociedad: CEOMA pide un plan espec\u00edfico de prevenci\u00f3n para personas mayores y que la UME act\u00fae antes en emergencias"},"content":{"rendered":"\n<p>(Informaci\u00f3n remitida por la empresa firmante)<\/p>\n<p>\nLa entidad asegura que \u00abse reaccion\u00f3 tarde\u00bb y que de la pandemia \u00abse ha aprendido poco\u00bb acerca de las necesidades de los mayores.<\/p>\n<p> Madrid, 29 de abril de 2025.- La Confederaci\u00f3n Espa\u00f1ola de Organizaciones de Mayores (CEOMA) ha pedido hoy un plan espec\u00edfico de prevenci\u00f3n para las personas mayores, tanto las que viven en sus casas como en residencias, para hacer frente a situaciones de emergencia como las que se produjeron ayer durante el apag\u00f3n general que afect\u00f3 a Espa\u00f1a y otros pa\u00edses europeos.<\/p>\n<p> El presidente de la Confederaci\u00f3n, Jos\u00e9 Luis Fern\u00e1ndez Santillana, ha lamentado que \u00abse reaccionara tarde\u00bb y que de la pandemia \u00abse haya aprendido poco\u00bb respecto a las necesidades muchas personas mayores. As\u00ed, ha abogado por \u00abcambiar protocolos que son demasiado lentos\u00bb y ha reclamado que, en caso de emergencia, la Unidad Militar de Emergencias (UME) \u00abact\u00fae antes\u00bb para poder \u00abrescatar a gente que no puede salir de casa o que ha salido y no puede volver a entrar\u00bb en su domicilio.<\/p>\n<p> Fern\u00e1ndez Santillana ha recordado que hay personas \u00aben casas con un respirador\u00bb o que \u00abprecisan de una atenci\u00f3n espec\u00edfica\u00bb, por lo que ha insistido en la necesidad de \u00abtenerlas localizadas desde los centros de atenci\u00f3n primaria para actuar cuando antes y trasladarlas a un hospital\u00bb. \u00abTambi\u00e9n hay que pensar en las personas con discapacidades auditivas o visuales, sobre c\u00f3mo podemos informarlas de lo que est\u00e1 sucediendo si no hay conexiones\u00bb, ha a\u00f1adido.<\/p>\n<p> En el caso de las residencias, ha apuntado que deber\u00eda ser una condici\u00f3n indispensable para poder funcionar el disponer de grupos electr\u00f3genos. Adem\u00e1s, ha a\u00f1adido que \u00abes prematuro todav\u00eda, pero habr\u00e1 que ver c\u00f3mo se realiz\u00f3 el transporte de los centros de d\u00eda a los domicilios\u00bb de muchas personas mayores.<\/p>\n<p> El presidente de CEOMA ha se\u00f1alado que en situaciones como la del apag\u00f3n \u00abtoda la poblaci\u00f3n sufre\u00bb, pero \u00abafecta a\u00fan m\u00e1s a las personas fr\u00e1giles y a las que tienen dificultades de movilidad o alguna discapacidad\u00bb.<\/p>\n<p> Confederaci\u00f3n Espa\u00f1ola de Organizaciones de Mayores.<\/p>\n<p> CEOMA es una entidad sin \u00e1nimo de lucro creada para la defensa de los derechos de las personas mayores. Representa a 26 organizaciones de mayores de las distintas Comunidades Aut\u00f3nomas, con m\u00e1s de 800.000 socios de base y m\u00e1s de 1.500 Asociaciones. M\u00e1s informaci\u00f3n: www.CEOMA.org.<\/p>\n<p>\nCelia Moreno Garrido.<\/p>\n<p>\nCoordinadora General.<\/p>\n<p>\nResponsable de Comunicaci\u00f3n e Imagen Institucional. celiamoreno@CEOMA.org.<\/p>\n<p>\nC\/ Fernando el Cat\u00f3lico, 10 &#8211; Local 7 28015 MADRID.<\/p>\n<p>\nM\u00f3vil: 626 170 705 Tel.: 91 557 25 56.<\/p>\n<p> \u00c0gata Sala.<\/p>\n<p>\nEuropa Press Comunicaci\u00f3n.<\/p>\n<p>\nagatasala@europapress.es.<\/p>\n<p>\n600 90 55 38. <\/p>\n","protected":false},"excerpt":{"rendered":"<p>(Informaci\u00f3n remitida por la empresa firmante) La entidad asegura que \u00abse reaccion\u00f3 tarde\u00bb y que de la pandemia \u00abse ha aprendido poco\u00bb acerca de las necesidades de los mayores. Madrid, 29 de abril de 2025.- La Confederaci\u00f3n Espa\u00f1ola de Organizaciones de Mayores (CEOMA) ha pedido hoy un plan espec\u00edfico de prevenci\u00f3n para las personas mayores, [&hellip;]<\/p>\n","protected":false},"author":1,"featured_media":0,"comment_status":"closed","ping_status":"closed","sticky":false,"template":"","format":"standard","meta":{"footnotes":""},"categories":[2],"tags":[],"class_list":["post-61212","post","type-post","status-publish","format-standard","hentry","category-noticias"],"_links":{"self":[{"href":"https:\/\/webciudadana.net\/index.php?rest_route=\/wp\/v2\/posts\/61212","targetHints":{"allow":["GET"]}}],"collection":[{"href":"https:\/\/webciudadana.net\/index.php?rest_route=\/wp\/v2\/posts"}],"about":[{"href":"https:\/\/webciudadana.net\/index.php?rest_route=\/wp\/v2\/types\/post"}],"author":[{"embeddable":true,"href":"https:\/\/webciudadana.net\/index.php?rest_route=\/wp\/v2\/users\/1"}],"replies":[{"embeddable":true,"href":"https:\/\/webciudadana.net\/index.php?rest_route=%2Fwp%2Fv2%2Fcomments&post=61212"}],"version-history":[{"count":0,"href":"https:\/\/webciudadana.net\/index.php?rest_route=\/wp\/v2\/posts\/61212\/revisions"}],"wp:attachment":[{"href":"https:\/\/webciudadana.net\/index.php?rest_route=%2Fwp%2Fv2%2Fmedia&parent=61212"}],"wp:term":[{"taxonomy":"category","embeddable":true,"href":"https:\/\/webciudadana.net\/index.php?rest_route=%2Fwp%2Fv2%2Fcategories&post=61212"},{"taxonomy":"post_tag","embeddable":true,"href":"https:\/\/webciudadana.net\/index.php?rest_route=%2Fwp%2Fv2%2Ftags&post=61212"}],"curies":[{"name":"wp","href":"https:\/\/api.w.org\/{rel}","templated":true}]}}