{"id":61216,"date":"2025-04-29T18:47:07","date_gmt":"2025-04-29T16:47:07","guid":{"rendered":"https:\/\/ticker-noticiasep.microcontenidos.com\/NoticiaRSS.vbhtml?user=FRND562DLP&amp;cod=20250429184707"},"modified":"2025-04-29T18:47:07","modified_gmt":"2025-04-29T16:47:07","slug":"grupo-insur-incrementa-su-actividad-patrimonial-constructora-y-comercial-en-el-primer-trimestre-del-ano","status":"publish","type":"post","link":"https:\/\/webciudadana.net\/?p=61216","title":{"rendered":"Grupo Insur incrementa su actividad patrimonial, constructora y comercial en el primer trimestre del a\u00f1o"},"content":{"rendered":"\n<div><img decoding=\"async\" src=\"https:\/\/img.europapress.es\/fotoweb\/fotonoticia_20250429184707_300.jpg\" class=\"ff-og-image-inserted\"><\/div>\n<p>(Informaci\u00f3n remitida por la empresa firmante)<\/p>\n<p>\nGrupo Insur incrementa su actividad patrimonial, constructora y comercial pese a reducir un 17% su cifra de negocio trimestral<\/p>\n<p>\n-La cifra de negocio se sit\u00faa en 30 millones de euros, un descenso originado por las actividades de promoci\u00f3n (-42,7%) y de gesti\u00f3n (-6,8%) mientras que el ebitda y el resultado de explotaci\u00f3n se reducen en un 35,3% y un 25,2% con respecto al mismo periodo del a\u00f1o anterior<\/p>\n<p>\n-Suben las cifras de negocio de la actividad patrimonial (+7,3%) y de construcci\u00f3n (+76,5%) y obtiene un excelente desempe\u00f1o comercial, registrando uno de los mejores datos en un solo trimestre, con un aumento de preventas formalizadas del 107%.<\/p>\n<p> Sevilla\/Madrid, 29 de abril de 2025. \u2013Grupo Insur sit\u00faa su cifra de negocio en 30 millones de euros durante el primer trimestre de 2025, un 17% inferior con respecto al mismo periodo del a\u00f1o anterior.<\/p>\n<p> El descenso se debe principalmente a una bajada del 42,7% en las &#8216;actividades de promoci\u00f3n&#8217; y un descenso del 6,8% en la*actividad de gesti\u00f3n.<\/p>\n<p> Grupo Insur ha registrado que la cifra de negocio de la actividad de promoci\u00f3n en el primer trimestre de 2024 fue excepcionalmente buena por la entrega en ese periodo de parte de las viviendas que quedaron pendientes de entrega en el cuarto trimestre de 2023 de promociones en Madrid y que la menor cifra de negocio de la actividad de promoci\u00f3n mejorar\u00e1 sensiblemente como consecuencia del importante volumen de entregas previsto en la segunda mitad del ejercicio.<\/p>\n<p> Por su parte el*ebitda*y el*resultado de explotaci\u00f3n*se sit\u00faan en 4,7 millones de euros, un 35,3% y un 25,2% inferior respecto al mismo trimestre de 2024.<\/p>\n<p> Subidas en actividad patrimonial, construcci\u00f3n y preventivas<\/p>\n<p>\nLas cifras de negocios de la*actividad patrimonial*y de*construcci\u00f3n*han registrado importantes aumentos del 7,3% y del 76,5%, hasta alcanzar los 4,8 millones de euros y los 9,8 millones de euros respectivamente.<\/p>\n<p> La*actividad patrimonial*ha mostrado un s\u00f3lido comportamiento al aumentar la tasa de ocupaci\u00f3n en 0,6 puntos porcentuales, hasta una cifra r\u00e9cord del 94,1% ya que se ha conseguido incrementar la renta anualizada de los contratos en vigor hasta los 19,5 millones de euros (+1,0% vs cierre de 2024), aumento motivado por las nuevas contrataciones y el incremento de los precios de arrendamiento.<\/p>\n<p> Asimismo, el Grupo ha tenido un extraordinario*desempe\u00f1o comercial*, registrando uno de los mejores datos en un solo trimestre, con nuevas*preventivas*formalizadas*por importaci\u00f3n de 68,1 millones de euros (+107,2%; +86,7% en proporcional) que permiten registrar una importaci\u00f3n global de*preventivas*acumuladas*al cierre del primer trimestre del a\u00f1o de 344,7 millones de euros (+17,7%; +15,8% en proporcional). Adem\u00e1s, el ritmo de preventivas proporciona una alta visibilidad de los ingresos futuros de la Compa\u00f1\u00eda, al situarse la cobertura de preventivas para los ejercicios 2025 y 2026 en el 91,6% y el 44,0%, respectivamente.<\/p>\n<p> Adem\u00e1s, el*banco de suelo*ha alcanzado las 3.806 viviendas y durante el trimestre se han iniciado las obras para 95 viviendas nuevas, elevando el n\u00famero total de viviendas en construcci\u00f3n hasta las 985 unidades, junto a los 3 edificios de oficinas en construcci\u00f3n con una edificabilidad de 30.390 metros cuadrados de techo. Grupo Insur, adem\u00e1s, dispone de 866 viviendas pendientes de inicio de construcci\u00f3n, 825 en dise\u00f1o, 44 terminadas y otras 1.086 en cartera.<\/p>\n<p> Por \u00faltimo, el*valor bruto de los activos GAV*ha alcanzado los 616,9 millones de euros, un 2,8% superior al cierre de 2024 y la*deuda financiera neta*se ha situado en 218,9 millones de euros, un 9,5% superior al cierre de 2024.<\/p>\n<p> En consecuencia, el*valor de los activos netos de deuda o NAV*se ha situado en 398 millones de euros, con un ligero descenso del 0,5%. Por su parte, la*relaci\u00f3n entre deuda financiera neta y valor bruto de los activos o LTV,*se sit\u00faa en el 35,5%; 2,2 puntos porcentuales superiores al cierre del ejercicio 2024.<\/p>\n<p> Acerca de Grupo Insur<\/p>\n<p>\nGrupo Insur es un grupo inmobiliario patrimonialista y promotor cotizado, con m\u00e1s de 75 a\u00f1os comprometidos con las personas, la integridad, la innovaci\u00f3n y el medioambiente, creando valor para todos sus grupos de inter\u00e9s.<\/p>\n<p> Es l\u00edder en gesti\u00f3n de inmuebles en Andaluc\u00eda con una cartera patrimonial de 118.000 metros cuadrados entre oficinas, hoteles y locales comerciales y 3.000 plazas de aparcamiento. En su actividad de promoci\u00f3n, cuenta con una cartera de 3.806 viviendas en las zonas prime de Andaluc\u00eda y Madrid y 98.385 metros cuadrados de proyectos de promoci\u00f3n terciaria, de los que 66.890 metros cuadrados est\u00e1n en desarrollo y tres de ellos, los proyectos de oficinas \u00c1gora y Noa en M\u00e1laga, y Elever en Madrid (Las Tablas) est\u00e1n en construcci\u00f3n.<\/p>\n<p> Cuenta con un modelo de negocio diferencial con el que contribuye a la creaci\u00f3n de proyectos de vida, inspirando y mejorando el bienestar de las personas.<\/p>\n<p> M\u00e1s informaci\u00f3n en*grupoinsur.com.<\/p>\n<p> Contacto de Prensa:<\/p>\n<p>\nManuel Recio<\/p>\n<p>\nmanuelrecio@europapress.es<\/p>\n<p>\nSandra Delgado<\/p>\n<p>\nsandradelgado@europapress.es<\/p>\n<p>\nLeopoldo Eduardo Alonso Llofriu<\/p>\n<p>\nleopoldoalonso@europapress.es<\/p>\n<p>\nEmisor: Grupo Insur<\/p>\n","protected":false},"excerpt":{"rendered":"<p>(Informaci\u00f3n remitida por la empresa firmante) Grupo Insur incrementa su actividad patrimonial, constructora y comercial pese a reducir un 17% su cifra de negocio trimestral -La cifra de negocio se sit\u00faa en 30 millones de euros, un descenso originado por las actividades de promoci\u00f3n (-42,7%) y de gesti\u00f3n (-6,8%) mientras que el ebitda y el [&hellip;]<\/p>\n","protected":false},"author":1,"featured_media":0,"comment_status":"closed","ping_status":"closed","sticky":false,"template":"","format":"standard","meta":{"footnotes":""},"categories":[2],"tags":[],"class_list":["post-61216","post","type-post","status-publish","format-standard","hentry","category-noticias"],"_links":{"self":[{"href":"https:\/\/webciudadana.net\/index.php?rest_route=\/wp\/v2\/posts\/61216","targetHints":{"allow":["GET"]}}],"collection":[{"href":"https:\/\/webciudadana.net\/index.php?rest_route=\/wp\/v2\/posts"}],"about":[{"href":"https:\/\/webciudadana.net\/index.php?rest_route=\/wp\/v2\/types\/post"}],"author":[{"embeddable":true,"href":"https:\/\/webciudadana.net\/index.php?rest_route=\/wp\/v2\/users\/1"}],"replies":[{"embeddable":true,"href":"https:\/\/webciudadana.net\/index.php?rest_route=%2Fwp%2Fv2%2Fcomments&post=61216"}],"version-history":[{"count":0,"href":"https:\/\/webciudadana.net\/index.php?rest_route=\/wp\/v2\/posts\/61216\/revisions"}],"wp:attachment":[{"href":"https:\/\/webciudadana.net\/index.php?rest_route=%2Fwp%2Fv2%2Fmedia&parent=61216"}],"wp:term":[{"taxonomy":"category","embeddable":true,"href":"https:\/\/webciudadana.net\/index.php?rest_route=%2Fwp%2Fv2%2Fcategories&post=61216"},{"taxonomy":"post_tag","embeddable":true,"href":"https:\/\/webciudadana.net\/index.php?rest_route=%2Fwp%2Fv2%2Ftags&post=61216"}],"curies":[{"name":"wp","href":"https:\/\/api.w.org\/{rel}","templated":true}]}}