{"id":61225,"date":"2025-04-30T11:48:52","date_gmt":"2025-04-30T09:48:52","guid":{"rendered":"https:\/\/ticker-noticiasep.microcontenidos.com\/NoticiaRSS.vbhtml?user=FRND562DLP&amp;cod=20250430114852"},"modified":"2025-04-30T11:48:52","modified_gmt":"2025-04-30T09:48:52","slug":"feria-de-abril-precios-elevados-estancias-cortas-y-mucha-planificacion","status":"publish","type":"post","link":"https:\/\/webciudadana.net\/?p=61225","title":{"rendered":"Feria de Abril: precios elevados, estancias cortas y mucha planificaci\u00f3n"},"content":{"rendered":"\n<div><img decoding=\"async\" src=\"https:\/\/img.europapress.es\/fotoweb\/fotonoticia_20250430114852_300.jpg\" class=\"ff-og-image-inserted\"><\/div>\n<p>(Informaci\u00f3n remitida por la empresa firmante)<\/p>\n<p>\n-La ciudad registra una alta tarifa media por noche hotelera, alcanzando los 270 \u20ac, una cifra que est\u00e1 \u201cmuy por encima\u201d de la media nacional habitual para estas fechas<\/p>\n<p>\n-Los turistas son bastante previsores y planifican con m\u00e1s de 60 d\u00edas de antelaci\u00f3n sus viajes a la capital andaluza y optan por escapadas breves con una media de 1,53 noches por reserva<\/p>\n<p>\nBarcelona, 30 de abril de 2025. La ciudad de Sevilla se viste de gala durante los d\u00edas de la Feria de Abril, que este a\u00f1o se celebra del 6 al 11 de mayo. Espect\u00e1culos de caballos, m\u00fasica, sevillanas y el mejor vino atraen a multitudes de todo el mundo, convirtiendo a la ciudad hispalense en uno de los principales destinos tur\u00edsticos espa\u00f1oles. As\u00ed los confirma la plataforma ATR\u00c1PALO, que ha recogido los datos de precios y ocupaci\u00f3n media por estas fechas.<\/p>\n<p>\n\u201cLos datos extra\u00eddos muestran que la Feria de Abril est\u00e1 consolidada como un atractivo tur\u00edstico con una combinaci\u00f3n de precio elevado, estancias cortas y amplia previsi\u00f3n a la hora de reservar por parte de los visitantes\u201d, seg\u00fan explica Roberto Ramos director de Producto y Operaciones de ATR\u00c1PALO.<\/p>\n<p> La ciudad registra una alta tarifa media por noche hotelera alcanzando los 270 \u20ac, una cifra que est\u00e1 \u201cmuy por encima\u201d de la media nacional habitual para esta \u00e9poca del a\u00f1o. \u201cEste incremento confirma la alta demanda estacional y la disposici\u00f3n a pagar m\u00e1s durante unos de los eventos culturales m\u00e1s importantes del pa\u00eds\u201d, seg\u00fan Roberto Ramos.<\/p>\n<p> La Feria de Abril se consolida cada a\u00f1o como un destino cada vez m\u00e1s demandado. En este sentido, los turistas son bastante previsores y planifican con una media de 60,77 d\u00edas de antelaci\u00f3n sus viajes a la capital andaluza.<\/p>\n<p> Adem\u00e1s, los datos tambi\u00e9n muestran que los viajeros optan por escapadas breves con una media de 1,53 noches por reserva, lo que refuerza el patr\u00f3n de turismo de evento o viajes express asociados a este tipo de festividades.<\/p>\n<p> ATR\u00c1PALO, fundada en el a\u00f1o 2.000 y con sede en Barcelona, es una plataforma online dedicada a promocionar ofertas de viajes y experiencias. ATR\u00c1PALO ofrece entradas, hoteles, viajes, vuelos, trenes, escapadas, cruceros, actividades, alquiler de coches y cuenta con una divisi\u00f3n de viajes para empresas. Con m\u00e1s de 8 millones de usuarios y una facturaci\u00f3n superior a los 250 M\u20ac, ATR\u00c1PALO tiene presencia en Espa\u00f1a, Chile, Colombia, Per\u00fa y Argentina.<\/p>\n<p> Para m\u00e1s informaci\u00f3n y gesti\u00f3n de entrevistas:<\/p>\n<p>\n\u00c0gata Sala \/ Rub\u00e9n Marcos<\/p>\n<p>\nEuropa Press Comunicaci\u00f3n<\/p>\n<p>\nagatasala@europapress.es \/ rubenmarcos@europapress.es<\/p>\n<p>\nEmisor: Atr\u00e1palo<\/p>\n","protected":false},"excerpt":{"rendered":"<p>(Informaci\u00f3n remitida por la empresa firmante) -La ciudad registra una alta tarifa media por noche hotelera, alcanzando los 270 \u20ac, una cifra que est\u00e1 \u201cmuy por encima\u201d de la media nacional habitual para estas fechas -Los turistas son bastante previsores y planifican con m\u00e1s de 60 d\u00edas de antelaci\u00f3n sus viajes a la capital andaluza [&hellip;]<\/p>\n","protected":false},"author":1,"featured_media":0,"comment_status":"closed","ping_status":"closed","sticky":false,"template":"","format":"standard","meta":{"footnotes":""},"categories":[2],"tags":[],"class_list":["post-61225","post","type-post","status-publish","format-standard","hentry","category-noticias"],"_links":{"self":[{"href":"https:\/\/webciudadana.net\/index.php?rest_route=\/wp\/v2\/posts\/61225","targetHints":{"allow":["GET"]}}],"collection":[{"href":"https:\/\/webciudadana.net\/index.php?rest_route=\/wp\/v2\/posts"}],"about":[{"href":"https:\/\/webciudadana.net\/index.php?rest_route=\/wp\/v2\/types\/post"}],"author":[{"embeddable":true,"href":"https:\/\/webciudadana.net\/index.php?rest_route=\/wp\/v2\/users\/1"}],"replies":[{"embeddable":true,"href":"https:\/\/webciudadana.net\/index.php?rest_route=%2Fwp%2Fv2%2Fcomments&post=61225"}],"version-history":[{"count":0,"href":"https:\/\/webciudadana.net\/index.php?rest_route=\/wp\/v2\/posts\/61225\/revisions"}],"wp:attachment":[{"href":"https:\/\/webciudadana.net\/index.php?rest_route=%2Fwp%2Fv2%2Fmedia&parent=61225"}],"wp:term":[{"taxonomy":"category","embeddable":true,"href":"https:\/\/webciudadana.net\/index.php?rest_route=%2Fwp%2Fv2%2Fcategories&post=61225"},{"taxonomy":"post_tag","embeddable":true,"href":"https:\/\/webciudadana.net\/index.php?rest_route=%2Fwp%2Fv2%2Ftags&post=61225"}],"curies":[{"name":"wp","href":"https:\/\/api.w.org\/{rel}","templated":true}]}}