{"id":61226,"date":"2025-04-30T12:16:55","date_gmt":"2025-04-30T10:16:55","guid":{"rendered":"https:\/\/ticker-noticiasep.microcontenidos.com\/NoticiaRSS.vbhtml?user=FRND562DLP&amp;cod=20250430121655"},"modified":"2025-04-30T12:16:55","modified_gmt":"2025-04-30T10:16:55","slug":"el-impacto-en-las-ventas-de-atrapalo-fue-significativamente-menor-al-registrarse-en-lunes","status":"publish","type":"post","link":"https:\/\/webciudadana.net\/?p=61226","title":{"rendered":"El impacto en las ventas de ATR\u00c1PALO fue \u00absignificativamente menor\u00bb al registrarse en lunes"},"content":{"rendered":"\n<p>(Informaci\u00f3n remitida por la empresa firmante)<\/p>\n<p> A pesar de la grave situaci\u00f3n que se vivi\u00f3 en Espa\u00f1a, algunos usuarios pudieron completar sus compras antes de mediod\u00eda y reservar as\u00ed sus actividades o viajes con antelaci\u00f3n.<\/p>\n<p> Barcelona, 30 de abril de 2025. El impacto en las ventas de ATR\u00c1PALO durante el apag\u00f3n registrado en Espa\u00f1a y Portugal fue \u00absignificativamente menor\u00bb del que podr\u00eda haber sido si el incidente se hubiera producido un s\u00e1bado en lugar de un lunes, seg\u00fan el director de Producto y Operaciones de la plataforma, Roberto Ramos.<\/p>\n<p> Roberto Ramos ha destacado que los lunes \u00absuelen ser d\u00edas de menos actividad, por lo que el impacto ha sido menos importante que si el apag\u00f3n se hubiera registrado en fin de semana\u00bb.<\/p>\n<p> Durante la incidencia, el n\u00famero de pedidos en la plataforma se redujo un 46,51% respecto al lunes no festivo anterior y el coste total invertido disminuy\u00f3 un 42,72%. En cuanto al tr\u00e1fico en la plataforma, los usuarios activos cayeron un 59,75% y las sesiones descendieron un 64,01%.<\/p>\n<p> Tras el apag\u00f3n, la ca\u00edda de las compras se registr\u00f3 en todas las comunidades aut\u00f3nomas, pero especialmente en Madrid, donde se redujeron un 75,6%, en Andaluc\u00eda, con un descenso del 68,4%, y en Catalunya, donde disminuyeron un 64%.<\/p>\n<p> El director de Producto y Operaciones de la ATR\u00c1PALO ha celebrado que, a pesar de la grave situaci\u00f3n que se vivi\u00f3 en Espa\u00f1a, \u00abalgunos usuarios pudieron completar sus compras antes de mediod\u00eda y reservar as\u00ed sus actividades o viajes con antelaci\u00f3n\u00bb.<\/p>\n<p> ATR\u00c1PALO, fundada en el a\u00f1o 2.000 y con sede en Barcelona, es una plataforma online dedicada a promocionar ofertas de viajes y experiencias. ATR\u00c1PALO ofrece entradas, hoteles, viajes, vuelos, trenes, escapadas, cruceros, actividades, alquiler de coches y cuenta con una divisi\u00f3n de viajes para empresas. Con m\u00e1s de 8 millones de usuarios y una facturaci\u00f3n superior a los 250 Meuro, ATR\u00c1PALO tiene presencia en Espa\u00f1a, Chile, Colombia, Per\u00fa y Argentina.<\/p>\n<p>\nPara m\u00e1s informaci\u00f3n y gesti\u00f3n de entrevistas:,<\/p>\n<p>\n\u00c0gata Sala \/ Rub\u00e9n Marcos.<\/p>\n<p>\nEuropa Press Comunicaci\u00f3n.<\/p>\n<p>\nagatasala@europapress.es \/ rubenmarcos@europapress.es.<\/p>\n<p>\n600 90 55 38 \/ 600 90 54 74.<\/p>\n","protected":false},"excerpt":{"rendered":"<p>(Informaci\u00f3n remitida por la empresa firmante) A pesar de la grave situaci\u00f3n que se vivi\u00f3 en Espa\u00f1a, algunos usuarios pudieron completar sus compras antes de mediod\u00eda y reservar as\u00ed sus actividades o viajes con antelaci\u00f3n. Barcelona, 30 de abril de 2025. El impacto en las ventas de ATR\u00c1PALO durante el apag\u00f3n registrado en Espa\u00f1a y [&hellip;]<\/p>\n","protected":false},"author":1,"featured_media":0,"comment_status":"closed","ping_status":"closed","sticky":false,"template":"","format":"standard","meta":{"footnotes":""},"categories":[2],"tags":[],"class_list":["post-61226","post","type-post","status-publish","format-standard","hentry","category-noticias"],"_links":{"self":[{"href":"https:\/\/webciudadana.net\/index.php?rest_route=\/wp\/v2\/posts\/61226","targetHints":{"allow":["GET"]}}],"collection":[{"href":"https:\/\/webciudadana.net\/index.php?rest_route=\/wp\/v2\/posts"}],"about":[{"href":"https:\/\/webciudadana.net\/index.php?rest_route=\/wp\/v2\/types\/post"}],"author":[{"embeddable":true,"href":"https:\/\/webciudadana.net\/index.php?rest_route=\/wp\/v2\/users\/1"}],"replies":[{"embeddable":true,"href":"https:\/\/webciudadana.net\/index.php?rest_route=%2Fwp%2Fv2%2Fcomments&post=61226"}],"version-history":[{"count":0,"href":"https:\/\/webciudadana.net\/index.php?rest_route=\/wp\/v2\/posts\/61226\/revisions"}],"wp:attachment":[{"href":"https:\/\/webciudadana.net\/index.php?rest_route=%2Fwp%2Fv2%2Fmedia&parent=61226"}],"wp:term":[{"taxonomy":"category","embeddable":true,"href":"https:\/\/webciudadana.net\/index.php?rest_route=%2Fwp%2Fv2%2Fcategories&post=61226"},{"taxonomy":"post_tag","embeddable":true,"href":"https:\/\/webciudadana.net\/index.php?rest_route=%2Fwp%2Fv2%2Ftags&post=61226"}],"curies":[{"name":"wp","href":"https:\/\/api.w.org\/{rel}","templated":true}]}}