{"id":61256,"date":"2025-05-01T15:00:57","date_gmt":"2025-05-01T13:00:57","guid":{"rendered":"https:\/\/ticker-noticiasep.microcontenidos.com\/NoticiaRSS.vbhtml?user=FRND562DLP&amp;cod=20250501150057"},"modified":"2025-05-01T15:00:57","modified_gmt":"2025-05-01T13:00:57","slug":"mundo-tumi-celebra-la-nueva-coleccion-con-una-campana-protagonizada-por-lando-norris","status":"publish","type":"post","link":"https:\/\/webciudadana.net\/?p=61256","title":{"rendered":"Mundo: TUMI CELEBRA LA NUEVA COLECCI\u00d3N CON UNA CAMPA\u00d1A PROTAGONIZADA POR LANDO NORRIS"},"content":{"rendered":"\n<div><img decoding=\"async\" src=\"https:\/\/img.europapress.es\/fotoweb\/fotonoticia_20250501150057_300.jpg\" class=\"ff-og-image-inserted\"><\/div>\n<p>(Informaci\u00f3n remitida por la empresa firmante)<\/p>\n<p>\n&#8212; TUMI CELEBRA LA NUEVA COLECCI\u00d3N 19 DEGREE LITE CON UNA CAMPA\u00d1A PROTAGONIZADA POR LANDO NORRIS, EMBAJADOR MUNDIAL DE LA MARCA<\/p>\n<p>\nLa marca presenta la segunda parte de una campa\u00f1a de varios cap\u00edtulos para destacar la colecci\u00f3n r\u00edgida m\u00e1s ligera de TUMI hasta el momento<\/p>\n<p>\nNUEVA YORK, 1 de mayo de 2025\/PRNewswire\/ &#8212; La marca internacional de viajes y estilo de vida TUMI presenta hoy 19 Degree Lite con el segundo cap\u00edtulo de la campa\u00f1a \u00abUncompromisingly Light\u00bb, protagonizada por Lando Norris, embajador global de la marca TUMI desde hace a\u00f1os y piloto del renombrado equipo de F\u00f3rmula 1 McLaren.<\/p>\n<p> En esta din\u00e1mica campa\u00f1a que presenta la nueva colecci\u00f3n, TUMI profundiza en la sensaci\u00f3n de ligereza que inspira 19 Degree Lite. La meticulosa atenci\u00f3n al detalle de la marca, desde ruedas dobles m\u00e1s ligeras hasta cremalleras ultraligeras, permite a Lando moverse con facilidad.<\/p>\n<p> \u00abTrabajar y viajar con TUMI siempre es incre\u00edble, y esta campa\u00f1a hizo que mi primer viaje al Lago Como fuera inolvidable\u00bb, explic\u00f3 Lando Norris. \u00abDisfrut\u00e9 explorando el hermoso paisaje con 19 Degree Lite a mi lado; es una experiencia que no olvidar\u00e9 f\u00e1cilmente\u00bb.<\/p>\n<p> Dirigida por Keane Pearce Shaw y fotografiada por Emma Panchot, la campa\u00f1a se film\u00f3 en el Lago Como y cobr\u00f3 vida a trav\u00e9s de la experiencia y perspectiva personal de Lando. Mientras exploraba la ic\u00f3nica Villa Erba y se mov\u00eda por calles adoquinadas, el v\u00eddeo captura el movimiento fluido del 19 Degree Lite, evocando la libertad y la agilidad de estar al volante.<\/p>\n<p> \u00ab19 Degree Lite representa nuestra continua dedicaci\u00f3n a la creaci\u00f3n de productos que acompa\u00f1en a nuestros clientes con naturalidad en sus viajes\u00bb, afirm\u00f3 el director creativo V\u00edctor Sanz. \u00abComo piloto campe\u00f3n con una pasi\u00f3n inigualable por la precisi\u00f3n y el dise\u00f1o, Lando era la elecci\u00f3n perfecta para el segundo cap\u00edtulo de nuestra campa\u00f1a. Verlo interactuar con nuestros productos es cautivador: su facilidad y agilidad en los movimientos es un testimonio de la fluidez natural, la facilidad din\u00e1mica y el control que demuestra constantemente tanto dentro como fuera de la pista\u00bb.<\/p>\n<p> La colecci\u00f3n incluye dos maletas grandes: la maleta de 4 ruedas para viajes largos y la maleta de 4 ruedas para viajes cortos, y dos maletas de mano: la maleta de 4 ruedas internacional y la maleta de 4 ruedas continental. Disponible en los colores principales: rubor, gris titanio y negro grafito; y en dos colores de temporada: \u00e1mbar y cobalto, la nueva colecci\u00f3n tiene un precio que oscila entre los 795 y los 995 d\u00f3lares estadounidenses.<\/p>\n<p> Junto con 19 Degree Lite, la campa\u00f1a presenta la codiciada colaboraci\u00f3n TUMI | McLaren en un nuevo y novedoso color, Super Grey, inspirado en el tono m\u00e1s vendido de McLaren, Supernova Silver. Otros dise\u00f1os incluidos provienen de las ic\u00f3nicas colecciones de TUMI: Harrison, Alpha Bravo y Turin.<\/p>\n<p> La incorporaci\u00f3n m\u00e1s ligera al universo de 19 Degree, 19 Degree Lite, ya est\u00e1 disponible en las tiendas TUMI de todo el mundo y en TUMI.com. No se pierda el contenido exclusivo behind the scenes de la campa\u00f1a en las redes sociales de @TUMITravel.<\/p>\n<p> Acerca de TUMI<\/p>\n<p>\nDesde 1975, TUMI ha creado art\u00edculos esenciales de lujo de primera clase para profesionales, viajes y alto rendimiento, dise\u00f1ados para mejorar, simplificar y embellecer todos los aspectos de la vida en movimiento. Combinando una funcionalidad impecable con un esp\u00edritu de ingenio, nos comprometemos a impulsar los viajes como un compa\u00f1ero de por vida para quienes se mudan y crean, en busca de sus pasiones. Para m\u00e1s informaci\u00f3n sobre TUMI, visita TUMI.com y s\u00edguenos en Instagram, TikTok, Facebook y YouTube.<\/p>\n<p> TUMI y el logo de TUMI son marcas comerciales registradas de Tumi, Inc. \u00a9 2025 Tumi, Inc.<\/p>\n<p> Contactos de medios de TUMI<\/p>\n<p>\nJerad Hulse \u2013 jerad.hulse@tumi.com<\/p>\n<p>\nLogo &#8212; https:\/\/mma.prnewswire.com\/media\/2423872\/TUMI_BLACK_Logo.jpg<\/p>\n<p>\nFoto &#8212; https:\/\/mma.prnewswire.com\/media\/2669384\/Lando_Norris_with_Product.jpg<\/p>\n<p> View original content:https:\/\/www.prnewswire.com\/news-releases\/tumi-celebra-la-nueva-coleccion-con-una-campana-protagonizada-por-lando-norris-302441365.html<\/p>\n","protected":false},"excerpt":{"rendered":"<p>(Informaci\u00f3n remitida por la empresa firmante) &#8212; TUMI CELEBRA LA NUEVA COLECCI\u00d3N 19 DEGREE LITE CON UNA CAMPA\u00d1A PROTAGONIZADA POR LANDO NORRIS, EMBAJADOR MUNDIAL DE LA MARCA La marca presenta la segunda parte de una campa\u00f1a de varios cap\u00edtulos para destacar la colecci\u00f3n r\u00edgida m\u00e1s ligera de TUMI hasta el momento NUEVA YORK, 1 de [&hellip;]<\/p>\n","protected":false},"author":1,"featured_media":0,"comment_status":"closed","ping_status":"closed","sticky":false,"template":"","format":"standard","meta":{"footnotes":""},"categories":[2],"tags":[],"class_list":["post-61256","post","type-post","status-publish","format-standard","hentry","category-noticias"],"_links":{"self":[{"href":"https:\/\/webciudadana.net\/index.php?rest_route=\/wp\/v2\/posts\/61256","targetHints":{"allow":["GET"]}}],"collection":[{"href":"https:\/\/webciudadana.net\/index.php?rest_route=\/wp\/v2\/posts"}],"about":[{"href":"https:\/\/webciudadana.net\/index.php?rest_route=\/wp\/v2\/types\/post"}],"author":[{"embeddable":true,"href":"https:\/\/webciudadana.net\/index.php?rest_route=\/wp\/v2\/users\/1"}],"replies":[{"embeddable":true,"href":"https:\/\/webciudadana.net\/index.php?rest_route=%2Fwp%2Fv2%2Fcomments&post=61256"}],"version-history":[{"count":0,"href":"https:\/\/webciudadana.net\/index.php?rest_route=\/wp\/v2\/posts\/61256\/revisions"}],"wp:attachment":[{"href":"https:\/\/webciudadana.net\/index.php?rest_route=%2Fwp%2Fv2%2Fmedia&parent=61256"}],"wp:term":[{"taxonomy":"category","embeddable":true,"href":"https:\/\/webciudadana.net\/index.php?rest_route=%2Fwp%2Fv2%2Fcategories&post=61256"},{"taxonomy":"post_tag","embeddable":true,"href":"https:\/\/webciudadana.net\/index.php?rest_route=%2Fwp%2Fv2%2Ftags&post=61256"}],"curies":[{"name":"wp","href":"https:\/\/api.w.org\/{rel}","templated":true}]}}